{"id":99732,"date":"2020-10-24T06:00:14","date_gmt":"2020-10-24T04:00:14","guid":{"rendered":"https:\/\/semmelweis.hu\/hirek\/?p=99732"},"modified":"2020-12-10T09:43:01","modified_gmt":"2020-12-10T08:43:01","slug":"szenior-akademia-az-urologia-kutatasi-es-klinikumi-tapasztalatai","status":"publish","type":"post","link":"https:\/\/semmelweis.hu\/hirek\/2020\/10\/24\/szenior-akademia-az-urologia-kutatasi-es-klinikumi-tapasztalatai\/","title":{"rendered":"Szenior Akad\u00e9mia \u2013 az urol\u00f3gia kutat\u00e1si \u00e9s klinikumi tapasztalatai"},"content":{"rendered":"<div class=\"lead\">A Szenior Akad\u00e9mia 2020-as \u0151szi online szemeszter\u00e9nek harmadik alkalm\u00e1n az urol\u00f3gia kutat\u00e1si \u00e9s klinikumi tapasztalataival ismerkedhettek meg az \u00e9rdekl\u0151d\u0151k. Dr. Nyir\u00e1dy P\u00e9ter, a Semmelweis Egyetem Urol\u00f3giai Klinik\u00e1j\u00e1nak igazgat\u00f3ja el\u0151ad\u00e1s\u00e1ban ismertette az urol\u00f3gia leggyakoribb megbeteged\u00e9seit \u00e9s kezel\u00e9si m\u00f3djait, k\u00fcl\u00f6n kit\u00e9rve a vese, a h\u00fagyh\u00f3lyag \u00e9s a prosztata legmodernebb diagnosztikai elj\u00e1r\u00e1saira \u00e9s ter\u00e1pi\u00e1s m\u00f3djaira.<\/div>\n<p>Dr. Nyir\u00e1dy P\u00e9ter, az Urol\u00f3giai Klinika igazgat\u00f3ja \u201eA kutat\u00e1st\u00f3l a klinikumig az urol\u00f3gi\u00e1ban\u201d c\u00edm\u0171 el\u0151ad\u00e1sa kezdet\u00e9n felh\u00edvta a figyelmet: az int\u00e9zm\u00e9ny \u00e9pp id\u00e9n \u00fcnnepli 100 \u00e9ves sz\u00fclet\u00e9snapj\u00e1t, ezzel ez Eur\u00f3pa legid\u0151sebb ilyen klinik\u00e1ja. \u201eAz urol\u00f3gia a vizeletkiv\u00e1laszt\u00f3, \u00e9s a f\u00e9rfi k\u00fcls\u0151-bels\u0151 nemi szerveknek a gy\u00f3gy\u00e1szata, seb\u00e9szete. Mi vagyunk a v\u00edzvezet\u00e9kszerel\u0151k: pr\u00f3b\u00e1ljuk a vizet cs\u00f6p\u00f6g\u00e9s eset\u00e9n el\u00e1ll\u00edtani, ha pedig nem megy, akkor elind\u00edtani\u201d \u2013 fogalmazott az igazgat\u00f3, majd el\u0151ad\u00e1s\u00e1ban t\u00f6rt\u00e9neti \u00e1ttekint\u00e9st adott nemcsak az urol\u00f3gia tudom\u00e1ny\u00e1g\u00e1nak el\u0151zm\u00e9nyeir\u0151l, de a magyar urol\u00f3gia t\u00f6rt\u00e9net\u00e9r\u0151l is: az egyetem el\u0151dint\u00e9zm\u00e9nye, a Budapesti kir\u00e1lyi magyar Tudom\u00e1nyegyetemen urol\u00f3giai klinik\u00e1j\u00e1t 1920-ban alap\u00edtott\u00e1k a Szent R\u00f3kus K\u00f3rh\u00e1zban; az int\u00e9zm\u00e9nyt \u00e9ppen id\u00e9n csatolt\u00e1k vissza a Semmelweis Egyetemhez. Egy 1921-es dokumentum bizony\u00edtja, hogy az urol\u00f3gia m\u00e1r ekkor szerepelt az el\u0151dint\u00e9zm\u00e9ny tanrendj\u00e9ben. \u201eK\u00f6r\u00fclbel\u00fcl 100 \u00e9vvel megel\u0151zt\u00fck Eur\u00f3p\u00e1t, de sajnos ma is vannak olyan eur\u00f3pai orvostudom\u00e1nyi egyetemek, ahol az urol\u00f3gia nem k\u00f6telez\u0151 tant\u00e1rgy\u201d \u2013 mutatott r\u00e1 dr. Nyir\u00e1dy P\u00e9ter.<\/p>\n<p><img loading=\"lazy\" decoding=\"async\" class=\"aligncenter size-full wp-image-99734\" src=\"https:\/\/semmelweis.hu\/hirek\/files\/2020\/10\/RS93258_IMG_0479-scr.jpg\" alt=\"\" width=\"950\" height=\"601\" srcset=\"https:\/\/semmelweis.hu\/hirek\/files\/2020\/10\/RS93258_IMG_0479-scr.jpg 950w, https:\/\/semmelweis.hu\/hirek\/files\/2020\/10\/RS93258_IMG_0479-scr-400x253.jpg 400w, https:\/\/semmelweis.hu\/hirek\/files\/2020\/10\/RS93258_IMG_0479-scr-900x569.jpg 900w, https:\/\/semmelweis.hu\/hirek\/files\/2020\/10\/RS93258_IMG_0479-scr-768x486.jpg 768w, https:\/\/semmelweis.hu\/hirek\/files\/2020\/10\/RS93258_IMG_0479-scr-753x476.jpg 753w\" sizes=\"auto, (max-width: 950px) 100vw, 950px\" \/>Ezt k\u00f6vet\u0151en az Urol\u00f3giai Klinika igazgat\u00f3ja prezent\u00e1ci\u00f3j\u00e1ban bemutatta a tudom\u00e1nyter\u00fclet klinikai alkalmaz\u00e1sait, \u00edgy p\u00e9ld\u00e1ul a ves\u00e9vel el\u0151fordul\u00f3 leggyakoribb betegpanaszokat is. Mint elmondta, a vesedaganatban szenved\u0151k 70%-a t\u00fcnetmentes, azaz a klasszikus tri\u00e1sz \u2013 v\u00e9rvizel\u00e9s, f\u00e1jdalom, tapinthat\u00f3 hasi duzzanat \u2013 ritk\u00e1n fordul el\u0151 ezekn\u00e9l a p\u00e1ciensekn\u00e9l. A betegs\u00e9g m\u0171t\u00e9ti kezel\u00e9s\u00e9nek h\u00e1rom m\u00f3dja is el\u00e9rhet\u0151: ny\u00edlt, laparoszk\u00f3pos \u00e9s robot-assziszt\u00e1lt beavatkoz\u00e1s seg\u00edts\u00e9g\u00e9vel sz\u00f3ba j\u00f6het a vesedaganat, a vese, a tumortrombus vagy az \u00e1tt\u00e9tek elt\u00e1vol\u00edt\u00e1sa is. Ezt k\u00f6vet\u0151en a vesek\u0151-betegs\u00e9get, annak diagnosztikai \u00e9s kezel\u00e9si m\u00f3djait ismertette, szeml\u00e9letes p\u00e9ld\u00e1kkal bemutatva a k\u00fcl\u00f6nb\u00f6z\u0151 k\u00e9palkot\u00f3 megold\u00e1sokat \u00e9s seb\u00e9szeti elj\u00e1r\u00e1sokat is. \u201eVesek\u0151 eset\u00e9n arra kell t\u00f6rekedni, hogy nem felt\u00e9tlen\u00fcl a legkev\u00e9sb\u00e9 invaz\u00edv, hanem a legc\u00e9lravezet\u0151bb \u00e9s leghat\u00e9konyabb m\u00f3dszert v\u00e1lasszuk betegeink kezel\u00e9s\u00e9re\u201d \u2013 emelte ki az igazgat\u00f3.<\/p>\n<div class=\"keretes\"><span style=\"font-size: 1rem\">Dr. Nyir\u00e1dy P\u00e9ter urol\u00f3gus, androl\u00f3gus szakorvos, egyetemi tan\u00e1r, a Semmelweis Egyetem Urol\u00f3giai Klinik\u00e1j\u00e1nak, valamint a Szak- \u00e9s Tov\u00e1bbk\u00e9pz\u00e9si K\u00f6zpontj\u00e1nak igazgat\u00f3ja. A szegedi Szent-Gy\u00f6rgyi Albert Orvostudom\u00e1nyi Egyetemen v\u00e9gzett, PhD-j\u00e1t a Semmelweis Egyetemen szerezte. 1996 \u00e9s 2000 k\u00f6z\u00f6tt 10 alkalommal vett r\u00e9szt az Eur\u00f3pai Gyermekurol\u00f3gus T\u00e1rsas\u00e1g (ESPU) legrangosabb gyermekurol\u00f3giai kongresszus\u00e1n szerz\u0151k\u00e9nt, t\u00e1rsszerz\u0151k\u00e9nt poszterrel, illetve el\u0151ad\u00e1ssal. 2000 \u00f3ta minden \u00e9vben r\u00e9szt vesz az Eur\u00f3pai Urol\u00f3gus T\u00e1rsas\u00e1g (EAU) kongresszusain el\u0151ad\u00e1ssal vagy poszterrel. Az EU-ACME (Academic Continued Medical Education) vezet\u0151s\u00e9gi tagja, az EBU (European Board of Urology) akkredit\u00e1lt tagja, hazai szakmai koll\u00e9giumok \u00e9s t\u00e1rsas\u00e1gok vezet\u0151s\u00e9gi tagja, k\u00f6zt\u00fck a Magyar Uroonkol\u00f3giai T\u00e1rsas\u00e1gnak \u00e9s a Magyar Urol\u00f3gusok T\u00e1rsas\u00e1g\u00e1nak is. Sz\u00e1mos d\u00edj, k\u00f6zt\u00fck a Babics Antal-d\u00edj \u00e9s a Richter publik\u00e1ci\u00f3s p\u00e1lyad\u00edj nyertese.<\/span><\/div>\n<p>A h\u00fagyh\u00f3lyaggal kapcsolatos egyik legt\u00f6bbsz\u00f6r el\u0151fordul\u00f3 probl\u00e9mak\u00e9nt eml\u00edtette a h\u00fagyh\u00f3lyagdaganatot, mely a m\u00e1sodik leggyakoribb urol\u00f3giai rosszindulat\u00fa megbeteged\u00e9s; \u00a0f\u00e9rfiakn\u00e1l a negyedik, n\u0151kn\u00e9l a nyolcadik leggyakoribb hal\u00e1loknak sz\u00e1m\u00edt. Az el\u0151ad\u00e1s sor\u00e1n az \u00e9rdekl\u0151d\u0151k megismerhett\u00e9k a h\u00fagyh\u00f3lyagdaganat hajlamos\u00edt\u00f3 t\u00e9nyez\u0151it, t\u00fcneteit, t\u00edpusait, valamint az azzal kapcsolatos diagnosztikai elj\u00e1r\u00e1sokat \u00e9s kezel\u00e9si m\u00f3dokat is. Ezt a prosztata bemutat\u00e1sa k\u00f6vette, melyr\u0151l az Urol\u00f3giai Klinika igazgat\u00f3ja \u00fagy fogalmazott: \u201eA legt\u00f6bben ezzel a szervvel \u00e9s megbeteged\u00e9seivel k\u00f6tik \u00f6ssze az urol\u00f3gi\u00e1t, \u00e9s a prosztata val\u00f3ban t\u00f6bb gondot okoz, mint amennyire fontos vagy sz\u00fcks\u00e9ges sz\u00e1munkra.\u201d A prosztata feladata a prosztatav\u00e1lad\u00e9k termel\u00e9se, mely a spermium \u00e9letben marad\u00e1s\u00e1t \u00e9s megterm\u00e9keny\u00edt\u0151k\u00e9pess\u00e9g\u00e9t hivatott seg\u00edteni \u2013 dr. Nyir\u00e1dy P\u00e9ter szerint els\u0151sorban a n\u0151i eml\u0151h\u00f6z hasonl\u00edthat\u00f3: ut\u00f3bbi a magzatot, el\u0151bbi a spermiumot t\u00e1pl\u00e1lja. A megterm\u00e9keny\u00edt\u00e9s azonban kimutathat\u00f3an prosztatav\u00e1lad\u00e9k n\u00e9lk\u00fcl is lehets\u00e9ges, a szerv megbeteged\u00e9se pedig sz\u00e1mos eg\u00e9szs\u00e9g\u00fcgyi probl\u00e9m\u00e1t okozhat a f\u00e9rfiak sz\u00e1m\u00e1ra, melyek k\u00f6z\u00fcl a leggyakoribb a prosztatamegnagyobbod\u00e1s, mely lehet j\u00f3-, illetve rosszindulat\u00fa is.\u00a0 Magyarorsz\u00e1gon ehhez kapcsol\u00f3d\u00f3an \u00e9vi 6000 m\u0171t\u00e9tet v\u00e9geznek, 50\u00a0000 beteget pedig gy\u00f3gyszeresen kezelnek. Dr. Nyir\u00e1dy P\u00e9ter prezent\u00e1ci\u00f3j\u00e1ban bemutatta a prosztatamegbeteged\u00e9sek leggyakoribb t\u00fcneteit, diagnosztikai elj\u00e1r\u00e1sait, valamint ter\u00e1pi\u00e1s kezel\u00e9seit is.<\/p>\n<p>Az igazgat\u00f3 az urol\u00f3gusok feladat\u00e1r\u00f3l besz\u00e9lve k\u00fcl\u00f6n fel\u00edvta a figyelmet a doh\u00e1nyz\u00e1sban, az elh\u00edz\u00e1sban, a nem megfelel\u0151 \u00e9trendben \u00e9s a testmozg\u00e1s hi\u00e1ny\u00e1ban rejl\u0151 rejtett kock\u00e1zatokra. \u201eMinden ember 90%-ban saj\u00e1t maga felel\u0151s az eg\u00e9szs\u00e9g\u00e9\u00e9rt. Az orvosok csak a fennmarad\u00f3 10%-ban tudnak seg\u00edteni. A legolcs\u00f3bb, leghat\u00e9konyabb, legkev\u00e9sb\u00e9 f\u00e1jdalmas dolog a megel\u0151z\u00e9s!\u201d \u2013 h\u00edvta fel a figyelmet dr. Nyir\u00e1dy P\u00e9ter.<\/p>\n<p>Az eg\u00e9szs\u00e9g- \u00e9s orvostudom\u00e1ny ir\u00e1nt \u00e9rdekl\u0151d\u0151 lakoss\u00e1got megsz\u00f3l\u00edt\u00f3 el\u0151ad\u00e1s-sorozat k\u00f6vetkez\u0151 alkalma okt\u00f3ber 26-\u00e1n lesz, szint\u00e9n online form\u00e1ban, ahol dr. M\u00fcller Veronika egyetemi tan\u00e1r, a Pulmonol\u00f3giai Klinika igazgat\u00f3ja \u201eA COVID-19 t\u00e1mad\u00e1sa a t\u00fcd\u0151 ellen\u201d c\u00edmmel tartja meg online el\u0151ad\u00e1s\u00e1t.<\/p>\n<p>A teljes el\u0151ad\u00e1s diasora <a href=\"https:\/\/semmelweis.hu\/hirek\/files\/2020\/10\/Szenior-akad\u00e9mia-dr.-Nyir\u00e1dy-P\u00e9ter.pptx\" target=\"_blank\" rel=\"noopener noreferrer\">ide kattintva let\u00f6lthet\u0151<\/a> (pdf).<\/p>\n<p>Az el\u0151ad\u00e1s visszan\u00e9zhet\u0151\u00a0<a href=\"https:\/\/www.youtube.com\/watch?v=_D-a6sBXIHc&amp;list=PLCehZAqE0dwmEjfetMhaOPiKracsYNJBG&amp;index=3\">erre a linkre kattintva<\/a>\u00a0az egyetem Youtube csatorn\u00e1j\u00e1n<\/p>\n<p>Szab\u00f3 \u00c1d\u00e1m<br \/>\nFot\u00f3: Kov\u00e1cs Attila &#8211; Semmelweis Egyetem<\/p>\n","protected":false},"excerpt":{"rendered":"<p>Dr. Nyir\u00e1dy P\u00e9ter, az Urol\u00f3giai Klinika igazgat\u00f3ja &#8222;A kutat\u00e1st\u00f3l a klinikumig az urol\u00f3gi\u00e1ban\u201d c\u00edmmel tartott el\u0151ad\u00e1st.<\/p>\n","protected":false},"author":101751,"featured_media":99733,"comment_status":"closed","ping_status":"closed","sticky":false,"template":"","format":"standard","meta":{"_acf_changed":false,"footnotes":""},"categories":[154,168],"tags":[4240,4218,4249],"class_list":["post-99732","post","type-post","status-publish","format-standard","has-post-thumbnail","hentry","category-egeszseg","category-kiemelt","tag-jubileumi-hirek","tag-semmelweis-250","tag-szenior-akademia"],"acf":[],"_links":{"self":[{"href":"https:\/\/semmelweis.hu\/hirek\/wp-json\/wp\/v2\/posts\/99732","targetHints":{"allow":["GET"]}}],"collection":[{"href":"https:\/\/semmelweis.hu\/hirek\/wp-json\/wp\/v2\/posts"}],"about":[{"href":"https:\/\/semmelweis.hu\/hirek\/wp-json\/wp\/v2\/types\/post"}],"author":[{"embeddable":true,"href":"https:\/\/semmelweis.hu\/hirek\/wp-json\/wp\/v2\/users\/101751"}],"replies":[{"embeddable":true,"href":"https:\/\/semmelweis.hu\/hirek\/wp-json\/wp\/v2\/comments?post=99732"}],"version-history":[{"count":4,"href":"https:\/\/semmelweis.hu\/hirek\/wp-json\/wp\/v2\/posts\/99732\/revisions"}],"predecessor-version":[{"id":100764,"href":"https:\/\/semmelweis.hu\/hirek\/wp-json\/wp\/v2\/posts\/99732\/revisions\/100764"}],"wp:featuredmedia":[{"embeddable":true,"href":"https:\/\/semmelweis.hu\/hirek\/wp-json\/wp\/v2\/media\/99733"}],"wp:attachment":[{"href":"https:\/\/semmelweis.hu\/hirek\/wp-json\/wp\/v2\/media?parent=99732"}],"wp:term":[{"taxonomy":"category","embeddable":true,"href":"https:\/\/semmelweis.hu\/hirek\/wp-json\/wp\/v2\/categories?post=99732"},{"taxonomy":"post_tag","embeddable":true,"href":"https:\/\/semmelweis.hu\/hirek\/wp-json\/wp\/v2\/tags?post=99732"}],"curies":[{"name":"wp","href":"https:\/\/api.w.org\/{rel}","templated":true}]}}