{"id":9966,"date":"2012-02-08T10:37:22","date_gmt":"2012-02-08T09:37:22","guid":{"rendered":"http:\/\/semmelweis-egyetem.hu\/hirek\/?p=9966"},"modified":"2018-02-14T14:12:22","modified_gmt":"2018-02-14T13:12:22","slug":"hat-orszag-kutatoi-egyutt-keresik-a-gyulladasos-betegsegek-ellenszeret-a-semmelweis-egyetem-vezetesevel","status":"publish","type":"post","link":"https:\/\/semmelweis.hu\/hirek\/2012\/02\/08\/hat-orszag-kutatoi-egyutt-keresik-a-gyulladasos-betegsegek-ellenszeret-a-semmelweis-egyetem-vezetesevel\/","title":{"rendered":"Hat orsz\u00e1g kutat\u00f3i egy\u00fctt keresik a gyullad\u00e1sos betegs\u00e9gek ellenszer\u00e9t a Semmelweis Egyetem vezet\u00e9s\u00e9vel"},"content":{"rendered":"<p>A minden 100. embert \u00e9rint\u0151 reum\u00e1s \u00edz\u00fcleti gyullad\u00e1s \u00e9s m\u00e1s gyullad\u00e1sos megbeteged\u00e9sek lehets\u00e9ges ellenszereit kutatja az a Semmelweis Egyetem \u00e1ltal vezetett, most alakult nemzetk\u00f6zi konzorcium, amely n\u00e9gy \u00e9vre 3 milli\u00f3 eur\u00f3s uni\u00f3s t\u00e1mogat\u00e1st nyert.<\/p>\n<figure id=\"attachment_9968\" aria-describedby=\"caption-attachment-9968\" style=\"width: 200px\" class=\"wp-caption alignleft\"><a href=\"https:\/\/semmelweis.hu\/hirek\/files\/2012\/02\/mocsai-portr%C3%A9.jpg\"><img loading=\"lazy\" decoding=\"async\" class=\"size-medium wp-image-9968\" src=\"https:\/\/semmelweis.hu\/hirek\/files\/2012\/02\/mocsai-portr%C3%A9-200x300.jpg\" alt=\"\" width=\"200\" height=\"300\" \/><\/a><figcaption id=\"caption-attachment-9968\" class=\"wp-caption-text\">Dr. M\u00f3csai Attila<\/figcaption><\/figure>\n<p>A hat orsz\u00e1g r\u00e9szv\u00e9tel\u00e9vel l\u00e9trej\u00f6tt kutat\u00f3csoport olyan molekul\u00e1kat fejleszt, amelyek k\u00e9s\u0151bb gy\u00f3gyszerk\u00e9nt alkalmasak lehetnek arra, hogy a jelenlegin\u00e9l hat\u00e9konyabban \u00e9s olcs\u00f3bban gy\u00f3gy\u00edts\u00e1k p\u00e9ld\u00e1ul a reum\u00e1s \u00edz\u00fcleti gyullad\u00e1st. \u201eA ma el\u00e9rhet\u0151 ter\u00e1pi\u00e1k t\u00f6bbs\u00e9ge rendk\u00edv\u00fcl dr\u00e1ga, jelent\u0151s mell\u00e9khat\u00e1sokkal rendelkezik, \u00e9s a betegek k\u00f6r\u00fclbel\u00fcl egyharmad\u00e1n\u00e1l nem is hat\u00e1sos\u201d \u2013 mondja dr. M\u00f3csai Attila, a Semmelweis Egyetem \u00c9lettani Int\u00e9zet\u00e9nek docense, a konzorcium vezet\u0151je.<\/p>\n<p>A most indul\u00f3 program alapj\u00e1t a dr. M\u00f3csai Attila vezette magyar kutat\u00f3csoport eddigi eredm\u00e9nyei adj\u00e1k. Az \u00c9lettani Int\u00e9zetben dolgoz\u00f3 csapat egy hazai biotechnol\u00f3giai c\u00e9ggel, a Vichem Kft-vel egy\u00fcttm\u0171k\u00f6dve \u00e9vek \u00f3ta foglalkozik az \u00fagynevezett kin\u00e1zokkal. Ezek olyan enzimek, amelyek bizony\u00edtottan szerepet j\u00e1tszanak a gyullad\u00e1s kialakul\u00e1s\u00e1ban. El\u0151sz\u00f6r negyven olyan mesters\u00e9gesen el\u0151\u00e1ll\u00edtott hat\u00f3anyag-molekul\u00e1t azonos\u00edtottak a kutat\u00f3k, amelyek g\u00e1tolj\u00e1k a gyullad\u00e1sos folyamatokban r\u00e9sztvev\u0151 enzimeket. K\u00e9s\u0151bb a negyvenb\u0151l tizenh\u00e1romra sz\u0171k\u00edtett\u00e9k le a vizsg\u00e1latot. \u201eEzekr\u0151l ugyanis kider\u00fclt, hogy nagyon hasonl\u00edtanak egym\u00e1sra, \u00e9s mindegyik egy konkr\u00e9t, Src elnevez\u00e9s\u0171 kin\u00e1z-csal\u00e1dra hat\u201d \u2013 magyar\u00e1zza dr. M\u00f3csai Attila. M\u00e1rpedig err\u0151l az Src kin\u00e1z-csal\u00e1dr\u00f3l, vagyis enzimcsoportr\u00f3l m\u00e1r kor\u00e1bbi eg\u00e9rk\u00eds\u00e9rletek sor\u00e1n kider\u00fclt, hogy nagyon fontos szerepet j\u00e1tszik a reum\u00e1s \u00edz\u00fcleti gyullad\u00e1s kialakul\u00e1s\u00e1ban, s\u0151t felt\u00e9telezhet\u0151en m\u00e1s gyullad\u00e1sos folyamatokban is.<\/p>\n<figure id=\"attachment_9967\" aria-describedby=\"caption-attachment-9967\" style=\"width: 540px\" class=\"wp-caption aligncenter\"><a href=\"https:\/\/semmelweis.hu\/hirek\/files\/2012\/02\/mocsai2.jpg\"><img loading=\"lazy\" decoding=\"async\" class=\"size-large wp-image-9967\" src=\"https:\/\/semmelweis.hu\/hirek\/files\/2012\/02\/mocsai2-600x400.jpg\" alt=\"\" width=\"540\" height=\"360\" srcset=\"https:\/\/semmelweis.hu\/hirek\/files\/2012\/02\/mocsai2-600x400.jpg 600w, https:\/\/semmelweis.hu\/hirek\/files\/2012\/02\/mocsai2-300x200.jpg 300w\" sizes=\"auto, (max-width: 540px) 100vw, 540px\" \/><\/a><figcaption id=\"caption-attachment-9967\" class=\"wp-caption-text\">Fot\u00f3k: D. Kiss Bal\u00e1zs<\/figcaption><\/figure>\n<p style=\"text-align: left\">Mint arra dr. M\u00f3csai Attila r\u00e1mutatott, az \u00e1ltaluk vezetett nemzetk\u00f6zi projekt c\u00e9lja ennek a 13 gy\u00f3gyszerjel\u00f6lt molekul\u00e1nak a tov\u00e1bbi vizsg\u00e1lata \u00e9s optimaliz\u00e1l\u00e1sa. A docens abban b\u00edzik, hogy a n\u00e9gy \u00e9v alatt olyan eredm\u00e9nyeket \u00e9rnek el, amelyek alapj\u00e1n megkezd\u0151dhet a kifejlesztett gy\u00f3gyszer-jel\u00f6lt molekul\u00e1k klinikai, teh\u00e1t betegeken val\u00f3 tesztel\u00e9se.<\/p>\n<p>A Semmelweis Egyetem \u00e1ltal vezetett projekt k\u00fcl\u00f6n \u00e9rdekess\u00e9ge, hogy r\u00e9sze az Eur\u00f3pai Uni\u00f3 egyik leg\u00fajabb tudom\u00e1nypolitikai strat\u00e9gi\u00e1j\u00e1nak. Ennek c\u00e9lja a gyorsan fejl\u0151d\u0151 gazdas\u00e1ggal rendelkez\u0151, \u00fagynevezett BRIC-orsz\u00e1gokkal (Braz\u00edlia, Oroszorsz\u00e1g, India \u00e9s K\u00edna) val\u00f3 egy\u00fcttm\u0171k\u00f6d\u00e9s. A p\u00e1ly\u00e1zati ki\u00edr\u00e1sban ezzel \u00f6sszhangban a felt\u00e9telek k\u00f6z\u00f6tt szerepelt a Braz\u00edli\u00e1val val\u00f3 kooper\u00e1ci\u00f3. A projektben \u2013 amely az angol elnevez\u00e9s r\u00f6vid\u00edt\u00e9se alapj\u00e1n a Tarkinaid nevet kapta \u2013 \u00f6sszesen hat orsz\u00e1g (Magyarorsz\u00e1g, Braz\u00edlia, N\u00e9metorsz\u00e1g, Olaszorsz\u00e1g, Franciaorsz\u00e1g \u00e9s G\u00f6r\u00f6gorsz\u00e1g) vesz r\u00e9szt. DP<\/p>\n<p><a href=\"https:\/\/semmelweis.hu\/hirek\/files\/2012\/02\/mocsai-logo2.jpg\"><img loading=\"lazy\" decoding=\"async\" class=\"alignleft size-medium wp-image-9977\" src=\"https:\/\/semmelweis.hu\/hirek\/files\/2012\/02\/mocsai-logo2-300x83.jpg\" alt=\"\" width=\"240\" height=\"66\" srcset=\"https:\/\/semmelweis.hu\/hirek\/files\/2012\/02\/mocsai-logo2-300x83.jpg 300w, https:\/\/semmelweis.hu\/hirek\/files\/2012\/02\/mocsai-logo2-600x167.jpg 600w, https:\/\/semmelweis.hu\/hirek\/files\/2012\/02\/mocsai-logo2.jpg 1091w\" sizes=\"auto, (max-width: 240px) 100vw, 240px\" \/><\/a><\/p>\n<p>&nbsp;<\/p>\n<p><a href=\"https:\/\/semmelweis.hu\/hirek\/files\/2012\/02\/mocsai-logo1.jpg\"><img loading=\"lazy\" decoding=\"async\" class=\"alignleft size-medium wp-image-9978\" src=\"https:\/\/semmelweis.hu\/hirek\/files\/2012\/02\/mocsai-logo1-300x244.jpg\" alt=\"\" width=\"210\" height=\"171\" srcset=\"https:\/\/semmelweis.hu\/hirek\/files\/2012\/02\/mocsai-logo1-300x244.jpg 300w, https:\/\/semmelweis.hu\/hirek\/files\/2012\/02\/mocsai-logo1-491x400.jpg 491w, https:\/\/semmelweis.hu\/hirek\/files\/2012\/02\/mocsai-logo1.jpg 788w\" sizes=\"auto, (max-width: 210px) 100vw, 210px\" \/><\/a><\/p>\n","protected":false},"excerpt":{"rendered":"<p>A minden 100. embert \u00e9rint\u0151 reum\u00e1s \u00edz\u00fcleti gyullad\u00e1s \u00e9s m\u00e1s gyullad\u00e1sos megbeteged\u00e9sek lehets\u00e9ges ellenszereit kutatja az a Semmelweis Egyetem \u00e1ltal vezetett, most alakult nemzetk\u00f6zi konzorcium, amely n\u00e9gy \u00e9vre 3 milli\u00f3 eur\u00f3s uni\u00f3s t\u00e1mogat\u00e1st nyert. A hat orsz\u00e1g r\u00e9szv\u00e9tel\u00e9vel l\u00e9trej\u00f6tt kutat\u00f3csoport olyan molekul\u00e1kat fejleszt, amelyek k\u00e9s\u0151bb gy\u00f3gyszerk\u00e9nt alkalmasak lehetnek arra, hogy a jelenlegin\u00e9l hat\u00e9konyabban \u00e9s olcs\u00f3bban &hellip;<\/p>\n","protected":false},"author":13,"featured_media":9967,"comment_status":"closed","ping_status":"open","sticky":false,"template":"","format":"standard","meta":{"_acf_changed":false,"footnotes":""},"categories":[161,168],"tags":[4157,189],"class_list":["post-9966","post","type-post","status-publish","format-standard","has-post-thumbnail","hentry","category-tudomany","category-kiemelt","tag-innovacio"],"acf":[],"_links":{"self":[{"href":"https:\/\/semmelweis.hu\/hirek\/wp-json\/wp\/v2\/posts\/9966","targetHints":{"allow":["GET"]}}],"collection":[{"href":"https:\/\/semmelweis.hu\/hirek\/wp-json\/wp\/v2\/posts"}],"about":[{"href":"https:\/\/semmelweis.hu\/hirek\/wp-json\/wp\/v2\/types\/post"}],"author":[{"embeddable":true,"href":"https:\/\/semmelweis.hu\/hirek\/wp-json\/wp\/v2\/users\/13"}],"replies":[{"embeddable":true,"href":"https:\/\/semmelweis.hu\/hirek\/wp-json\/wp\/v2\/comments?post=9966"}],"version-history":[{"count":2,"href":"https:\/\/semmelweis.hu\/hirek\/wp-json\/wp\/v2\/posts\/9966\/revisions"}],"predecessor-version":[{"id":9970,"href":"https:\/\/semmelweis.hu\/hirek\/wp-json\/wp\/v2\/posts\/9966\/revisions\/9970"}],"wp:featuredmedia":[{"embeddable":true,"href":"https:\/\/semmelweis.hu\/hirek\/wp-json\/wp\/v2\/media\/9967"}],"wp:attachment":[{"href":"https:\/\/semmelweis.hu\/hirek\/wp-json\/wp\/v2\/media?parent=9966"}],"wp:term":[{"taxonomy":"category","embeddable":true,"href":"https:\/\/semmelweis.hu\/hirek\/wp-json\/wp\/v2\/categories?post=9966"},{"taxonomy":"post_tag","embeddable":true,"href":"https:\/\/semmelweis.hu\/hirek\/wp-json\/wp\/v2\/tags?post=9966"}],"curies":[{"name":"wp","href":"https:\/\/api.w.org\/{rel}","templated":true}]}}