{"id":99469,"date":"2020-10-26T15:30:56","date_gmt":"2020-10-26T14:30:56","guid":{"rendered":"https:\/\/semmelweis.hu\/hirek\/?p=99469"},"modified":"2020-10-26T16:29:30","modified_gmt":"2020-10-26T15:29:30","slug":"hetfotol-online-triage-konnyiti-a-hallatok-egyetemi-epuletekbe-torteno-belepeset","status":"publish","type":"post","link":"https:\/\/semmelweis.hu\/hirek\/2020\/10\/26\/hetfotol-online-triage-konnyiti-a-hallatok-egyetemi-epuletekbe-torteno-belepeset\/","title":{"rendered":"H\u00e9tf\u0151t\u0151l online triage k\u00f6nny\u00edti a hallgat\u00f3k egyetemi \u00e9p\u00fcletekbe t\u00f6rt\u00e9n\u0151 bel\u00e9p\u00e9s\u00e9t"},"content":{"rendered":"<div class=\"lead\">Az egyetem \u00e9p\u00fcleteibe val\u00f3 bel\u00e9p\u00e9shez a pand\u00e9mia miatt a hallgat\u00f3knak \u00fagynevezett triage-on, vagyis el\u0151sz\u0171r\u00e9sen kell \u00e1tesni\u00fck. A k\u00e9rd\u0151\u00edv kit\u00f6lt\u00e9se \u00e9s a testh\u0151m\u00e9rs\u00e9klet-m\u00e9r\u00e9s seg\u00edt kisz\u0171rni a COVID-19 gyan\u00fas eseteket. Ezt a folyamatot k\u00f6nny\u00edti meg a Hallgat\u00f3i \u00d6nkorm\u00e1nyzat (H\u00d6K) javaslata alapj\u00e1n fejlesztett online pre-triage rendszer, a pretriage.semmelweis.hu. A magyar \u00e9s k\u00fclf\u00f6ldi hallgat\u00f3k sz\u00e1m\u00e1ra egyar\u00e1nt el\u00e9rhet\u0151 weboldal az eddigi pap\u00edralap\u00fa k\u00e9rd\u0151\u00edves rendszert nagyban felgyors\u00edtja, a szoftver a v\u00e1laszokat azonnal ki\u00e9rt\u00e9kelve, <span style=\"font-size: 1.1rem\">a fert\u0151z\u00e9svesz\u00e9ly fok\u00e1nak megfelel\u0151en sorolja csoportokba a hallgat\u00f3kat. H\u00e9tf\u0151t\u0151l az egyetem t\u00f6bb \u00e9p\u00fclet\u00e9ben \u00e9s klinik\u00e1j\u00e1n is \u00e9letbe l\u00e9pett az online rendszer haszn\u00e1lata.<\/span><\/div>\n<p>A Hallgat\u00f3i \u00d6nkorm\u00e1nyzat (H\u00d6K) is figyelmet ford\u00edt a j\u00e1rv\u00e1ny \u00e1ltal teremtett kih\u00edv\u00e1sok megold\u00e1s\u00e1ra, fontosnak tartja meg\u00f3vni az egyetem hallgat\u00f3inak eg\u00e9szs\u00e9g\u00e9t \u2013 emelte ki Papp Zsombor, a H\u00d6K oktat\u00e1si aleln\u00f6ke. Mint mondta, a j\u00e1rv\u00e1ny elleni v\u00e9dekez\u00e9s fontos r\u00e9sze az \u00fagynevezett pre-triage, melynek sor\u00e1n a hallgat\u00f3k csak egy k\u00e9rd\u0151\u00edv kit\u00f6lt\u00e9s\u00e9t \u00e9s testh\u0151m\u00e9rs\u00e9klet-m\u00e9r\u00e9st k\u00f6vet\u0151en l\u00e9phetnek be az egyetem \u00e9p\u00fcleteibe, klinik\u00e1iba. A rendszer kor\u00e1bban egy pap\u00edralap\u00fa k\u00e9rd\u0151\u00edv kit\u00f6lt\u00e9s\u00e9vel m\u0171k\u00f6d\u00f6tt, ez sok esetben a hallgat\u00f3k feltorl\u00f3d\u00e1s\u00e1t eredm\u00e9nyezte a bej\u00e1ratok el\u0151tt. Ennek egy j\u00f3val gyorsabb \u00e9s modernebb megold\u00e1s\u00e1t val\u00f3s\u00edtottuk meg a pretriage.semmelweis.hu l\u00e9trehoz\u00e1s\u00e1val \u2013 magyar\u00e1zta a weboldal \u00f6tletgazd\u00e1ja, hozz\u00e1t\u00e9ve, hogy a fel\u00fclet a k\u00fclf\u00f6ldi hallgat\u00f3k sz\u00e1m\u00e1ra is el\u00e9rhet\u0151. <\/p>\n<p><img loading=\"lazy\" decoding=\"async\" class=\"aligncenter size-full wp-image-99472\" src=\"https:\/\/semmelweis.hu\/hirek\/files\/2020\/10\/RS125266_C19A0993-scr.jpg\" alt=\"\" width=\"1200\" height=\"800\" srcset=\"https:\/\/semmelweis.hu\/hirek\/files\/2020\/10\/RS125266_C19A0993-scr.jpg 1200w, https:\/\/semmelweis.hu\/hirek\/files\/2020\/10\/RS125266_C19A0993-scr-400x267.jpg 400w, https:\/\/semmelweis.hu\/hirek\/files\/2020\/10\/RS125266_C19A0993-scr-900x600.jpg 900w, https:\/\/semmelweis.hu\/hirek\/files\/2020\/10\/RS125266_C19A0993-scr-768x512.jpg 768w, https:\/\/semmelweis.hu\/hirek\/files\/2020\/10\/RS125266_C19A0993-scr-753x502.jpg 753w, https:\/\/semmelweis.hu\/hirek\/files\/2020\/10\/RS125266_C19A0993-scr-203x135.jpg 203w\" sizes=\"auto, (max-width: 1200px) 100vw, 1200px\" \/>Dr. Hermann P\u00e9ter oktat\u00e1si rektorhelyettes kiemelte, nagyon fontos, hogy az oktat\u00e1s a j\u00e1rv\u00e1nyhelyzet alatt is zavartalanul tudjon m\u0171k\u00f6dni, ez\u00e9rt az Oktat\u00e1sigazgat\u00e1si Hivatal vezet\u0151s\u00e9ge azonnal ki\u00e1llt e hallgat\u00f3i \u00f6tlet mellett \u00e9s seg\u00edtette annak megval\u00f3s\u00edt\u00e1s\u00e1t, amihez a Fogorvostudom\u00e1nyi Kar informatikus\u00e1t, Sz\u00f6gi Andr\u00e1st k\u00e9rt\u00e9k fel. Az oldalt l\u00e9trehoz\u00e1s\u00e1n\u00e1l a min\u00e9l k\u00f6nnyebb haszn\u00e1lat volt a f\u0151 szempont. A hallgat\u00f3k az adott \u00e9p\u00fcletbe t\u00f6rt\u00e9n\u0151 bel\u00e9p\u00e9s el\u0151tt Neptun-k\u00f3djukkal, valamint sz\u00fclet\u00e9si d\u00e1tumukkal bejelentkeznek a pretriage.semmelweis.hu weboldalra, ahol n\u00e9h\u00e1ny perc alatt v\u00e1laszolnak h\u00e9t k\u00e9rd\u00e9sre, melyeket az egyetem, valamint a Nemzeti N\u00e9peg\u00e9szs\u00e9g\u00fcgyi K\u00f6zpont elj\u00e1r\u00e1srendje alapj\u00e1n \u00e1ll\u00edtottunk \u00f6ssze \u2013 fejtette ki Papp Zsombor. <\/p>\n<p>A k\u00e9rd\u0151\u00edv bek\u00fcld\u00e9se ut\u00e1n a szoftver azonnal \u00e9rt\u00e9keli a v\u00e1laszokat, a fert\u0151z\u00e9svesz\u00e9ly fok\u00e1nak megfelel\u0151en sorolja sz\u00ednk\u00f3dokkal jel\u00f6lt kateg\u00f3ri\u00e1kba a hallgat\u00f3kat. Piros visszajelz\u00e9sn\u00e9l az \u00e9rintett a COVID-gyan\u00fas kateg\u00f3ri\u00e1ba esik, \u00edgy a bel\u00e9p\u00e9s nem enged\u00e9lyezett. Sz\u00e1mukra a H\u00d6K honlapj\u00e1n is el\u00e9rhet\u0151 \u00fatmutat\u00f3 seg\u00edt, hogy mi a teend\u0151 ez esetben. Az adminisztr\u00e1tori fel\u00fcleten a Neptun-k\u00f3d megad\u00e1s\u00e1val lehet\u0151s\u00e9g van a nyilatkozat m\u00f3dos\u00edt\u00e1s\u00e1ra vagy megjegyz\u00e9s \u00edr\u00e1s\u00e1ra is. A rendszer nagy el\u0151nye, hogy visszak\u00f6vethet\u0151, megjegyzi a bejelentkez\u00e9st, \u00edgy naponta elegend\u0151 csak egyszer kit\u00f6lteni \u2013 emelte ki Papp Zsombor. <\/p>\n<p>A pr\u00f3baverzi\u00f3 tapasztalatai ut\u00e1n az online pre-triage kit\u00f6lt\u00e9se h\u00e9tf\u0151t\u0151l k\u00f6telez\u0151 az Elm\u00e9leti Orvostudom\u00e1nyi K\u00f6zpont (EOK), a Nagyv\u00e1rad t\u00e9ri Elm\u00e9let T\u00f6mb (NET), a Fogorvostudom\u00e1nyi Kar, valamint a Pet\u0151 Andr\u00e1s Kar \u00e9p\u00fcleteibe val\u00f3 bel\u00e9p\u00e9s el\u0151tt napi rendszeress\u00e9ggel, tov\u00e1bb\u00e1 az egyetem klinik\u00e1in is folyamatban van az online rendszer k\u00f6telez\u0151 haszn\u00e1lata. Az \u00e9p\u00fcletekbe t\u00f6rt\u00e9n\u0151 bel\u00e9p\u00e9s el\u0151tt a hallgat\u00f3k kit\u00f6ltik az online k\u00e9rd\u0151\u00edvet, majd a telefon kijelz\u0151j\u00e9t megmutatj\u00e1k a testh\u0151m\u00e9rs\u00e9kletet ellen\u0151rz\u0151 munkat\u00e1rsnak \u2013 magyar\u00e1zta Papp Zsombor.\u00a0<\/p>\n<p>B\u00f3di Bernadett<br \/>\nFot\u00f3: Kov\u00e1cs Attila &#8211; Semmelweis Egyetem\u00a0<\/p>\n","protected":false},"excerpt":{"rendered":"<p>A weboldal az eddigi pap\u00edralap\u00fa k\u00e9rd\u0151\u00edves rendszert nagyban felgyors\u00edtja, a szoftver a v\u00e1laszokat azonnal ki\u00e9rt\u00e9keli.<\/p>\n","protected":false},"author":101282,"featured_media":99471,"comment_status":"closed","ping_status":"closed","sticky":false,"template":"","format":"standard","meta":{"_acf_changed":false,"footnotes":""},"categories":[154,168],"tags":[],"class_list":["post-99469","post","type-post","status-publish","format-standard","has-post-thumbnail","hentry","category-egeszseg","category-kiemelt"],"acf":[],"_links":{"self":[{"href":"https:\/\/semmelweis.hu\/hirek\/wp-json\/wp\/v2\/posts\/99469","targetHints":{"allow":["GET"]}}],"collection":[{"href":"https:\/\/semmelweis.hu\/hirek\/wp-json\/wp\/v2\/posts"}],"about":[{"href":"https:\/\/semmelweis.hu\/hirek\/wp-json\/wp\/v2\/types\/post"}],"author":[{"embeddable":true,"href":"https:\/\/semmelweis.hu\/hirek\/wp-json\/wp\/v2\/users\/101282"}],"replies":[{"embeddable":true,"href":"https:\/\/semmelweis.hu\/hirek\/wp-json\/wp\/v2\/comments?post=99469"}],"version-history":[{"count":10,"href":"https:\/\/semmelweis.hu\/hirek\/wp-json\/wp\/v2\/posts\/99469\/revisions"}],"predecessor-version":[{"id":99826,"href":"https:\/\/semmelweis.hu\/hirek\/wp-json\/wp\/v2\/posts\/99469\/revisions\/99826"}],"wp:featuredmedia":[{"embeddable":true,"href":"https:\/\/semmelweis.hu\/hirek\/wp-json\/wp\/v2\/media\/99471"}],"wp:attachment":[{"href":"https:\/\/semmelweis.hu\/hirek\/wp-json\/wp\/v2\/media?parent=99469"}],"wp:term":[{"taxonomy":"category","embeddable":true,"href":"https:\/\/semmelweis.hu\/hirek\/wp-json\/wp\/v2\/categories?post=99469"},{"taxonomy":"post_tag","embeddable":true,"href":"https:\/\/semmelweis.hu\/hirek\/wp-json\/wp\/v2\/tags?post=99469"}],"curies":[{"name":"wp","href":"https:\/\/api.w.org\/{rel}","templated":true}]}}