{"id":99275,"date":"2020-10-02T08:49:16","date_gmt":"2020-10-02T06:49:16","guid":{"rendered":"https:\/\/semmelweis.hu\/hirek\/?p=99275"},"modified":"2020-10-13T08:22:00","modified_gmt":"2020-10-13T06:22:00","slug":"verplazmaadasra-varjak-a-koronavirus-fertozesen-atesett-semmelweis-polgarokat","status":"publish","type":"post","link":"https:\/\/semmelweis.hu\/hirek\/2020\/10\/02\/verplazmaadasra-varjak-a-koronavirus-fertozesen-atesett-semmelweis-polgarokat\/","title":{"rendered":"V\u00e9rplazmaad\u00e1sra v\u00e1rj\u00e1k a koronav\u00edrus-fert\u0151z\u00e9sen \u00e1tesett Semmelweis Polg\u00e1rokat"},"content":{"rendered":"<div class=\"lead\">A s\u00falyos COVID-19 betegek kezel\u00e9s\u00e9nek leghat\u00e9konyabb, \u00e9s m\u00e1ig egyetlen bizony\u00edtott m\u00f3dja a plazmater\u00e1pia, amely \u00e9leteket menthet. A sz\u00e9rum kiz\u00e1r\u00f3lag a gy\u00f3gyult betegek v\u00e9r\u00e9b\u0151l \u00e1ll\u00edthat\u00f3 el\u0151, ez\u00e9rt kulcsfontoss\u00e1g\u00fa, hogy k\u00f6z\u00fcl\u00fck min\u00e9l t\u00f6bben vegyenek r\u00e9szt plazmaad\u00e1son. \u00c9pp ez\u00e9rt a Semmelweis Egyetem figyelemfelh\u00edv\u00f3 akci\u00f3t ind\u00edt annak \u00e9rdek\u00e9ben, hogy min\u00e9l t\u00f6bb gy\u00f3gyult Semmelweis Polg\u00e1r adjon v\u00e9rplazm\u00e1t az \u00faj betegek gy\u00f3gy\u00edt\u00e1sa \u00e9rdek\u00e9ben. Az el\u0151zetes v\u00e9rv\u00e9telre h\u00e1rom id\u0151pontban v\u00e1rj\u00e1k az int\u00e9zm\u00e9ny azon dolgoz\u00f3it \u00e9s hallgat\u00f3it, akik kor\u00e1bban m\u00e1r \u00e1testek a fert\u0151z\u00e9sen.<\/div>\n<p>A koronav\u00edrus ny\u00e1r v\u00e9g\u00e9n fell\u00e1ngol\u00f3 m\u00e1sodik hull\u00e1ma ut\u00e1n nemcsak a pozit\u00edv esetek sz\u00e1ma n\u00f6vekedett meg, de a k\u00f3rh\u00e1zi ell\u00e1t\u00e1st ig\u00e9nyl\u0151 betegek\u00e9 is. Az \u0151 kezel\u00e9s\u00fckre tov\u00e1bbra is kev\u00e9s c\u00e9lzott ter\u00e1pi\u00e1s lehet\u0151s\u00e9g \u00e9rhet\u0151 el. Hab\u00e1r n\u00e9h\u00e1ny antivir\u00e1lis gy\u00f3gyszerrel kapcsolatban vannak biztat\u00f3 eredm\u00e9nyek, a leghat\u00e9konyabb gy\u00f3gym\u00f3d tov\u00e1bbra is a v\u00e9rplazmater\u00e1pia\u2013 magyar\u00e1zta dr. Szab\u00f3 Attila, a Semmelweis Egyetem klinikai rektorhelyettese, a Klinikai K\u00f6zpont Eln\u00f6ke. Kulcsfontoss\u00e1g\u00fa teh\u00e1t, hogy min\u00e9l t\u00f6bb gy\u00f3gyult beteg \u2013 \u00e9s k\u00f6zt\u00fck min\u00e9l t\u00f6bb \u00e9rintett Semmelweis Polg\u00e1r \u2013 vegyen r\u00e9szt a plazmaad\u00e1son, hiszen csak az \u0151 v\u00e9r\u00fckb\u0151l k\u00e9sz\u00fclhet el az \u00e9letment\u0151 sz\u00e9rum \u2013 emelte ki. \u00a0<\/p>\n<p>A Semmelweis Egyetem azon hallgat\u00f3i \u00e9s munkat\u00e1rsai tudnak v\u00e9rplazm\u00e1t adni, akik m\u00e1r \u00e1testek a koronav\u00edrus-fert\u0151z\u00e9sen, \u00e9s a t\u00fcnetek megjelen\u00e9se ut\u00e1n eltelt legal\u00e1bb 4 h\u00e9t, vagy a gy\u00f3gyul\u00e1s ut\u00e1n minimum 2 h\u00e9t. V\u00e9rplazm\u00e1t minden, a v\u00edrusb\u00f3l kigy\u00f3gyult szem\u00e9ly adhat, att\u00f3l f\u00fcggetlen\u00fcl, milyen t\u00fcneteket mutatott n\u00e1la a fert\u0151z\u00e9s, vagy mennyire volt s\u00falyos a betegs\u00e9g lefoly\u00e1sa \u2013 azok is teh\u00e1t, akik a nem szorultak k\u00f3rh\u00e1zi kezel\u00e9sre. A plazmaad\u00e1sra jelentkez\u0151kn\u00e9l el\u0151sz\u00f6r v\u00e9rv\u00e9telre ker\u00fcl sor, melyre az al\u00e1bbi id\u0151pontokban v\u00e1rj\u00e1k \u0151ket a K\u00fcls\u0151 Klinikai T\u00f6mb parkol\u00f3j\u00e1ban az OrthoSera sz\u0171r\u0151buszai (bej\u00e1rat a K\u00f6zponti Betegell\u00e1t\u00f3 \u00c9p\u00fcleten \u00e1t, melynek c\u00edme: Budapest 1083, \u00dcll\u0151i \u00fat 78.):<\/p>\n<ul>\n<li>okt\u00f3ber 6-\u00e1n kedden, 11 \u00e9s 14 \u00f3ra k\u00f6z\u00f6tt;<\/li>\n<li>okt\u00f3ber 8-\u00e1n cs\u00fct\u00f6rt\u00f6k\u00f6n, 9 \u00e9s 12 \u00f3ra k\u00f6z\u00f6tt;<\/li>\n<li>okt\u00f3ber 12-\u00e9n h\u00e9tf\u0151n, 12 \u00e9s 15 \u00f3ra k\u00f6z\u00f6tt.<\/li>\n<\/ul>\n<p>A v\u00e9rv\u00e9telre nem sz\u00fcks\u00e9ges \u00e9hgyomorral \u00e9rkezni, ugyanis kiz\u00e1r\u00f3lag abb\u00f3l a c\u00e9lb\u00f3l vizsg\u00e1lj\u00e1k meg a mint\u00e1kat, hogy elegend\u0151 antitest tal\u00e1lhat\u00f3-e benn\u00fck. M\u00e1s betegs\u00e9gekhez hasonl\u00f3an a koronav\u00edrus-fert\u0151z\u00e9s eset\u00e9n is elt\u00e9r\u0151, mennyi ellenanyagot termel a szervezet, a hat\u00e9kony plazmater\u00e1pi\u00e1hoz pedig sz\u00fcks\u00e9ges, hogy ennek szintje meghaladjon egy bizonyos \u00e9rt\u00e9ket \u2013 mutatott r\u00e1 dr. Szab\u00f3 Attila. A v\u00e9rv\u00e9telre nem kell el\u0151zetesen jelentkezni, \u00e1m mindenkit arra k\u00e9rnek, hogy lehet\u0151s\u00e9g szerint vigye mag\u00e1val a PCR-vizsg\u00e1latr\u00f3l sz\u00f3l\u00f3 leleteit.\u00a0<\/p>\n<p>Els\u0151 alkalommal minden jelentkez\u0151t\u0151l 1 k\u00e9mcs\u0151nyi v\u00e9rt vesznek le, ennek vizsg\u00e1lata ut\u00e1n pedig k\u00fcl\u00f6n \u00e9rtes\u00edtik azokat, akik a v\u00e9r\u00fckben tal\u00e1lhat\u00f3 ellenanyag szintje alapj\u00e1n alkalmasak plazmaad\u00e1sra. A v\u00e9rplazma-v\u00e9tel elj\u00e1r\u00e1sa gyakorlatilag hasonl\u00f3 a v\u00e9rad\u00e1s folyamat\u00e1hoz, \u00e1m ennek sor\u00e1n a v\u00e9rnek csak a sejtes elemek n\u00e9lk\u00fcli, feh\u00e9rj\u00e9ket \u00e9s antitesteket is tartalmaz\u00f3 r\u00e9sz\u00e9t haszn\u00e1lj\u00e1k fel.<\/p>\n<p style=\"text-align: left\"><a href=\"https:\/\/semmelweis.hu\/hirek\/files\/2020\/10\/SE-verplazma-donacio-plakat.png\"><img loading=\"lazy\" decoding=\"async\" class=\"alignleft wp-image-99290\" src=\"https:\/\/semmelweis.hu\/hirek\/files\/2020\/10\/SE-verplazma-donacio-plakat.png\" alt=\"\" width=\"1000\" height=\"1413\" srcset=\"https:\/\/semmelweis.hu\/hirek\/files\/2020\/10\/SE-verplazma-donacio-plakat.png 1241w, https:\/\/semmelweis.hu\/hirek\/files\/2020\/10\/SE-verplazma-donacio-plakat-283x400.png 283w, https:\/\/semmelweis.hu\/hirek\/files\/2020\/10\/SE-verplazma-donacio-plakat-566x800.png 566w, https:\/\/semmelweis.hu\/hirek\/files\/2020\/10\/SE-verplazma-donacio-plakat-768x1085.png 768w, https:\/\/semmelweis.hu\/hirek\/files\/2020\/10\/SE-verplazma-donacio-plakat-1087x1536.png 1087w, https:\/\/semmelweis.hu\/hirek\/files\/2020\/10\/SE-verplazma-donacio-plakat-753x1064.png 753w\" sizes=\"auto, (max-width: 1000px) 100vw, 1000px\" \/><\/a><\/p>\n<p>&nbsp;<\/p>\n<p style=\"text-align: left\">A fert\u0151z\u00e9sen \u00e1tesettek v\u00e9r\u00e9ben a v\u00edrus elleni v\u00e9dekez\u00e9s\u00fcl termelt ellenanyag, vagyis \u00fagynevezett antitestek tal\u00e1lhat\u00f3ak; ezek seg\u00edts\u00e9g\u00e9vel gy\u0151zi le a szervezet az infekci\u00f3t. Plazmater\u00e1pia sor\u00e1n a koronav\u00edrusb\u00f3l kigy\u00f3gyultak v\u00e9rplazm\u00e1j\u00e1val ezeket az antitesteket haszn\u00e1lj\u00e1k fel a betegs\u00e9g lek\u00fczd\u00e9s\u00e9re. A j\u00e1rv\u00e1ny sor\u00e1n v\u00e9gzett orvosi vizsg\u00e1latok \u00e9s tudom\u00e1nyos kutat\u00e1sok azt bizony\u00edtj\u00e1k, hogy a s\u00falyos betegek v\u00e9r\u00e9ben kialakul\u00f3 t\u00falzott immunreakci\u00f3, az \u00fan. \u201ecitokin-vihar\u201d eg\u00e9szs\u00e9ges sz\u00e9rum hozz\u00e1ad\u00e1s\u00e1val visszaszor\u00edthat\u00f3. Kor\u00e1bban Semmelweis Egyetem <a href=\"https:\/\/semmelweis.hu\/hirek\/2020\/04\/29\/ket-beteg-kapott-verplazma-keszitmenyt-a-semmelweis-egyetemen\/\" target=\"_blank\" rel=\"noopener noreferrer\">t\u00f6bb p\u00e1ciens\u00e9n sikerrel alkalmazt\u00e1k m\u00e1r a plazmater\u00e1pi\u00e1t<\/a>; egyet k\u00f6z\u00fcl\u00fck a kezel\u00e9snek k\u00f6sz\u00f6nhet\u0151en <a href=\"https:\/\/semmelweis.hu\/hirek\/2020\/05\/13\/lekerult-a-lelegeztetogeprol-a-covid-19-beteg-a-verplazmaterapianak-koszonhetoen-a-semmelweis-egyetemen\/\" target=\"_blank\" rel=\"noopener noreferrer\">10 nap ut\u00e1n siker\u00fclt levenni a l\u00e9legeztet\u0151g\u00e9pr\u0151l<\/a>.<\/p>\n<p>Szab\u00f3 \u00c1d\u00e1m<br \/>\nKiemelt k\u00e9p: G\u00e1l Bettina<\/p>\n","protected":false},"excerpt":{"rendered":"<p>Az el\u0151zetes v\u00e9rv\u00e9telre j\u00f6v\u0151 h\u00e9tt\u0151l h\u00e1rom id\u0151pontban v\u00e1rj\u00e1k a gy\u00f3gyult egyetemi munkat\u00e1rsakat \u00e9s hallgat\u00f3kat. <\/p>\n","protected":false},"author":13,"featured_media":99282,"comment_status":"closed","ping_status":"closed","sticky":false,"template":"","format":"standard","meta":{"_acf_changed":false,"footnotes":""},"categories":[154,168],"tags":[4257],"class_list":["post-99275","post","type-post","status-publish","format-standard","has-post-thumbnail","hentry","category-egeszseg","category-kiemelt","tag-koronavirus"],"acf":[],"_links":{"self":[{"href":"https:\/\/semmelweis.hu\/hirek\/wp-json\/wp\/v2\/posts\/99275","targetHints":{"allow":["GET"]}}],"collection":[{"href":"https:\/\/semmelweis.hu\/hirek\/wp-json\/wp\/v2\/posts"}],"about":[{"href":"https:\/\/semmelweis.hu\/hirek\/wp-json\/wp\/v2\/types\/post"}],"author":[{"embeddable":true,"href":"https:\/\/semmelweis.hu\/hirek\/wp-json\/wp\/v2\/users\/13"}],"replies":[{"embeddable":true,"href":"https:\/\/semmelweis.hu\/hirek\/wp-json\/wp\/v2\/comments?post=99275"}],"version-history":[{"count":10,"href":"https:\/\/semmelweis.hu\/hirek\/wp-json\/wp\/v2\/posts\/99275\/revisions"}],"predecessor-version":[{"id":99325,"href":"https:\/\/semmelweis.hu\/hirek\/wp-json\/wp\/v2\/posts\/99275\/revisions\/99325"}],"wp:featuredmedia":[{"embeddable":true,"href":"https:\/\/semmelweis.hu\/hirek\/wp-json\/wp\/v2\/media\/99282"}],"wp:attachment":[{"href":"https:\/\/semmelweis.hu\/hirek\/wp-json\/wp\/v2\/media?parent=99275"}],"wp:term":[{"taxonomy":"category","embeddable":true,"href":"https:\/\/semmelweis.hu\/hirek\/wp-json\/wp\/v2\/categories?post=99275"},{"taxonomy":"post_tag","embeddable":true,"href":"https:\/\/semmelweis.hu\/hirek\/wp-json\/wp\/v2\/tags?post=99275"}],"curies":[{"name":"wp","href":"https:\/\/api.w.org\/{rel}","templated":true}]}}