{"id":99238,"date":"2020-10-01T15:56:54","date_gmt":"2020-10-01T13:56:54","guid":{"rendered":"https:\/\/semmelweis.hu\/hirek\/?p=99238"},"modified":"2020-10-06T08:08:48","modified_gmt":"2020-10-06T06:08:48","slug":"kenguruagy-adomany","status":"publish","type":"post","link":"https:\/\/semmelweis.hu\/hirek\/2020\/10\/01\/kenguruagy-adomany\/","title":{"rendered":"Kenguru\u00e1gyakat adom\u00e1nyozott a Semmelweis Egyetemnek a Hungarikum Sz\u00f6vets\u00e9g"},"content":{"rendered":"<div class=\"lead\">Speci\u00e1lis, \u00fan. kenguru\u00e1gyakat kapott a Semmelweis Egyetem h\u00e1rom korasz\u00fcl\u00f6tt oszt\u00e1lya. A 20 darab \u00f6sszehajthat\u00f3 \u00e1gy abban seg\u00edt a sz\u00fcl\u0151knek \u00e9s az orvosoknak, hogy a korasz\u00fcl\u00f6tt a lehet\u0151 legt\u00f6bb id\u0151t t\u00f6lthesse az \u00e9desanya vagy \u00e9desapa mellkas\u00e1n k\u00f6zvetlen b\u0151rkontaktussal. A Hungarikum Sz\u00f6vets\u00e9g (HUSZ) \u00e9s a Semmelweis Egyetem k\u00f6z\u00f6s sajt\u00f3t\u00e1j\u00e9koztat\u00f3j\u00e1t a j\u00e1rv\u00e1ny\u00fcgyi biztons\u00e1gi szab\u00e1lyok betart\u00e1sa mellett rendezt\u00e9k meg a Semmelweis Szalonban.<\/div>\n<div>A Semmelweis Egyetem Sz\u00fcl\u00e9szeti \u00e9s N\u0151gy\u00f3gy\u00e1szati Klinik\u00e1j\u00e1nak k\u00e9t r\u00e9szleg\u00e9n \u00e9s az I. Sz. Gyermekgy\u00f3gy\u00e1szati Klinik\u00e1n tal\u00e1lhat\u00f3 az egyetem h\u00e1rom korasz\u00fcl\u00f6tt oszt\u00e1lya, amelyeken \u00e9vente k\u00e9tezer, id\u0151 el\u0151tt vagy kis s\u00fallyal sz\u00fcletett, speci\u00e1lis ell\u00e1t\u00e1st ig\u00e9nyl\u0151 \u00fajsz\u00fcl\u00f6ttet \u00e1polnak. Ezekre az oszt\u00e1lyokra ker\u00fcl az a 20 darab kenguru\u00e1gy, amelyet a Hungarikum Sz\u00f6vets\u00e9g adom\u00e1nyozott az egyetemnek. Az eszk\u00f6z\u00f6knek k\u00f6sz\u00f6nhet\u0151en a korasz\u00fcl\u00f6ttek a lehet\u0151 legt\u00f6bb id\u0151t t\u00f6lthetik az \u00e9desanya vagy \u00e9desapa mellkas\u00e1n, k\u00f6zvetlen b\u0151rkontaktussal. Ez a folyamat tart\u00f3s pozit\u00edv hat\u00e1st fejt ki az \u00fajsz\u00fcl\u00f6tt agyi \u00e9s idegrendszeri fejl\u0151d\u00e9s\u00e9re.<\/div>\n<div>\u00a0<\/div>\n<div><a href=\"https:\/\/semmelweis.hu\/hirek\/files\/2020\/10\/RS125027_C19A0155-scr.jpg\"><img loading=\"lazy\" decoding=\"async\" class=\"size-medium wp-image-99255 alignleft\" src=\"https:\/\/semmelweis.hu\/hirek\/files\/2020\/10\/RS125027_C19A0155-scr-267x400.jpg\" alt=\"\" width=\"267\" height=\"400\" srcset=\"https:\/\/semmelweis.hu\/hirek\/files\/2020\/10\/RS125027_C19A0155-scr-267x400.jpg 267w, https:\/\/semmelweis.hu\/hirek\/files\/2020\/10\/RS125027_C19A0155-scr-533x800.jpg 533w, https:\/\/semmelweis.hu\/hirek\/files\/2020\/10\/RS125027_C19A0155-scr.jpg 600w\" sizes=\"auto, (max-width: 267px) 100vw, 267px\" \/><\/a>Dr. Merkely B\u00e9la, a Semmelweis Egyetem rektora k\u00f6sz\u00f6nt\u0151j\u00e9ben r\u00e1mutatott: a legs\u00e9r\u00fcl\u00e9kenyebb, legkisebb korasz\u00fcl\u00f6ttek sokszor feln\u0151tth\u00f6z m\u00e9lt\u00f3 k\u00fczdelmet folytatnak az \u00e9let\u00e9rt, a szeret\u0151, t\u00e1mogat\u00f3 k\u00f6rnyezet pedig seg\u00edt\u0151 erej\u0171. Hangs\u00falyozta: a Semmelweis Egyetem elk\u00f6telezte mag\u00e1t a Csal\u00e1dbar\u00e1t Egyetem program mellett \u00e9s ezt a szeml\u00e9letet a betegell\u00e1t\u00e1s ter\u00fclet\u00e9n is igyekszik megjelen\u00edteni. Ehhez j\u00e1rul hozz\u00e1 a Hungarikum Sz\u00f6vets\u00e9g adom\u00e1nya \u2013 fogalmazott. Mint mondta, a Semmelweis Egyetem 2014 \u00f3ta tagja a sz\u00f6vets\u00e9gnek, a n\u00e9vad\u00f3 Semmelweis Ign\u00e1c \u00e9l\u00fatj\u00e1t is k\u00e9pviselve. Figyelmeztetett: ma, amikor a koronav\u00edrusj\u00e1rv\u00e1ny m\u00e1sodik hull\u00e1ma adta kih\u00edv\u00e1sokkal n\u00e9z\u00fcnk szembe, Semmelweis neve mindenn\u00e9l fontosabb \u00e9s aktu\u00e1lisabb \u00fczenetet hordoz sz\u00e1munkra. Felfedez\u00e9se, a k\u00e9zmos\u00e1s jelent\u0151s\u00e9ge szerte a vil\u00e1gon kiemelked\u0151 figyelmet kapott a koronav\u00edrus megjelen\u00e9se \u00f3ta. A maszkvisel\u00e9s \u00e9s az udvarias t\u00e1vols\u00e1gtart\u00e1s mellett ugyanis a mai napig is az alapos k\u00e9zmos\u00e1s az egyik leghat\u00e9konyabb fegyver a fert\u0151z\u00e9sek, betegs\u00e9gek megel\u0151z\u00e9s\u00e9ben. Mint fogalmazott, Semmelweis Ign\u00e1c felfedez\u00e9se maga is hungarikum.<\/div>\n<div>\u00a0<\/div>\n\r\n        [slb_exclude]\r\n        <div class=\"row galeria-wrapper mx-0 h-auto\">\r\n            <div class=\"col-9 pl-0 pr-2\">\r\n            <span class=\"gallery-item frame\">\r\n\t\t\t\t<div class=\"galeria-left-img\"><a href=\"https:\/\/semmelweis.hu\/hirek\/files\/2020\/10\/RS125031_C19A0184-scr.jpg\"><img src=https:\/\/semmelweis.hu\/hirek\/files\/2020\/10\/RS125031_C19A0184-scr.jpg  \r\n                            alt=\"\" \r\n                            class=\"attachment-sote-gallery-big size-sote-gallery-big\" \r\n                            srcset=\"https:\/\/semmelweis.hu\/hirek\/files\/2020\/10\/RS125031_C19A0184-scr-400x267.jpg 400w, https:\/\/semmelweis.hu\/hirek\/files\/2020\/10\/RS125031_C19A0184-scr-900x600.jpg 900w, https:\/\/semmelweis.hu\/hirek\/files\/2020\/10\/RS125031_C19A0184-scr-768x512.jpg 768w, https:\/\/semmelweis.hu\/hirek\/files\/2020\/10\/RS125031_C19A0184-scr-753x502.jpg 753w, https:\/\/semmelweis.hu\/hirek\/files\/2020\/10\/RS125031_C19A0184-scr-203x135.jpg 203w, https:\/\/semmelweis.hu\/hirek\/files\/2020\/10\/RS125031_C19A0184-scr.jpg 1200w\" ><\/a><\/div>\r\n            <\/span>\r\n\r\n            <\/div>\r\n\r\n\t\t\t<div class=\"col-3 pl-0 pr-0\">\r\n\t\t\t\t<div class=\"galeria-right-img d-flex justify-content-between flex-column h-100 w-100 px-0 mx-0 \">\r\n                <div class=\"galeria-box\">\r\n\t\t\t\t\t<h3 class=\"galeria-title\">Gal\u00e9ria<\/h3>\r\n\t\t\t\t\t<div class=\"galeria-subtitle\">\r\n\r\n\t\t\t\t\t\t<div class=\"galeria-page-counter\"><span>6<\/span>k\u00e9p<\/div>\r\n                    <\/div> <\/div>\r\n                    <span class=\"gallery-item frame d-none d-md-flex\">\r\n\t\t\t\t\t<div class=\"galeria-small-img mt-0\"><a href=\"https:\/\/semmelweis.hu\/hirek\/files\/2020\/10\/RS125028_C19A0169-scr.jpg\"><img src=https:\/\/semmelweis.hu\/hirek\/files\/2020\/10\/RS125028_C19A0169-scr.jpg \r\n                                alt=\"\"  \r\n                                class=\"attachment-sote-gallery-small size-sote-gallery-small\" \r\n                                srcset=\"https:\/\/semmelweis.hu\/hirek\/files\/2020\/10\/RS125028_C19A0169-scr-400x267.jpg 400w, https:\/\/semmelweis.hu\/hirek\/files\/2020\/10\/RS125028_C19A0169-scr-900x600.jpg 900w, https:\/\/semmelweis.hu\/hirek\/files\/2020\/10\/RS125028_C19A0169-scr-768x512.jpg 768w, https:\/\/semmelweis.hu\/hirek\/files\/2020\/10\/RS125028_C19A0169-scr-753x502.jpg 753w, https:\/\/semmelweis.hu\/hirek\/files\/2020\/10\/RS125028_C19A0169-scr-203x135.jpg 203w, https:\/\/semmelweis.hu\/hirek\/files\/2020\/10\/RS125028_C19A0169-scr.jpg 1200w\" ><\/a><\/div>\r\n                    <\/span>\r\n                    <span class=\"gallery-item frame d-none d-md-flex\">\r\n\t\t\t\t\t<div class=\"galeria-small-img mt-0\"><a href=\"https:\/\/semmelweis.hu\/hirek\/files\/2020\/10\/RS125032_C19A0188-scr.jpg\"><img src=https:\/\/semmelweis.hu\/hirek\/files\/2020\/10\/RS125032_C19A0188-scr.jpg \r\n                                alt=\"\" \r\n                                class=\"attachment-sote-gallery-small size-sote-gallery-small\" \r\n                                srcset=\"https:\/\/semmelweis.hu\/hirek\/files\/2020\/10\/RS125032_C19A0188-scr-267x400.jpg 267w, https:\/\/semmelweis.hu\/hirek\/files\/2020\/10\/RS125032_C19A0188-scr-533x800.jpg 533w, https:\/\/semmelweis.hu\/hirek\/files\/2020\/10\/RS125032_C19A0188-scr.jpg 600w\" ><\/a><\/div>\r\n                    <\/span>\r\n\r\n                <\/div>\r\n\r\n            <\/div>\r\n\r\n            <span class=\"gallery-item\"><div class=\"hidden\"><a href=\"https:\/\/semmelweis.hu\/hirek\/files\/2020\/10\/RS125036_C19A0206-scr.jpg\">\r\n        <img src=https:\/\/semmelweis.hu\/hirek\/files\/2020\/10\/RS125036_C19A0206-scr.jpg alt=\"\" class=\"attachment-sote-gallery-big size-sote-gallery-big\" srcset=\"https:\/\/semmelweis.hu\/hirek\/files\/2020\/10\/RS125036_C19A0206-scr-400x255.jpg 400w, https:\/\/semmelweis.hu\/hirek\/files\/2020\/10\/RS125036_C19A0206-scr-900x575.jpg 900w, https:\/\/semmelweis.hu\/hirek\/files\/2020\/10\/RS125036_C19A0206-scr-768x490.jpg 768w, https:\/\/semmelweis.hu\/hirek\/files\/2020\/10\/RS125036_C19A0206-scr-753x481.jpg 753w, https:\/\/semmelweis.hu\/hirek\/files\/2020\/10\/RS125036_C19A0206-scr.jpg 1200w\" >\r\n        <\/a><\/div><\/span><span class=\"gallery-item\"><div class=\"hidden\"><a href=\"https:\/\/semmelweis.hu\/hirek\/files\/2020\/10\/RS125049_C19A0304-scr.jpg\">\r\n        <img src=https:\/\/semmelweis.hu\/hirek\/files\/2020\/10\/RS125049_C19A0304-scr.jpg alt=\"\" class=\"attachment-sote-gallery-big size-sote-gallery-big\" srcset=\"https:\/\/semmelweis.hu\/hirek\/files\/2020\/10\/RS125049_C19A0304-scr-400x267.jpg 400w, https:\/\/semmelweis.hu\/hirek\/files\/2020\/10\/RS125049_C19A0304-scr-900x600.jpg 900w, https:\/\/semmelweis.hu\/hirek\/files\/2020\/10\/RS125049_C19A0304-scr-768x512.jpg 768w, https:\/\/semmelweis.hu\/hirek\/files\/2020\/10\/RS125049_C19A0304-scr-753x502.jpg 753w, https:\/\/semmelweis.hu\/hirek\/files\/2020\/10\/RS125049_C19A0304-scr-203x135.jpg 203w, https:\/\/semmelweis.hu\/hirek\/files\/2020\/10\/RS125049_C19A0304-scr.jpg 1200w\" >\r\n        <\/a><\/div><\/span><span class=\"gallery-item\"><div class=\"hidden\"><a href=\"https:\/\/semmelweis.hu\/hirek\/files\/2020\/10\/RS124955_C19A9747-scr.jpg\">\r\n        <img src=https:\/\/semmelweis.hu\/hirek\/files\/2020\/10\/RS124955_C19A9747-scr.jpg alt=\"\" class=\"attachment-sote-gallery-big size-sote-gallery-big\" srcset=\"https:\/\/semmelweis.hu\/hirek\/files\/2020\/10\/RS124955_C19A9747-scr-400x267.jpg 400w, https:\/\/semmelweis.hu\/hirek\/files\/2020\/10\/RS124955_C19A9747-scr-900x600.jpg 900w, https:\/\/semmelweis.hu\/hirek\/files\/2020\/10\/RS124955_C19A9747-scr-768x512.jpg 768w, https:\/\/semmelweis.hu\/hirek\/files\/2020\/10\/RS124955_C19A9747-scr-753x502.jpg 753w, https:\/\/semmelweis.hu\/hirek\/files\/2020\/10\/RS124955_C19A9747-scr-203x135.jpg 203w, https:\/\/semmelweis.hu\/hirek\/files\/2020\/10\/RS124955_C19A9747-scr.jpg 1200w\" >\r\n        <\/a><\/div><\/span>\r\n            <\/div>\r\n\r\n            [\/slb_exclude]\r\n\t\n<p>Mathi\u00e1sz G\u00e1bor, a Hungarikum Sz\u00f6vets\u00e9g aleln\u00f6ke elmondta, az \u201e\u00c9rt\u00e9k a m\u00e9rt\u00e9k\u201d jelmondat kiteljes\u00edt\u00e9se vezeti a sz\u00f6vets\u00e9g munk\u00e1lkod\u00e1s\u00e1t. Az igazi hungarikum maga a j\u00f6v\u0151 ifj\u00fas\u00e1ga, amely tov\u00e1bbviszi a magyar \u00e9rt\u00e9keket \u2013 v\u00e9lekedett. A Semmelweis Egyetemen foly\u00f3 \u00fajsz\u00fcl\u00f6tt \u00e9s korasz\u00fcl\u00f6tt ell\u00e1t\u00e1s hagyom\u00e1nyaiban \u00e9s eredm\u00e9nyeiben is kimagasl\u00f3 \u2013 tette hozz\u00e1. A \u201eJ\u00f3t s j\u00f3l\u201d j\u00f3t\u00e9konys\u00e1gi akci\u00f3sorozata keret\u00e9ben a sz\u00f6vets\u00e9g kiemelked\u0151en k\u00f6zhaszn\u00fa, t\u00e1rsadalmilag \u00e9rz\u00e9keny ter\u00fcletek t\u00e1mogat\u00e1s\u00e1ban vesz r\u00e9szt, \u00edgy a Csal\u00e1dok \u00c9v\u00e9ben a korasz\u00fcl\u00f6ttek t\u00fal\u00e9l\u00e9si es\u00e9lyeit, eg\u00e9szs\u00e9ges fejl\u0151d\u00e9s\u00e9t seg\u00edti a most adom\u00e1nyozott kenguru\u00e1gyakkal \u2013 fogalmazott.<\/p>\n<p>Dr. \u00c1cs N\u00e1ndor, a Sz\u00fcl\u00e9szeti \u00e9s N\u0151gy\u00f3gy\u00e1szati Klinika igazgat\u00f3ja hangs\u00falyozta: a Semmelweis Egyetemen \u00e9vente mintegy 7000 \u00fajsz\u00fcl\u00f6tt l\u00e1tja meg a napvil\u00e1got. Ez a sz\u00e1m m\u00e1r \u00f6nmag\u00e1ban mutatja az egyetemi klinika fontoss\u00e1g\u00e1t, amelynek kiemelt profilja a legs\u00falyosabb sz\u00fcl\u00e9szeti betegs\u00e9gek ell\u00e1t\u00e1sa. A Magyarorsz\u00e1gon sz\u00fcletett korasz\u00fcl\u00f6tt bab\u00e1k negyed\u00e9t a Semmelweis Egyetemen kezelik. \u0150k a legelesettebb betegeink, de a legnagyobb k\u00fczd\u0151k is \u2013 fogalmazott az igazgat\u00f3. Hozz\u00e1tette: az ut\u00f3bbi \u00e9vtizedek szakmai el\u0151rel\u00e9p\u00e9st hoztak a korasz\u00fcl\u00f6tt ell\u00e1t\u00e1sban, emellett a csal\u00e1dbar\u00e1t szeml\u00e9let is megjelent, \u00edgy az \u00e9desany\u00e1k \u00e9s \u00e9desap\u00e1k m\u00e1r az els\u0151 napokt\u00f3l bekapcsol\u00f3dhatnak az \u00fajsz\u00fcl\u00f6tt ell\u00e1t\u00e1s\u00e1ba. A kenguru\u00e1gyaknak k\u00f6sz\u00f6nhet\u0151en t\u00f6bb id\u0151t t\u00f6lthetnek a szabad b\u0151rfel\u00fcleten a korasz\u00fcl\u00f6ttek. Tudom\u00e1nyos vizsg\u00e1latok igazolj\u00e1k, hogy a sz\u00fcl\u0151kkel fenn\u00e1ll\u00f3 folyamatos kapcsolatnak, a b\u0151rkontaktusnak hatalmas szerepe lehet az eg\u00e9szs\u00e9ges t\u00fal\u00e9l\u00e9sben \u2013 mutatott r\u00e1.<\/p>\n<p>P\u00fcski S\u00e1ndor fest\u0151 egy-egy m\u0171v\u00e9t a Semmelweis Egyetemnek, illetve a D\u00e9l-Pesti Centrumk\u00f3rh\u00e1znak adom\u00e1nyozta a Hungarikum Sz\u00f6vets\u00e9g szervez\u00e9s\u00e9ben, az alkot\u00f3 az eg\u00e9szs\u00e9g\u00fcgyi dolgoz\u00f3k \u00e1ldozatv\u00e1llal\u00e1s\u00e1ra h\u00edvja fel a figyelmet. A festm\u00e9nyeket dr. Merkely B\u00e9la rektor \u00e9s Baross P\u00e1ln\u00e9 dr., a D\u00e9l-Pesti Centrumk\u00f3rh\u00e1z f\u0151igazgat\u00f3j\u00e1nak strat\u00e9giai tan\u00e1csad\u00f3ja vette \u00e1t.<\/p>\n<p>Vas D\u00f3ra<br \/>\nFot\u00f3k: Kov\u00e1cs Attila &#8211; Semmelweis Egyetem<br \/>\nVide\u00f3: Hungarikum Sz\u00f6vets\u00e9g<\/p>\n<p><iframe loading=\"lazy\" title=\"&quot;J\u00f3t s J\u00f3l&quot; J\u00f3t\u00e9konys\u00e1gi Kamp\u00e1ny - els\u0151 \u00fctem 2020.09.28.\" width=\"753\" height=\"424\" src=\"https:\/\/www.youtube.com\/embed\/JCj9KPRqmtA?feature=oembed\" frameborder=\"0\" allow=\"accelerometer; autoplay; clipboard-write; encrypted-media; gyroscope; picture-in-picture\" allowfullscreen><\/iframe><\/p>\n","protected":false},"excerpt":{"rendered":"<p>A Semmelweis Egyetem 2014 \u00f3ta tagja a Hungarikum sz\u00f6vets\u00e9gnek, a n\u00e9vad\u00f3 Semmelweis Ign\u00e1c \u00e9l\u00fatj\u00e1t is k\u00e9pviselve.<\/p>\n","protected":false},"author":101792,"featured_media":99245,"comment_status":"closed","ping_status":"closed","sticky":false,"template":"","format":"standard","meta":{"_acf_changed":false,"footnotes":""},"categories":[157,168],"tags":[345],"class_list":["post-99238","post","type-post","status-publish","format-standard","has-post-thumbnail","hentry","category-semmelweis-vilag","category-kiemelt","tag-esemenyek-es-beszamolok"],"acf":[],"_links":{"self":[{"href":"https:\/\/semmelweis.hu\/hirek\/wp-json\/wp\/v2\/posts\/99238","targetHints":{"allow":["GET"]}}],"collection":[{"href":"https:\/\/semmelweis.hu\/hirek\/wp-json\/wp\/v2\/posts"}],"about":[{"href":"https:\/\/semmelweis.hu\/hirek\/wp-json\/wp\/v2\/types\/post"}],"author":[{"embeddable":true,"href":"https:\/\/semmelweis.hu\/hirek\/wp-json\/wp\/v2\/users\/101792"}],"replies":[{"embeddable":true,"href":"https:\/\/semmelweis.hu\/hirek\/wp-json\/wp\/v2\/comments?post=99238"}],"version-history":[{"count":10,"href":"https:\/\/semmelweis.hu\/hirek\/wp-json\/wp\/v2\/posts\/99238\/revisions"}],"predecessor-version":[{"id":99342,"href":"https:\/\/semmelweis.hu\/hirek\/wp-json\/wp\/v2\/posts\/99238\/revisions\/99342"}],"wp:featuredmedia":[{"embeddable":true,"href":"https:\/\/semmelweis.hu\/hirek\/wp-json\/wp\/v2\/media\/99245"}],"wp:attachment":[{"href":"https:\/\/semmelweis.hu\/hirek\/wp-json\/wp\/v2\/media?parent=99238"}],"wp:term":[{"taxonomy":"category","embeddable":true,"href":"https:\/\/semmelweis.hu\/hirek\/wp-json\/wp\/v2\/categories?post=99238"},{"taxonomy":"post_tag","embeddable":true,"href":"https:\/\/semmelweis.hu\/hirek\/wp-json\/wp\/v2\/tags?post=99238"}],"curies":[{"name":"wp","href":"https:\/\/api.w.org\/{rel}","templated":true}]}}