{"id":9888,"date":"2012-02-03T08:39:43","date_gmt":"2012-02-03T08:39:43","guid":{"rendered":"http:\/\/semmelweis-egyetem.hu\/hirek\/?p=9888"},"modified":"2025-10-18T12:04:00","modified_gmt":"2025-10-18T10:04:00","slug":"fekete-andrea-es-geiszt-miklos-tudomanyos-televizios-vetelkedoben","status":"publish","type":"post","link":"https:\/\/semmelweis.hu\/hirek\/2012\/02\/03\/fekete-andrea-es-geiszt-miklos-tudomanyos-televizios-vetelkedoben\/","title":{"rendered":"Fekete Andrea \u00e9s Geiszt Mikl\u00f3s tudom\u00e1nyos telev\u00edzi\u00f3s vet\u00e9lked\u0151ben"},"content":{"rendered":"<p><a href=\"https:\/\/semmelweis.hu\/hirek\/files\/2012\/02\/deltalogo.jpg\"><img loading=\"lazy\" decoding=\"async\" class=\"alignleft size-full wp-image-9896\" src=\"https:\/\/semmelweis.hu\/hirek\/files\/2012\/02\/deltalogo.jpg\" alt=\"\" width=\"122\" height=\"115\" \/><\/a>A n\u00e9pszer\u0171 tudom\u00e1nyos h\u00edrad\u00f3, a <a href=\"http:\/\/premier.mtv.hu\/Rovatok\/Delta.aspx#\">Delta<\/a> a Magyar Tudom\u00e1nyos Akad\u00e9mia (MTA) k\u00f6zrem\u0171k\u00f6d\u00e9s\u00e9vel &#8222;Lend\u00fcletben a j\u00f6v\u0151 \u2013 a motor a tudom\u00e1ny!&#8221; c\u00edmmel <a href=\"http:\/\/mta.hu\/mta_hirei\/vetelkedo-az-akademia-kivalosagairol-129225\/\">vet\u00e9lked\u0151sorozatot<\/a> ind\u00edt. Az id\u00e9n 48. sz\u00fclet\u00e9snapj\u00e1t \u00fcnnepl\u0151 m\u0171sor az MTA Lend\u00fclet programj\u00e1hoz csatlakozva szeretn\u00e9 felkelteni a fiatalabb gener\u00e1ci\u00f3k \u00e9rdekl\u0151d\u00e9s\u00e9t a kutat\u00f3i p\u00e1lya ir\u00e1nt. A 14 h\u00e9tig tart\u00f3 m\u0171sor \u00f6szt\u00f6n\u00f6zni k\u00edv\u00e1nja a tehets\u00e9geket, \u00e9s a fiatalok p\u00e9ldak\u00e9peiv\u00e9 szeretn\u00e9 avatni az akad\u00e9miai programban r\u00e9szt vev\u0151 kutat\u00f3kat. A vet\u00e9lked\u0151re egyr\u00e9szt h\u00e1romf\u0151s k\u00f6z\u00e9piskol\u00e1s csapatok, illetve harminc \u00e9v alatti egy\u00e9ni versenyz\u0151k, m\u00e1sr\u00e9szt amat\u0151r vide\u00f3sok jelentkez\u00e9s\u00e9t v\u00e1rj\u00e1k.<br \/>\nA m\u0171sor alkot\u00f3i a Lend\u00fclet program 28 nyertes\u00e9r\u0151l \u2013 k\u00f6zt\u00fck k\u00e9t, a Semmelweis Egyetemen dolgoz\u00f3 kutat\u00f3r\u00f3l\u00a0<a href=\"http:\/\/mta.hu\/tudomany_hirei\/uj-utakon-a-cukorbetegseg-kutatasaban-127729\/\">Dr. Fekete Andre\u00e1r\u00f3l<\/a> \u00e9s <a href=\"http:\/\/mta.hu\/mta_hirei\/geiszt-128342\/\">Dr. Geiszt Mikl\u00f3sr\u00f3l<\/a> &#8211; egy-egy \u00f6tperces kisfilmet k\u00e9sz\u00edtenek, amelyet a n\u00e9z\u0151k a Delta febru\u00e1r 4. \u00e9s \u00e1prilis 21. k\u00f6z\u00f6tti ad\u00e1saiban ismerhetnek meg. Minden portr\u00e9film v\u00e9g\u00e9n a kutat\u00f3 feladja a vet\u00e9lked\u0151 egy-egy k\u00e9rd\u00e9s\u00e9t, amelyet a m\u0171sor honlapj\u00e1n tov\u00e1bbi feladatok eg\u00e9sz\u00edtenek ki. A m\u00e1jus 12-re tervezett d\u00f6nt\u0151ben a Lend\u00fclet program kutat\u00f3i mentork\u00e9nt szem\u00e9lyesen is jelen lesznek.<\/p>\n<figure id=\"attachment_9889\" aria-describedby=\"caption-attachment-9889\" style=\"width: 163px\" class=\"wp-caption alignleft\"><a href=\"https:\/\/semmelweis.hu\/hirek\/files\/2012\/02\/fekete-andrea.jpg\"><img loading=\"lazy\" decoding=\"async\" class=\"size-medium wp-image-9889 \" src=\"https:\/\/semmelweis.hu\/hirek\/files\/2012\/02\/fekete-andrea-233x300.jpg\" alt=\"\" width=\"163\" height=\"210\" srcset=\"https:\/\/semmelweis.hu\/hirek\/files\/2012\/02\/fekete-andrea-233x300.jpg 233w, https:\/\/semmelweis.hu\/hirek\/files\/2012\/02\/fekete-andrea.jpg 251w\" sizes=\"auto, (max-width: 163px) 100vw, 163px\" \/><\/a><figcaption id=\"caption-attachment-9889\" class=\"wp-caption-text\">Dr. Fekete Andrea<\/figcaption><\/figure>\n<p>Dr. Fekete Andrea, a SE I. Sz. Gyermekklinik\u00e1j\u00e1nak kutat\u00f3ja\u00a0elmondta, hogy n\u00e1la n\u00e9h\u00e1ny nappal ezel\u0151tt j\u00e1rt a telev\u00edzi\u00f3s st\u00e1b, hogy leforgass\u00e1k a kisfilmet. A forgat\u00e1son bemutatta a labort \u00e9s a kutat\u00e1s\u00e1t, illetve besz\u00e9lt arr\u00f3l, hogy szerinte ez a munka mi\u00e9rt fontos. A kutat\u00f3 a vil\u00e1gszerte s\u00falyos gondokat okoz\u00f3 n\u00e9peg\u00e9szs\u00e9g\u00fcgyi probl\u00e9ma, a cukorbetegs\u00e9g okait \u00e9s gy\u00f3gy\u00edt\u00e1s\u00e1nak eddig nem ismert lehet\u0151s\u00e9geit vizsg\u00e1lja, \u00edgy ezzel kapcsolatos \u2013 szerinte nem t\u00fal neh\u00e9z &#8211; k\u00e9rd\u00e9st tett fel a di\u00e1koknak.<\/p>\n<p>&nbsp;<\/p>\n<p>T-Sz.Sz.<br \/>\nForr\u00e1s:mta.hu<\/p>\n","protected":false},"excerpt":{"rendered":"<p><a href=\"https:\/\/semmelweis.hu\/hirek\/files\/2012\/02\/deltalogo.jpg\"><\/a> A n\u00e9pszer\u0171 tudom\u00e1nyos h\u00edrad\u00f3, a <a href=\"http:\/\/premier.mtv.hu\/Rovatok\/Delta.aspx#\">Delta<\/a> a Magyar Tudom\u00e1nyos Akad\u00e9mia (MTA) k\u00f6zrem\u0171k\u00f6d\u00e9s\u00e9vel &#8222;Lend\u00fcletben a j\u00f6v\u0151 \u2013 a motor a tudom\u00e1ny!&#8221; c\u00edmmel <a href=\"http:\/\/mta.hu\/mta_hirei\/vetelkedo-az-akademia-kivalosagairol-129225\/\">vet\u00e9lked\u0151sorozatot<\/a> ind\u00edt. Az id\u00e9n 48. sz\u00fclet\u00e9snapj\u00e1t \u00fcnnepl\u0151 m\u0171sor az MTA Lend\u00fclet programj\u00e1hoz csatlakozva szeretn\u00e9 felkelteni a fiatalabb gener\u00e1ci\u00f3k \u00e9rdekl\u0151d\u00e9s\u00e9t a kutat\u00f3i p\u00e1lya ir\u00e1nt. A 14 h\u00e9tig tart\u00f3 m\u0171sor \u00f6szt\u00f6n\u00f6zni k\u00edv\u00e1nja a tehets\u00e9geket, \u00e9s a fiatalok p\u00e9ldak\u00e9peiv\u00e9 &hellip;<\/p>\n","protected":false},"author":11,"featured_media":9893,"comment_status":"closed","ping_status":"open","sticky":false,"template":"","format":"standard","meta":{"_acf_changed":false,"footnotes":""},"categories":[161,168],"tags":[333,188],"class_list":["post-9888","post","type-post","status-publish","format-standard","has-post-thumbnail","hentry","category-tudomany","category-kiemelt","tag-magyar-tudomanyos-akademia","tag-tudomanyos-hirek-rendezvenyek"],"acf":[],"_links":{"self":[{"href":"https:\/\/semmelweis.hu\/hirek\/wp-json\/wp\/v2\/posts\/9888","targetHints":{"allow":["GET"]}}],"collection":[{"href":"https:\/\/semmelweis.hu\/hirek\/wp-json\/wp\/v2\/posts"}],"about":[{"href":"https:\/\/semmelweis.hu\/hirek\/wp-json\/wp\/v2\/types\/post"}],"author":[{"embeddable":true,"href":"https:\/\/semmelweis.hu\/hirek\/wp-json\/wp\/v2\/users\/11"}],"replies":[{"embeddable":true,"href":"https:\/\/semmelweis.hu\/hirek\/wp-json\/wp\/v2\/comments?post=9888"}],"version-history":[{"count":4,"href":"https:\/\/semmelweis.hu\/hirek\/wp-json\/wp\/v2\/posts\/9888\/revisions"}],"predecessor-version":[{"id":159480,"href":"https:\/\/semmelweis.hu\/hirek\/wp-json\/wp\/v2\/posts\/9888\/revisions\/159480"}],"wp:featuredmedia":[{"embeddable":true,"href":"https:\/\/semmelweis.hu\/hirek\/wp-json\/wp\/v2\/media\/9893"}],"wp:attachment":[{"href":"https:\/\/semmelweis.hu\/hirek\/wp-json\/wp\/v2\/media?parent=9888"}],"wp:term":[{"taxonomy":"category","embeddable":true,"href":"https:\/\/semmelweis.hu\/hirek\/wp-json\/wp\/v2\/categories?post=9888"},{"taxonomy":"post_tag","embeddable":true,"href":"https:\/\/semmelweis.hu\/hirek\/wp-json\/wp\/v2\/tags?post=9888"}],"curies":[{"name":"wp","href":"https:\/\/api.w.org\/{rel}","templated":true}]}}