{"id":98364,"date":"2020-09-01T11:11:58","date_gmt":"2020-09-01T09:11:58","guid":{"rendered":"https:\/\/semmelweis.hu\/hirek\/?p=98364"},"modified":"2020-09-01T11:11:58","modified_gmt":"2020-09-01T09:11:58","slug":"foldvari-dijjal-tuntettek-ki-dr-tamasi-bela-borgyogyaszt","status":"publish","type":"post","link":"https:\/\/semmelweis.hu\/hirek\/2020\/09\/01\/foldvari-dijjal-tuntettek-ki-dr-tamasi-bela-borgyogyaszt\/","title":{"rendered":"F\u00f6ldv\u00e1ri -d\u00edjjal t\u00fcntett\u00e9k ki dr. Tam\u00e1si B\u00e9la b\u0151rgy\u00f3gy\u00e1szt"},"content":{"rendered":"<div class=\"lead\">Dr. Tam\u00e1si B\u00e9la, a B\u0151r-, Nemik\u00f3rtani \u00e9s B\u0151ronkol\u00f3giai Klinika egyetemi adjunktusa, a klinik\u00e1n m\u0171k\u00f6d\u0151 Orsz\u00e1gos STD Centrum vezet\u0151je vehette \u00e1t az idei F\u00f6ldv\u00e1ri-d\u00edjat. A klinika kor\u00e1bbi igazgat\u00f3j\u00e1nak eml\u00e9ket \u00e1ll\u00edt\u00f3 dr. F\u00f6ldv\u00e1ri Ferenc Alap\u00edtv\u00e1ny c\u00e9lja a klinika fiatal szakorvosainak d\u00edjaz\u00e1sa, munk\u00e1juk elismer\u00e9se.<\/div>\n<div>\n<p><a href=\"https:\/\/semmelweis.hu\/hirek\/files\/2020\/09\/118184952_2612142182434908_7107628240366194126_n.jpg\"><img loading=\"lazy\" decoding=\"async\" class=\"wp-image-98366 alignright\" src=\"https:\/\/semmelweis.hu\/hirek\/files\/2020\/09\/118184952_2612142182434908_7107628240366194126_n-600x800.jpg\" alt=\"\" width=\"290\" height=\"387\" srcset=\"https:\/\/semmelweis.hu\/hirek\/files\/2020\/09\/118184952_2612142182434908_7107628240366194126_n-600x800.jpg 600w, https:\/\/semmelweis.hu\/hirek\/files\/2020\/09\/118184952_2612142182434908_7107628240366194126_n-300x400.jpg 300w, https:\/\/semmelweis.hu\/hirek\/files\/2020\/09\/118184952_2612142182434908_7107628240366194126_n.jpg 720w\" sizes=\"auto, (max-width: 290px) 100vw, 290px\" \/><\/a>Az elismer\u00e9st minden \u00e9vben a tansz\u00e9kvezet\u0151 javaslat\u00e1ra, a kurat\u00f3rium d\u00f6nt\u00e9se alapj\u00e1n, az alap\u00edtv\u00e1ny n\u00e9vad\u00f3ja sz\u00fclet\u00e9snapj\u00e1nak eml\u00e9k\u00e9re rendezett \u00fcnneps\u00e9gen adj\u00e1k \u00e1t. Az idei rendezv\u00e9nyen a klinika igazgat\u00f3ja, dr. S\u00e1rdy Mikl\u00f3s m\u00e9ltatta az egykori igazgat\u00f3 munk\u00e1ss\u00e1g\u00e1t, ismertette a d\u00edj oda\u00edt\u00e9l\u00e9s\u00e9nek szempontjait, tov\u00e1bb\u00e1 az idei d\u00edjazott, dr. Tam\u00e1si B\u00e9la \u00e9rdemeit.<\/p>\n<p>Az 1981-ben l\u00e9trehozott alap\u00edtv\u00e1ny dr. F\u00f6ldv\u00e1ri Ferenc professzornak \u00e1ll\u00edt eml\u00e9ket, aki 1946-t\u00f3l 1967-ig vezette a klinik\u00e1t, valamint az \u00e1ltala 1952-ben alap\u00edtott Orsz\u00e1gos B\u0151r-, Nemik\u00f3rtani Int\u00e9zetet is. A nemzetk\u00f6zi h\u00edr\u0171 tud\u00f3s sz\u00e1mos kiemelked\u0151 tudom\u00e1nyos eredm\u00e9nye k\u00f6z\u00fcl a nemi betegs\u00e9gek diagnosztik\u00e1ja (kiemelten a connatalis syphilis), a pemphigus csoport diagn\u00f3zisa \u00e9s kezel\u00e9se, valamint a szteroid \u00e9s a gamma globulin ter\u00e1pia bevezet\u00e9se emelhet\u0151 ki. Nemcsak a betegell\u00e1t\u00e1sban volt akt\u00edv, hanem az oktat\u00e1sban is; orvosok t\u00f6bb gener\u00e1ci\u00f3j\u00e1t nevelte ki a b\u0151rgy\u00f3gy\u00e1szati szakma sz\u00e1m\u00e1ra.<\/p>\n<p>Forr\u00e1s: B\u0151r-, Nemik\u00f3rtani \u00e9s B\u0151ronkol\u00f3giai Klinika<\/p>\n<\/div>\n","protected":false},"excerpt":{"rendered":"<p>A dr. F\u00f6ldv\u00e1ri Ferenc Alap\u00edtv\u00e1ny c\u00e9lja a klinika fiatal szakorvosainak d\u00edjaz\u00e1sa, munk\u00e1juk elismer\u00e9se.<\/p>\n","protected":false},"author":101282,"featured_media":98365,"comment_status":"closed","ping_status":"closed","sticky":false,"template":"","format":"standard","meta":{"_acf_changed":false,"footnotes":""},"categories":[154],"tags":[158],"class_list":["post-98364","post","type-post","status-publish","format-standard","has-post-thumbnail","hentry","category-egeszseg","tag-dijak-kituntetesek"],"acf":[],"_links":{"self":[{"href":"https:\/\/semmelweis.hu\/hirek\/wp-json\/wp\/v2\/posts\/98364","targetHints":{"allow":["GET"]}}],"collection":[{"href":"https:\/\/semmelweis.hu\/hirek\/wp-json\/wp\/v2\/posts"}],"about":[{"href":"https:\/\/semmelweis.hu\/hirek\/wp-json\/wp\/v2\/types\/post"}],"author":[{"embeddable":true,"href":"https:\/\/semmelweis.hu\/hirek\/wp-json\/wp\/v2\/users\/101282"}],"replies":[{"embeddable":true,"href":"https:\/\/semmelweis.hu\/hirek\/wp-json\/wp\/v2\/comments?post=98364"}],"version-history":[{"count":3,"href":"https:\/\/semmelweis.hu\/hirek\/wp-json\/wp\/v2\/posts\/98364\/revisions"}],"predecessor-version":[{"id":98369,"href":"https:\/\/semmelweis.hu\/hirek\/wp-json\/wp\/v2\/posts\/98364\/revisions\/98369"}],"wp:featuredmedia":[{"embeddable":true,"href":"https:\/\/semmelweis.hu\/hirek\/wp-json\/wp\/v2\/media\/98365"}],"wp:attachment":[{"href":"https:\/\/semmelweis.hu\/hirek\/wp-json\/wp\/v2\/media?parent=98364"}],"wp:term":[{"taxonomy":"category","embeddable":true,"href":"https:\/\/semmelweis.hu\/hirek\/wp-json\/wp\/v2\/categories?post=98364"},{"taxonomy":"post_tag","embeddable":true,"href":"https:\/\/semmelweis.hu\/hirek\/wp-json\/wp\/v2\/tags?post=98364"}],"curies":[{"name":"wp","href":"https:\/\/api.w.org\/{rel}","templated":true}]}}