{"id":98304,"date":"2020-08-28T06:01:28","date_gmt":"2020-08-28T04:01:28","guid":{"rendered":"https:\/\/semmelweis.hu\/hirek\/?p=98304"},"modified":"2024-02-02T13:01:28","modified_gmt":"2024-02-02T12:01:28","slug":"a-tudomanyos-diakkor-elmult-30-evenek-tortenete-ahogy-a-tdt-elnokok-lattak","status":"publish","type":"post","link":"https:\/\/semmelweis.hu\/hirek\/2020\/08\/28\/a-tudomanyos-diakkor-elmult-30-evenek-tortenete-ahogy-a-tdt-elnokok-lattak\/","title":{"rendered":"A Tudom\u00e1nyos Di\u00e1kk\u00f6r elm\u00falt 30 \u00e9v\u00e9nek t\u00f6rt\u00e9nete \u2013 ahogy a TDT-eln\u00f6k\u00f6k l\u00e1tt\u00e1k"},"content":{"rendered":"<div><em>A fot\u00f3k \u00e9s a besz\u00e9lget\u00e9s id\u00e9n febru\u00e1rban k\u00e9sz\u00fclt, a cikk megjelent az Orvosk\u00e9pz\u00e9s foly\u00f3iratban.<\/em><\/div>\n<div>\u00a0<\/div>\n<div class=\"lead\">T\u00f6bb mint hatvan\u00f6t \u00e9vvel ezel\u0151tt, az 1952\/53-as tan\u00e9vben indult \u00fatj\u00e1ra a Semmelweis Egyetemen a tudom\u00e1nyos di\u00e1kk\u00f6ri program. Cikk\u00fcnkben az elm\u00falt 30 \u00e9v t\u00f6rt\u00e9net\u00e9t id\u00e9zz\u00fck fel a Tudom\u00e1nyos Di\u00e1kk\u00f6ri Tan\u00e1cs el\u0151z\u0151 h\u00e1rom eln\u00f6ke, dr. Sp\u00e4t Andr\u00e1s, dr. Csermely P\u00e9ter \u00e9s dr. Merkely B\u00e9la seg\u00edts\u00e9g\u00e9vel, akik 10-10 \u00e9vig t\u00f6lt\u00f6tt\u00e9k be ezt a poz\u00edci\u00f3t. A besz\u00e9lget\u00e9sen jelen volt a tan\u00e1cs jelenlegi eln\u00f6ke, dr. Szij\u00e1rt\u00f3 Attila is. A tudom\u00e1nyos di\u00e1kk\u00f6ri munka hatalmas \u00f6r\u00f6met ad, sz\u00e1mos dologra megtan\u00edt \u00e9s k\u00f6nny\u0171 beleszeretni \u2013 t\u00f6bbek k\u00f6z\u00f6tt ebben is egyet\u00e9rtettek a vezet\u0151k. <span style=\"font-size: 1.1rem\">A <a href=\"https:\/\/semmelweis.hu\/tdk\/tudomanyos-diakkori-konferenciak\/eves-tdk-konferencia\/felhivas\/\" target=\"_blank\" rel=\"noopener noreferrer\">jubileumi \u00e9v TDK-konferenci\u00e1j\u00e1ra szeptember 2-4. k\u00f6z\u00f6tt ker\u00fcl sor<\/a>, az <a href=\"https:\/\/www.semmelweiskiado.hu\/termek\/1607\/orvoskepzes\/a-gradualis-es-posztgradualis-kepzes-folyoirata\" target=\"_blank\" rel=\"noopener noreferrer\">Orvosk\u00e9pz\u00e9s c. foly\u00f3irat konferenci\u00e1hoz kapcsol\u00f3d\u00f3 lapsz\u00e1ma<\/a> szint\u00e9n\u00a0tartalmazza a kor\u00e1bbi eln\u00f6k\u00f6kkel k\u00e9sz\u00edtett interj\u00fat is.<\/span><\/div>\n<p>\u00c9rt\u00e9kalap\u00fa TDK-t kell teremteni! \u2013 ezt a hitvall\u00e1st dr. Merkely B\u00e9la rektor \u2013 aki 2009 \u00e9s 2019 k\u00f6z\u00f6tt volt a Tudom\u00e1nyos Di\u00e1kk\u00f6ri Tan\u00e1cs (TDT) eln\u00f6ke \u2013 dr. Sp\u00e4t Andr\u00e1st\u00f3l, a tan\u00e1cs rendszerv\u00e1lt\u00e1s ut\u00e1ni els\u0151 eln\u00f6k\u00e9t\u0151l hallotta el\u0151sz\u00f6r, \u00e9s \u2013 mint fogalmazott \u2013 az \u0151 k\u00fcldet\u00e9s\u00e9t is jelent\u0151sen megalapozta ez a gondolat. A rektor felid\u00e9zte azt is, hogy mikor TDK-hallgat\u00f3k\u00e9nt Sp\u00e4t professzor vezet\u00e9s\u00e9vel mentek Szegedre az OTDK-ra, j\u00f3 ha 12-15 f\u0151s csapat m\u00e9rettethette meg mag\u00e1t. Ehhez k\u00e9pest a m\u00falt \u00e9vben Debrecenben megrendezett orsz\u00e1gos konferenci\u00e1n enn\u00e9l t\u00f6bb mint t\u00edzszer t\u00f6bben vehettek r\u00e9szt az egyetemr\u0151l. Ez is j\u00f3l t\u00fckr\u00f6zi az elm\u00falt h\u00e1rom \u00e9vtized fejl\u0151d\u00e9s\u00e9t, de t\u00e9rj\u00fcnk vissza el\u0151sz\u00f6r a gy\u00f6kerekhez.<\/p>\n<p><img loading=\"lazy\" decoding=\"async\" class=\"aligncenter size-full wp-image-98308\" src=\"https:\/\/semmelweis.hu\/hirek\/files\/2020\/08\/RS109233_C19A6839-scr.jpg\" alt=\"\" width=\"1200\" height=\"800\" srcset=\"https:\/\/semmelweis.hu\/hirek\/files\/2020\/08\/RS109233_C19A6839-scr.jpg 1200w, https:\/\/semmelweis.hu\/hirek\/files\/2020\/08\/RS109233_C19A6839-scr-400x267.jpg 400w, https:\/\/semmelweis.hu\/hirek\/files\/2020\/08\/RS109233_C19A6839-scr-900x600.jpg 900w, https:\/\/semmelweis.hu\/hirek\/files\/2020\/08\/RS109233_C19A6839-scr-768x512.jpg 768w, https:\/\/semmelweis.hu\/hirek\/files\/2020\/08\/RS109233_C19A6839-scr-753x502.jpg 753w, https:\/\/semmelweis.hu\/hirek\/files\/2020\/08\/RS109233_C19A6839-scr-203x135.jpg 203w\" sizes=\"auto, (max-width: 1200px) 100vw, 1200px\" \/>A K\u00f6zponti Lev\u00e9lt\u00e1rban fellelhet\u0151 1976-os egyetemi kiadv\u00e1ny szerint az 1952\/53-as tan\u00e9vben indult \u00fatj\u00e1ra a tudom\u00e1nyos di\u00e1kk\u00f6ri mozgalom az egyetemen. Az els\u0151 \u00e9vtizedekr\u0151l kev\u00e9s inform\u00e1ci\u00f3 maradt fenn, annyi ugyanakkor tudhat\u00f3, hogy a rendszerv\u00e1lt\u00e1s ut\u00e1ni els\u0151 eln\u00f6k, dr. Sp\u00e4t Andr\u00e1s dr. Kov\u00e1ch Arisztidt\u0151l vette \u00e1t a posztot.<\/p>\n<p><img loading=\"lazy\" decoding=\"async\" class=\"alignleft size-medium wp-image-98307\" src=\"https:\/\/semmelweis.hu\/hirek\/files\/2020\/08\/RS109198_C19A6983-scr-400x267.jpg\" alt=\"\" width=\"400\" height=\"267\" srcset=\"https:\/\/semmelweis.hu\/hirek\/files\/2020\/08\/RS109198_C19A6983-scr-400x267.jpg 400w, https:\/\/semmelweis.hu\/hirek\/files\/2020\/08\/RS109198_C19A6983-scr-900x600.jpg 900w, https:\/\/semmelweis.hu\/hirek\/files\/2020\/08\/RS109198_C19A6983-scr-768x512.jpg 768w, https:\/\/semmelweis.hu\/hirek\/files\/2020\/08\/RS109198_C19A6983-scr-753x502.jpg 753w, https:\/\/semmelweis.hu\/hirek\/files\/2020\/08\/RS109198_C19A6983-scr-203x135.jpg 203w, https:\/\/semmelweis.hu\/hirek\/files\/2020\/08\/RS109198_C19A6983-scr.jpg 1200w\" sizes=\"auto, (max-width: 400px) 100vw, 400px\" \/>Az itthon szovjet mint\u00e1ra az \u00f6tvenes \u00e9vekben megalakult tudom\u00e1nyos di\u00e1kk\u00f6r 1990-ig \u2013 ha cs\u00f6kken\u0151 m\u00e9rt\u00e9kben is \u2013 politikailag ellen\u0151rz\u00f6tt int\u00e9zm\u00e9ny volt, hiszen KISZ j\u00f3v\u00e1hagy\u00e1s kellett ahhoz, hogy valaki r\u00e9szt vehessen TDK-munk\u00e1ban \u2013 eml\u00e9kszik vissza dr. Sp\u00e4t Andr\u00e1s, hozz\u00e1t\u00e9ve, hogy eln\u00f6ks\u00e9ge idej\u00e9n \u00e9ppen ez\u00e9rt \u00faj alapokra kellett helyezni ezt a ter\u00fcletet is, teljesen \u00faj szab\u00e1lyoz\u00e1s k\u00e9sz\u00fclt p\u00e9ld\u00e1ul. A professor emeritus kiemelte a zs\u0171riz\u00e9s k\u00e9rd\u00e9s\u00e9t, amelynek m\u00f3dszer\u00e9t szint\u00e9n megv\u00e1ltoztatt\u00e1k, gondoskodva arr\u00f3l, hogy a sz\u0171kebb ter\u00fcletet, amir\u0151l el\u0151ad a hallgat\u00f3, legal\u00e1bb egyvalaki mindig k\u00e9pviselje. A TDT 1990 \u00e9s 2000 k\u00f6z\u00f6tti eln\u00f6ke el\u00e1rulta azt is, hogy szerinte a tan\u00e1cs legnehezebb feladata a b\u00edr\u00e1l\u00e1s, \u00e9s mikor \u00e1tvette az eln\u00f6ks\u00e9get, benne az is felmer\u00fclt, hogy javaslatot tesz a d\u00edjak elt\u00f6rl\u00e9s\u00e9re. Ez v\u00e9g\u00fcl nem t\u00f6rt\u00e9nt meg, de \u2013 mint hangs\u00falyozza \u2013 k\u00fcl\u00f6n\u00f6sen figyelni kell arra, hogy aki rendesen, tisztess\u00e9gesen dolgozik, megkapja az elismer\u00e9st, felismerje a zs\u0171ri azt, hogy mennyi munka van az adott kutat\u00e1sban. Fontos, hogy \u00e9rezze, tudja a hallgat\u00f3, hogy Goeth\u00e9vel mondva \u201ea dalnok jutalma a dal maga\u201d, vagyis nem felt\u00e9tlen\u00fcl a d\u00edj, hanem a megszerzett tud\u00e1s. Ugyanakkor az is hasznos, hogy a TDK-hallgat\u00f3 idej\u00e9ben megtapasztalja nemcsak a sikert, hanem a kudarcot is.<\/p>\n<p>Dr. Merkely B\u00e9la szerint ma m\u00e1r kisebb es\u00e9lye van annak, hogy egy igaz\u00e1n j\u00f3 TDK-munka nem kap jutalmat, hiszen a hallgat\u00f3k fele hazavihet valamilyen d\u00edjat a konferenci\u00e1r\u00f3l. Ugyanakkor a megfelel\u0151 elismer\u00e9st \u0151 is kardin\u00e1lis k\u00e9rd\u00e9snek tartja: \u201e\u00fagy lehet j\u00f3l motiv\u00e1lni a tehets\u00e9ges embereket, hogy ha valaki megdolgozott \u00e9rte, az\u00e9rt j\u00e1r a jutalom. Ha ebben frusztr\u00e1ci\u00f3 \u00e9ri az illet\u0151t \u00e9s egy kontraszelekci\u00f3 alakul ki, az nagyon vissza tudja venni a lend\u00fcletet.\u201d<\/p>\n<p><img loading=\"lazy\" decoding=\"async\" class=\"alignright size-medium wp-image-98306\" src=\"https:\/\/semmelweis.hu\/hirek\/files\/2020\/08\/RS109182_C19A7095-scr-267x400.jpg\" alt=\"\" width=\"267\" height=\"400\" srcset=\"https:\/\/semmelweis.hu\/hirek\/files\/2020\/08\/RS109182_C19A7095-scr-267x400.jpg 267w, https:\/\/semmelweis.hu\/hirek\/files\/2020\/08\/RS109182_C19A7095-scr-533x800.jpg 533w, https:\/\/semmelweis.hu\/hirek\/files\/2020\/08\/RS109182_C19A7095-scr.jpg 600w\" sizes=\"auto, (max-width: 267px) 100vw, 267px\" \/>A d\u00edjak sz\u00e1m\u00e1t \u00e9s az alternat\u00edv d\u00edjaz\u00e1st b\u0151v\u00edtette a tudom\u00e1nyos k\u00f6zlem\u00e9nyek elismer\u00e9s\u00e9nek lehet\u0151s\u00e9ge, ami dr. Csermely P\u00e9ter eln\u00f6ks\u00e9g\u00e9hez k\u00f6t\u0151dik. \u201eEgy \u00e9letre val\u00f3 mun\u00edci\u00f3t kaptam abb\u00f3l a besz\u00e9lget\u00e9sb\u0151l, mikor v\u00e1ratlanul beh\u00edvott Sp\u00e4t professzor a szob\u00e1j\u00e1ba \u00e9s felk\u00e9rt ut\u00f3d\u00e1nak. A v\u00e1lt\u00e1st azzal indokolta, hogy \u00e9ppen t\u00edz \u00e9ve t\u00f6lti be az eln\u00f6ki posztot, \u00e9s a t\u00edz \u00e9v pontosan annyi id\u0151, mikor abba kell hagynia valamit. Ez a gondolat annyira bennem maradt, hogy az\u00f3ta magam is t\u00edz\u00e9venk\u00e9nt v\u00e1ltok, ak\u00e1r kutat\u00e1si ter\u00fcletet\u201d \u2013 eml\u00e9kszik vissza dr. Csermely P\u00e9ter, aki 2000 \u00e9s 2009 k\u00f6z\u00f6tt t\u00f6lt\u00f6tte be az eln\u00f6ki posztot.<\/p>\n<p>El\u0151dj\u00e9t\u0151l egy j\u00f3l m\u0171k\u00f6d\u0151 rendszert vehetett \u00e1t, amit m\u00e1r \u201ecsak\u201d m\u0171k\u00f6dtetni kellett, ehhez pedig k\u00e9s\u0151bb olyan seg\u00edt\u0151t\u00e1rsai lettek, mint dr. Buday L\u00e1szl\u00f3 \u00e9s dr. Merkely B\u00e9la, illetve az adminisztr\u00e1ci\u00f3 ter\u00e9n Mih\u00e1ly Katalin. Eln\u00f6ki \u00e9vtized\u00e9b\u0151l a fontos folyamatok k\u00f6z\u00f6tt kiemelte, hogy rendszeress\u00e9 v\u00e1lt a TDK-hallgat\u00f3k t\u00e1rsszerz\u0151s\u00e9ge, s\u0151t els\u0151szerz\u0151s\u00e9ge tudom\u00e1nyos cikkekben, \u00e9ppen ez\u00e9rt vezett\u00e9k be ezek k\u00fcl\u00f6n d\u00edjaz\u00e1s\u00e1t, amib\u0151l hagyom\u00e1ny lett; \u00e9vente t\u00f6bb mint 10 ilyen elismer\u00e9st adnak \u00e1t. Ami az esetleges kudarcokat illeti, \u00fagy fogalmaz, a sikerhez hossz\u00fa t\u00e1von a kudarcok t\u0171r\u00e9s\u00e9n \u00e1t vezet az \u00fat, ezt is meg kell tanulniuk a di\u00e1koknak. Ezzel egy\u00fctt is a legnagyobb probl\u00e9m\u00e1t az jelentette ebben az id\u0151szakban, hogy sok volt a nagyon j\u00f3 el\u0151ad\u00e1s, viszont a keretsz\u00e1mok miatt keveset lehetett ezek k\u00f6z\u00fcl OTDK-ra vinni. Mint arra dr. Csermely P\u00e9ter \u00e9s ut\u00f3da, dr. Merkely B\u00e9la visszaeml\u00e9kezett, volt olyan, hogy kalapb\u00f3l h\u00fazt\u00e1k ki a neveket, mert a 18 helyre 60 arra egyform\u00e1n \u00e9rdemes el\u0151ad\u00e1s volt, nem tudtak igazs\u00e1gosan d\u00f6nteni.<\/p>\n<p><img loading=\"lazy\" decoding=\"async\" class=\"alignleft size-medium wp-image-98305\" src=\"https:\/\/semmelweis.hu\/hirek\/files\/2020\/08\/RS109213_C19A6906-scr-267x400.jpg\" alt=\"\" width=\"267\" height=\"400\" srcset=\"https:\/\/semmelweis.hu\/hirek\/files\/2020\/08\/RS109213_C19A6906-scr-267x400.jpg 267w, https:\/\/semmelweis.hu\/hirek\/files\/2020\/08\/RS109213_C19A6906-scr-533x800.jpg 533w, https:\/\/semmelweis.hu\/hirek\/files\/2020\/08\/RS109213_C19A6906-scr.jpg 600w\" sizes=\"auto, (max-width: 267px) 100vw, 267px\" \/>\u00c9ppen ez\u00e9rt tartja fontosnak dr. Merkely B\u00e9la azt az eln\u00f6ks\u00e9g\u00e9hez kapcsolhat\u00f3 el\u0151rel\u00e9p\u00e9st, hogy az OTDK viszonylag kicsi orvos- \u00e9s eg\u00e9szs\u00e9gtudom\u00e1nyi szekci\u00f3j\u00e1t siker\u00fclt jelent\u0151sen meger\u0151s\u00edteni egy \u00faj szab\u00e1lyoz\u00e1s bevezet\u00e9s\u00e9vel, amely szerint a helyi kongresszuson r\u00e9sztvev\u0151k ar\u00e1ny\u00e1ban lehetett deleg\u00e1lni hallgat\u00f3kat az orsz\u00e1gos megm\u00e9rettet\u00e9sre. A 2019-es debreceni OTDK-n m\u00e1r 700 f\u0151s volt a szekci\u00f3, a Semmelweis-deleg\u00e1ci\u00f3 pedig 170 f\u0151b\u0151l \u00e1llt, akik csaknem 100 d\u00edjat hoztak el. \u00a0A rektor \u2013 akit dr. Csermely P\u00e9ter javasolt ut\u00f3d\u00e1ul \u2013 azt vallja: a TDK adja az alapot az egyetem emberi er\u0151forr\u00e1s\u00e1nak fejleszt\u00e9s\u00e9hez. A TDK-sokb\u00f3l lesznek a PhD-hallgat\u00f3k, az oktat\u00f3k \u00e9s a szakorvosjel\u00f6ltek, majd a professzorok.\u00a0 Mint fogalmaz, gyakorlatilag egy eg\u00e9sz v\u00e1rosmajori klinika \u00e9p\u00fclt a TDK-ra Az els\u0151 tudom\u00e1nyos di\u00e1kk\u00f6r\u00f6se dr. Gell\u00e9r L\u00e1szl\u00f3 volt, aki ma egyetemi tan\u00e1r, eur\u00f3pai szinten ismert intervenci\u00f3s kardiol\u00f3gus, elektrofiziol\u00f3gus. Ma m\u00e1r az \u0151 TDK-sainak is vannak TDK-hallgat\u00f3i, teh\u00e1t m\u00e1r a d\u00e9dunoka gener\u00e1ci\u00f3 j\u00f6n a tehets\u00e9ggondoz\u00e1sban \u2013 jegyezte meg a rektor, aki kiemelte egykori tudom\u00e1nyos di\u00e1kk\u00f6ri hallgat\u00f3i k\u00f6z\u00fcl m\u00e1sok mellett dr. V\u00e1g\u00f3 Hajnalka \u00e9s dr. Zima Endre egyetemi docenseket is.\u00a0 \u00a0<\/p>\n<div class=\"keretes\">A <strong>jubileumi \u00e9v egyetemi TDK-konferenci\u00e1j\u00e1t<\/strong> 2020. szeptember 2-4. k\u00f6z\u00f6tt rendezik meg, miut\u00e1n m\u00e1rciusban a j\u00e1rv\u00e1nyhelyzet miatt elhalaszt\u00e1sra ker\u00fclt. Az Orvosk\u00e9pz\u00e9s konferenci\u00e1hoz kapcsol\u00f3d\u00f3 lapsz\u00e1ma <a href=\"https:\/\/www.semmelweiskiado.hu\/termek\/1607\/orvoskepzes\/a-gradualis-es-posztgradualis-kepzes-folyoirata\" target=\"_blank\" rel=\"noopener noreferrer\">ide kattintva t\u00f6lthet\u0151 le<\/a>. A nemzetk\u00f6zi TDK-konferencia id\u00e9n Zoom-rendszeren kereszt\u00fcl folyik majd.<\/div>\n<p>A rektor \u00fagy fogalmaz, a TDT tan\u00e1cs eln\u00f6k\u00f6k feladat\u00e1ban az \u00e9rt\u00e9k, a teljes\u00edtm\u00e9ny \u00e9s a hallgat\u00f3 a legfontosabb, \u00e9s azok lesznek j\u00f3 tan\u00e1cstagok, akik maguk is tutorok. A hagyom\u00e1nyokat megtartva \u0151 is maga tett javaslatot ut\u00f3d\u00e1ra. Dr. Szij\u00e1rt\u00f3 Attil\u00e1ra b\u0151 t\u00edz \u00e9ve, 2009-ben az els\u0151 olyan egyetemi TDK-konferenci\u00e1n figyelt fel, amit \u0151 szervezett m\u00e1r eln\u00f6kk\u00e9nt. A tan\u00e1cs ekkor az el\u0151b\u00edr\u00e1lat sor\u00e1n nem engedte konferenci\u00e1ra dr. Szij\u00e1rt\u00f3 Attila egyik TDK-hallgat\u00f3j\u00e1t, ami kapcs\u00e1n n\u00e9mi vita alakult ki, ugyanis a fiatal t\u00e9mavezet\u0151 nem \u00e9rtett egyet a d\u00f6nt\u00e9ssel. Merkely professzor eln\u00f6ks\u00e9ge alatt folyamatosan figyelte az egyetemi TDK m\u0171helyeket, ennek k\u00f6sz\u00f6nhet\u0151en n\u00e9h\u00e1ny \u00e9vvel k\u00e9s\u0151bb TDT-tagnak k\u00e9rte fel dr. Szij\u00e1rt\u00f3 Attil\u00e1t, aki 2019 \u00f3ta a TDT eln\u00f6ke.<\/p>\n<p><strong>Mi\u00e9rt j\u00f3 TDK-zni? &#8211; Az eln\u00f6k\u00f6k \u00fczenete a hallgat\u00f3knak<\/strong><\/p>\n<p>\u201eA TDK-munk\u00e1nak biztos nem az a c\u00e9lja, hogy egy sz\u0171k szakter\u00fclet kiemelked\u0151 szakembere legyen a hallgat\u00f3, hanem, hogy tanulja meg a kutat\u00f3munka m\u00f3dszertani alapjait, azt, hogy mik\u00e9nt kell az irodalmat k\u00f6vetni \u00e9s kritikusan olvasni, saj\u00e1t munk\u00e1j\u00e1t m\u00f3dszertanilag ellen\u0151rizni. Ez mind olyan dolog, amire annak is sz\u00fcks\u00e9ge lesz, aki klinikusk\u00e9nt dolgozik k\u00e9s\u0151bb.\u201d <strong style=\"font-size: 1rem\">Dr. Sp\u00e4t Andr\u00e1s<\/strong><\/p>\n<p>\u201eElk\u00e9peszt\u0151 \u00f6r\u00f6m, mikor az ember valamilyen felismer\u00e9sre jut, megtal\u00e1l valamit, ez\u00e9rt nagyon fontosnak tartom, hogy ezt az \u00f6r\u00f6mforr\u00e1st ne sp\u00f3roljuk el di\u00e1kjainkt\u00f3l, biztassuk \u0151ket a TDK-ban val\u00f3 r\u00e9szv\u00e9telre. Nagyon l\u00e9nyegesnek tartom azt, amikor a TDK-hallgat\u00f3 \u00e9s a t\u00e9mavezet\u0151 k\u00f6z\u00f6tt szoros kollegi\u00e1lis kapcsolat alakul ki. E kapcsolat min\u0151s\u00e9g\u00e9t j\u00f3l jelzi, hogy \u00e9n magam jobban izgulok, ha egy TDK-hallgat\u00f3m el\u0151ad\u00e1s\u00e1ra \u00fcl\u00f6k be, mintha nekem kell el\u0151adnom.\u201d <strong>Dr. Csermely P\u00e9ter<\/strong><\/p>\n<p>\u201eAz orvostudom\u00e1ny rendk\u00edv\u00fcl gyorsan fejl\u0151dik, ennek a term\u00e9szet\u00e9t nem lehet m\u00e1shogy megtapasztalni, csak ha mi magunk is belek\u00f3stolunk, l\u00e1tjuk a neh\u00e9zs\u00e9geket \u00e9s \u00f6r\u00f6m\u00f6ket. \u00c9n egy olyan szakm\u00e1t v\u00e1lasztottam, ami elk\u00e9peszt\u0151en gyorsan fejl\u0151d\u00f6tt az elm\u00falt harminc \u00e9vben. Olyan emberekkel tal\u00e1lkozhattam t\u00e9mavezet\u0151k\u00e9nt, akik t\u00e9nylegesen utat mutattak, \u00e9s a TDK-s alapok n\u00e9lk\u00fcl nem tudtam volna azt el\u00e9rni a kardiol\u00f3gi\u00e1ban, ahol most tartok. A TDK fejleszti a k\u00e9pess\u00e9geket, a kitart\u00e1st, megtan\u00edt a kudarc t\u0171r\u00e9s\u00e9re \u00e9s a siker elvisel\u00e9s\u00e9re, mert ut\u00f3bbi sem k\u00f6nny\u0171 mindig. Aki \u00fagy \u00e9rzi, hogy marad er\u0151 benne az egyetemi tanulm\u00e1nyok mellett, mindenk\u00e9pp pr\u00f3b\u00e1lja ki, hogy fejl\u0151dik a tudom\u00e1ny \u00e9s szerezzen saj\u00e1t tapasztalatokat, mert bele fog szeretni.\u201d <strong>Dr. Merkely B\u00e9la<\/strong><\/p>\n<p>Dobozi P\u00e1lma<br \/>\nFot\u00f3: Kov\u00e1cs Attila &#8211; Semmelweis Egyetem<\/p>\n<p><em>Az interj\u00fa megjelent az Orvosk\u00e9pz\u00e9s, 2020. XCV. \u00e9vfolyam 2. sz\u00e1m\u00e1ban<\/em><\/p>\n","protected":false},"excerpt":{"rendered":"<p>Dr. Sp\u00e4t Andr\u00e1ssal, dr. Csermely P\u00e9terrel \u00e9s dr. Merkely B\u00e9l\u00e1val id\u00e9n febru\u00e1rban besz\u00e9lgett\u00fcnk. <\/p>\n","protected":false},"author":13,"featured_media":98308,"comment_status":"closed","ping_status":"closed","sticky":false,"template":"","format":"standard","meta":{"_acf_changed":false,"footnotes":""},"categories":[3533,168],"tags":[273,4104],"class_list":["post-98304","post","type-post","status-publish","format-standard","has-post-thumbnail","hentry","category-hallgatok-oktatas","category-kiemelt","tag-tdk","tag-tdk-sorozat"],"acf":[],"_links":{"self":[{"href":"https:\/\/semmelweis.hu\/hirek\/wp-json\/wp\/v2\/posts\/98304","targetHints":{"allow":["GET"]}}],"collection":[{"href":"https:\/\/semmelweis.hu\/hirek\/wp-json\/wp\/v2\/posts"}],"about":[{"href":"https:\/\/semmelweis.hu\/hirek\/wp-json\/wp\/v2\/types\/post"}],"author":[{"embeddable":true,"href":"https:\/\/semmelweis.hu\/hirek\/wp-json\/wp\/v2\/users\/13"}],"replies":[{"embeddable":true,"href":"https:\/\/semmelweis.hu\/hirek\/wp-json\/wp\/v2\/comments?post=98304"}],"version-history":[{"count":6,"href":"https:\/\/semmelweis.hu\/hirek\/wp-json\/wp\/v2\/posts\/98304\/revisions"}],"predecessor-version":[{"id":133825,"href":"https:\/\/semmelweis.hu\/hirek\/wp-json\/wp\/v2\/posts\/98304\/revisions\/133825"}],"wp:featuredmedia":[{"embeddable":true,"href":"https:\/\/semmelweis.hu\/hirek\/wp-json\/wp\/v2\/media\/98308"}],"wp:attachment":[{"href":"https:\/\/semmelweis.hu\/hirek\/wp-json\/wp\/v2\/media?parent=98304"}],"wp:term":[{"taxonomy":"category","embeddable":true,"href":"https:\/\/semmelweis.hu\/hirek\/wp-json\/wp\/v2\/categories?post=98304"},{"taxonomy":"post_tag","embeddable":true,"href":"https:\/\/semmelweis.hu\/hirek\/wp-json\/wp\/v2\/tags?post=98304"}],"curies":[{"name":"wp","href":"https:\/\/api.w.org\/{rel}","templated":true}]}}