{"id":98208,"date":"2020-08-17T14:08:00","date_gmt":"2020-08-17T12:08:00","guid":{"rendered":"https:\/\/semmelweis.hu\/hirek\/?p=98208"},"modified":"2020-08-17T15:54:35","modified_gmt":"2020-08-17T13:54:35","slug":"golyatalalkozoval-kezdodott-a-frissen-felvett-hallgatok-egyetemi-elete","status":"publish","type":"post","link":"https:\/\/semmelweis.hu\/hirek\/2020\/08\/17\/golyatalalkozoval-kezdodott-a-frissen-felvett-hallgatok-egyetemi-elete\/","title":{"rendered":"G\u00f3lyatal\u00e1lkoz\u00f3val kezd\u0151d\u00f6tt a frissen felvett hallgat\u00f3k egyetemi \u00e9lete"},"content":{"rendered":"<div class=\"lead\">Az id\u00e9n felv\u00e9telt nyert g\u00f3ly\u00e1k a ponthat\u00e1rok kihirdet\u00e9se ut\u00e1n el\u0151sz\u00f6r ismerkedhettek meg k\u00f6zelebbr\u0151l is az egyetemmel. A Hallgat\u00f3i \u00d6nkorm\u00e1nyzat \u00e1ltal szervezett esem\u00e9nyen a leend\u0151 hallgat\u00f3kat dr. Merkely B\u00e9la rektor k\u00f6sz\u00f6nt\u00f6tte, aki a p\u00f3diumbesz\u00e9lget\u00e9s sor\u00e1n szem\u00e9lyes \u00e9lm\u00e9nyeir\u0151l \u00e9s tapasztalatair\u00f3l is besz\u00e1molt.<\/div>\n<p>Ugyan a tan\u00e9v hivatalosan csak n\u00e9h\u00e1ny h\u00e9t m\u00falva kezd\u0151dik, a Semmelweis Egyetem Elm\u00e9leti Orvostudom\u00e1nyi K\u00f6zpontj\u00e1nak aul\u00e1ja augusztus 13-\u00e1n megtelt di\u00e1kokkal. A Hallgat\u00f3i \u00d6nkorm\u00e1nyzat ugyanis a frissen felvettek sz\u00e1m\u00e1ra G\u00f3lyatal\u00e1lkoz\u00f3t szervezett, akik el\u0151sz\u00f6r l\u00e9phett\u00e9k \u00e1t az egyetem kapuj\u00e1t az\u00f3ta, hogy felv\u00e9telt nyertek ide.<\/p>\n<p><img loading=\"lazy\" decoding=\"async\" class=\"aligncenter wp-image-98210 size-full\" src=\"https:\/\/semmelweis.hu\/hirek\/files\/2020\/08\/G\u00d3LYATALALKOZO-34-scaled.jpg\" alt=\"\" width=\"2560\" height=\"1707\" srcset=\"https:\/\/semmelweis.hu\/hirek\/files\/2020\/08\/G\u00d3LYATALALKOZO-34-scaled.jpg 2560w, https:\/\/semmelweis.hu\/hirek\/files\/2020\/08\/G\u00d3LYATALALKOZO-34-400x267.jpg 400w, https:\/\/semmelweis.hu\/hirek\/files\/2020\/08\/G\u00d3LYATALALKOZO-34-900x600.jpg 900w, https:\/\/semmelweis.hu\/hirek\/files\/2020\/08\/G\u00d3LYATALALKOZO-34-768x512.jpg 768w, https:\/\/semmelweis.hu\/hirek\/files\/2020\/08\/G\u00d3LYATALALKOZO-34-1536x1024.jpg 1536w, https:\/\/semmelweis.hu\/hirek\/files\/2020\/08\/G\u00d3LYATALALKOZO-34-2048x1365.jpg 2048w, https:\/\/semmelweis.hu\/hirek\/files\/2020\/08\/G\u00d3LYATALALKOZO-34-753x502.jpg 753w, https:\/\/semmelweis.hu\/hirek\/files\/2020\/08\/G\u00d3LYATALALKOZO-34-203x135.jpg 203w\" sizes=\"auto, (max-width: 2560px) 100vw, 2560px\" \/>\u201eA 250 \u00e9ves trad\u00edci\u00f3kkal rendelkez\u0151 Semmelweis Egyetem hallgat\u00f3ik\u00e9nt a legszebb hivat\u00e1sra k\u00e9sz\u00fclhetnek fel n\u00e1lunk\u201d \u2013 k\u00f6sz\u00f6nt\u00f6tte a g\u00f3ly\u00e1kat dr. Merkely B\u00e9la rektor, aki elmondta: az orvos-eg\u00e9szs\u00e9g\u00fcgyi k\u00e9pz\u00e9s ir\u00e1nt \u00e9rdekl\u0151d\u0151k a legjobb helyet v\u00e1lasztott\u00e1k tanulm\u00e1nyaik sz\u00e1m\u00e1ra; de ugyan\u00edgy az int\u00e9zm\u00e9nybe is csak a legkiv\u00e1l\u00f3bbak nyerhettek felv\u00e9telt, hiszen ezen a szakter\u00fcleten id\u00e9n is a <a href=\"https:\/\/semmelweis.hu\/hirek\/2019\/07\/24\/a-semmelweisen-a-legmagasabb-a-ponthatar-az-orvos-es-egeszsegtudomanyi-teruleten\/\">Semmelweisen volt a legmagasabb a ponthat\u00e1r<\/a>. Az esem\u00e9nyen mindv\u00e9gig k\u00f6telez\u0151 volt a maszkhaszn\u00e1lat, \u00e9s a rektor felh\u00edvta a g\u00f3ly\u00e1k figyelm\u00e9t, hogy ehhez a j\u00f6v\u0151ben is hozz\u00e1 kell szokniuk. \u201eA j\u00e1rv\u00e1ny elleni k\u00fczdelemben m\u00e1r f\u00e9l \u00e9ves tapasztalattal rendelkez\u00fcnk, felk\u00e9sz\u00fclt\u00fcnk egy esetleges m\u00e1sodik hull\u00e1mra is\u201d \u2013 emelte ki dr. Merkely B\u00e9la, hozz\u00e1t\u00e9ve: szeptembert\u0151l \u00fan. hibrid oktat\u00e1sra k\u00e9sz\u00fcl az egyetem, amely sor\u00e1n a gyakorlatokat \u00e9s kis l\u00e9tsz\u00e1m\u00fa szemin\u00e1riumi \u00f3r\u00e1kat szem\u00e9lyes jelenl\u00e9ttel, a 100-200 f\u0151n\u00e9l nagyobb el\u0151ad\u00e1sokat pedig online m\u00f3don, a 2011 \u00f3ta alkalmazott Moodle \u00e9s az id\u00e9n bevezetett Zoom rendszeren kereszt\u00fcl tartj\u00e1k majd meg. Az egyetem minden int\u00e9zm\u00e9ny\u00e9ben, az eg\u00e9sz tan\u00e9v sor\u00e1n k\u00f6telez\u0151 lesz a maszkhaszn\u00e1lat.<\/p>\n<p><img loading=\"lazy\" decoding=\"async\" class=\"alignright size-medium wp-image-98216\" src=\"https:\/\/semmelweis.hu\/hirek\/files\/2020\/08\/gttali-4-400x267.jpg\" alt=\"\" width=\"400\" height=\"267\" srcset=\"https:\/\/semmelweis.hu\/hirek\/files\/2020\/08\/gttali-4-400x267.jpg 400w, https:\/\/semmelweis.hu\/hirek\/files\/2020\/08\/gttali-4-900x600.jpg 900w, https:\/\/semmelweis.hu\/hirek\/files\/2020\/08\/gttali-4-768x512.jpg 768w, https:\/\/semmelweis.hu\/hirek\/files\/2020\/08\/gttali-4-1536x1024.jpg 1536w, https:\/\/semmelweis.hu\/hirek\/files\/2020\/08\/gttali-4-2048x1365.jpg 2048w, https:\/\/semmelweis.hu\/hirek\/files\/2020\/08\/gttali-4-753x502.jpg 753w, https:\/\/semmelweis.hu\/hirek\/files\/2020\/08\/gttali-4-203x135.jpg 203w\" sizes=\"auto, (max-width: 400px) 100vw, 400px\" \/>A rektor felh\u00edvta a frissen felv\u00e9telt nyertek figyelm\u00e9t, hogy a 250 \u00e9ves egyetem 250. tan\u00e9v\u00e9re k\u00e9sz\u00fclnek szeptembert\u0151l. \u201eA Semmelweis Egyetem a fels\u0151oktat\u00e1si rangsorok szerint els\u0151 sz\u00e1m\u00fa hazai egyetemk\u00e9nt a vil\u00e1g 500 legjobbja k\u00f6z\u00e9 tartozik. C\u00e9lunk, hogy az els\u0151 100 k\u00f6z\u00e9 ker\u00fclj\u00fcnk \u2013 ehhez h\u00edvom most t\u00e1rsul \u00d6n\u00f6ket\u201d \u2013 sz\u00f3l\u00edtotta meg a g\u00f3ly\u00e1kat, akiknek gratul\u00e1lt a felv\u00e9telihez sok sikert k\u00edv\u00e1nt a tanulm\u00e1nyaikhoz.<\/p>\n<p>Dr. Merkely B\u00e9la ezt k\u00f6vet\u0151en Tripolszky B\u00e1lint H\u00d6K-eln\u00f6kkel egy p\u00f3diumbesz\u00e9lget\u00e9sen vett r\u00e9szt, amelynek sor\u00e1n besz\u00e1molt arr\u00f3l, mit jelent sz\u00e1m\u00e1ra, hogy imm\u00e1r 30 \u00e9ve az egyetem k\u00f6z\u00f6ss\u00e9g\u00e9hez tartozik, tov\u00e1bb\u00e1 sz\u00f3 esett a jubileumi \u00e9vben bevezetett, a gyakorlatorient\u00e1lt oktat\u00e1st el\u0151t\u00e9rbe helyez\u0151 kurrikulumreformr\u00f3l \u00e9s arr\u00f3l is, hogy a rektor mik\u00e9nt eml\u00e9kszik vissza saj\u00e1t, g\u00f3lyak\u00e9nt \u00e1t\u00e9lt eml\u00e9keire.<\/p>\n<p><img loading=\"lazy\" decoding=\"async\" class=\"alignleft size-medium wp-image-98214\" src=\"https:\/\/semmelweis.hu\/hirek\/files\/2020\/08\/G\u00d3LYATALALKOZO-8-400x267.jpg\" alt=\"\" width=\"400\" height=\"267\" srcset=\"https:\/\/semmelweis.hu\/hirek\/files\/2020\/08\/G\u00d3LYATALALKOZO-8-400x267.jpg 400w, https:\/\/semmelweis.hu\/hirek\/files\/2020\/08\/G\u00d3LYATALALKOZO-8-900x600.jpg 900w, https:\/\/semmelweis.hu\/hirek\/files\/2020\/08\/G\u00d3LYATALALKOZO-8-768x512.jpg 768w, https:\/\/semmelweis.hu\/hirek\/files\/2020\/08\/G\u00d3LYATALALKOZO-8-1536x1024.jpg 1536w, https:\/\/semmelweis.hu\/hirek\/files\/2020\/08\/G\u00d3LYATALALKOZO-8-2048x1365.jpg 2048w, https:\/\/semmelweis.hu\/hirek\/files\/2020\/08\/G\u00d3LYATALALKOZO-8-753x502.jpg 753w, https:\/\/semmelweis.hu\/hirek\/files\/2020\/08\/G\u00d3LYATALALKOZO-8-203x135.jpg 203w\" sizes=\"auto, (max-width: 400px) 100vw, 400px\" \/>\u201eNemcsak a Semmelweis Egyetemhez, de egy \u00f6sszetart\u00f3 k\u00f6z\u00f6ss\u00e9ghez is csatlakoztok\u201d \u2013 emelte ki a leend\u0151 hallgat\u00f3knak mondott besz\u00e9d\u00e9ben Tripolszky B\u00e1lint, aki szerint p\u00e1r h\u00f3nap m\u00falva az esem\u00e9nynek otthont ad\u00f3, T\u0171zolt\u00f3 utcai \u00e9p\u00fcletbe is \u00fagy fognak m\u00e1r bel\u00e9pni, mint akik haza\u00e9rkeztek. Az egyetem Hallgat\u00f3i \u00d6nkorm\u00e1nyzat\u00e1nak eln\u00f6ke szerint fontos seg\u00edteni a g\u00f3ly\u00e1knak a beilleszked\u00e9sben, ez\u00e9rt is rendezt\u00e9k az esem\u00e9nyt. \u201eA g\u00f3lyat\u00e1bor a k\u00f6t\u00f6tt programokon t\u00fal ink\u00e1bb a sz\u00f3rakoz\u00e1sr\u00f3l sz\u00f3l, \u00e9pp ez\u00e9rt szerett\u00fcnk volna p\u00e1r nappal el\u0151tte egy olyan tal\u00e1lkoz\u00f3t rendezni a frissen felvettek sz\u00e1m\u00e1ra, amely sor\u00e1n az egyetem sz\u00ednter\u00e9n, nyugodtabb k\u00f6r\u00fclm\u00e9nyek k\u00f6z\u00f6tt megismerkedhetnek j\u00f6vend\u0151beli int\u00e9zm\u00e9ny\u00fckkel \u00e9s feltehetik k\u00e9rd\u00e9seiket is\u201d \u2013 magyar\u00e1zta.<\/p>\n<p>A p\u00f3diumbesz\u00e9lget\u00e9s ut\u00e1n a g\u00f3ly\u00e1k egy egyetem t\u00f6rt\u00e9net\u00e9vel kapcsolatos kv\u00edzben is r\u00e9szt vehettek, majd pedig karokra bontva lehet\u0151s\u00e9g\u00fck volt a H\u00d6K kari vezet\u0151ivel \u00e9s \u00e9vfolyamvezet\u0151ivel is besz\u00e9lgetni, akik nemcsak a k\u00e9rd\u00e9sekre v\u00e1laszoltak, de tan\u00e1csokat is adtak, illetve megosztott\u00e1k tapasztalataikat a frissen felvett hallgat\u00f3kkal.<\/p>\n<p>Szab\u00f3 \u00c1d\u00e1m<br \/>\nFot\u00f3: Barta B\u00e1lint &#8211; Semmelweis Egyetem Hallgat\u00f3i \u00d6nkorm\u00e1nyzat<\/p>\n","protected":false},"excerpt":{"rendered":"<p>Az id\u00e9n felv\u00e9telt nyert g\u00f3ly\u00e1k a felv\u00e9teli ponthat\u00e1rok kihirdet\u00e9se ut\u00e1n el\u0151sz\u00f6r ismerkedhettek meg k\u00f6zelebbr\u0151l is az egyetemmel.<\/p>\n","protected":false},"author":101751,"featured_media":98211,"comment_status":"closed","ping_status":"closed","sticky":false,"template":"","format":"standard","meta":{"_acf_changed":false,"footnotes":""},"categories":[3533,168],"tags":[697],"class_list":["post-98208","post","type-post","status-publish","format-standard","has-post-thumbnail","hentry","category-hallgatok-oktatas","category-kiemelt","tag-hok"],"acf":[],"_links":{"self":[{"href":"https:\/\/semmelweis.hu\/hirek\/wp-json\/wp\/v2\/posts\/98208","targetHints":{"allow":["GET"]}}],"collection":[{"href":"https:\/\/semmelweis.hu\/hirek\/wp-json\/wp\/v2\/posts"}],"about":[{"href":"https:\/\/semmelweis.hu\/hirek\/wp-json\/wp\/v2\/types\/post"}],"author":[{"embeddable":true,"href":"https:\/\/semmelweis.hu\/hirek\/wp-json\/wp\/v2\/users\/101751"}],"replies":[{"embeddable":true,"href":"https:\/\/semmelweis.hu\/hirek\/wp-json\/wp\/v2\/comments?post=98208"}],"version-history":[{"count":8,"href":"https:\/\/semmelweis.hu\/hirek\/wp-json\/wp\/v2\/posts\/98208\/revisions"}],"predecessor-version":[{"id":98226,"href":"https:\/\/semmelweis.hu\/hirek\/wp-json\/wp\/v2\/posts\/98208\/revisions\/98226"}],"wp:featuredmedia":[{"embeddable":true,"href":"https:\/\/semmelweis.hu\/hirek\/wp-json\/wp\/v2\/media\/98211"}],"wp:attachment":[{"href":"https:\/\/semmelweis.hu\/hirek\/wp-json\/wp\/v2\/media?parent=98208"}],"wp:term":[{"taxonomy":"category","embeddable":true,"href":"https:\/\/semmelweis.hu\/hirek\/wp-json\/wp\/v2\/categories?post=98208"},{"taxonomy":"post_tag","embeddable":true,"href":"https:\/\/semmelweis.hu\/hirek\/wp-json\/wp\/v2\/tags?post=98208"}],"curies":[{"name":"wp","href":"https:\/\/api.w.org\/{rel}","templated":true}]}}