{"id":98173,"date":"2020-08-12T09:14:25","date_gmt":"2020-08-12T07:14:25","guid":{"rendered":"https:\/\/semmelweis.hu\/hirek\/?p=98173"},"modified":"2020-08-12T09:14:25","modified_gmt":"2020-08-12T07:14:25","slug":"etkezes-utan-ne-mossunk-rogton-fogat","status":"publish","type":"post","link":"https:\/\/semmelweis.hu\/hirek\/2020\/08\/12\/etkezes-utan-ne-mossunk-rogton-fogat\/","title":{"rendered":"\u00c9tkez\u00e9s ut\u00e1n ne mossunk r\u00f6gt\u00f6n fogat"},"content":{"rendered":"<div class=\"lead\"><strong>A megfelel\u0151 fogmos\u00e1si technika \u00e9s a fogkefe, fogkr\u00e9m \u00f6nmag\u00e1ban m\u00e9g nem el\u00e9g az optim\u00e1lis fog\u00e1pol\u00e1shoz, legal\u00e1bb ilyen fontos a fogmos\u00e1s helyes id\u0151z\u00edt\u00e9se. Ny\u00e1ron, amikor a sok gy\u00fcm\u00f6lcs \u00e9s savas friss\u00edt\u0151 ital tov\u00e1bb fokozza a saver\u00f3zi\u00f3t, k\u00fcl\u00f6n\u00f6sen \u00e9rdemes figyelni arra, hogy ne r\u00f6gt\u00f6n \u00e9tkez\u00e9s ut\u00e1n, hanem csak f\u00e9l-egy \u00f3r\u00e1val k\u00e9s\u0151bb vegy\u00fck k\u00e9zbe a fogkef\u00e9t. Ezzel elej\u00e9t vehetj\u00fck sz\u00e1mos kellemetlen t\u00fcnet kialakul\u00e1s\u00e1nak. <\/strong><\/div>\n<p><img loading=\"lazy\" decoding=\"async\" class=\"alignleft wp-image-98174 size-medium\" src=\"https:\/\/semmelweis.hu\/hirek\/files\/2020\/08\/RS123200_C19A9725-scr-256x400.jpg\" alt=\"\" width=\"256\" height=\"400\" srcset=\"https:\/\/semmelweis.hu\/hirek\/files\/2020\/08\/RS123200_C19A9725-scr-256x400.jpg 256w, https:\/\/semmelweis.hu\/hirek\/files\/2020\/08\/RS123200_C19A9725-scr-511x800.jpg 511w, https:\/\/semmelweis.hu\/hirek\/files\/2020\/08\/RS123200_C19A9725-scr.jpg 575w\" sizes=\"auto, (max-width: 256px) 100vw, 256px\" \/>A saver\u00f3zi\u00f3 sor\u00e1n a fog kem\u00e9ny sz\u00f6veteib\u0151l \u00e1sv\u00e1nyi anyagok old\u00f3dnak ki. Ez eleinte m\u00e9g nem okoz l\u00e1that\u00f3 v\u00e1ltoz\u00e1st, k\u00e9s\u0151bb azonban matt\u00e1 v\u00e1lik t\u0151le a fogfelsz\u00edn, ahogy pedig egyre t\u00f6bb anyag old\u00f3dik ki a fogb\u00f3l, kop\u00e1sok keletkezhetnek a koron\u00e1n, a gy\u00f6k\u00e9rfelsz\u00ednen vagy mindkett\u0151n. Saver\u00f3zi\u00f3t id\u00e9zhetnek el\u0151 a sz\u00e9nsavas \u00fcd\u00edt\u0151italok \u00e9s a gy\u00fcm\u00f6lcs\u00f6k, z\u00f6lds\u00e9gek, de p\u00e9ld\u00e1ul az uszoda vize is, ha annak pH-\u00e9rt\u00e9ke nem optim\u00e1lis \u2013 magyar\u00e1zza dr. Nevelits Annam\u00e1ria. A Semmelweis Egyetem Parodontol\u00f3giai Klinik\u00e1j\u00e1nak fogorvosa szerint \u00e9rdemes kifejezetten a saver\u00f3zi\u00f3 ellen hat\u00f3 fogkr\u00e9met haszn\u00e1lni, de enn\u00e9l l\u00e9nyegesebb k\u00e9rd\u00e9s a fogmos\u00e1s id\u0151z\u00edt\u00e9se. Savhat\u00e1s ut\u00e1n legal\u00e1bb f\u00e9l-egy \u00f3r\u00e1t javasolt v\u00e1rni annak \u00e9rdek\u00e9ben, hogy a zom\u00e1ncb\u00f3l, illetve a fog kem\u00e9ny sz\u00f6veteib\u0151l kiold\u00f3dott foganyag k\u00e9pes legyen a remineraliz\u00e1ci\u00f3ra, vagyis az \u00e1sv\u00e1nyi anyag vissza\u00e9p\u00fcl\u00e9s\u00e9re, \u00e9s azt a fogkef\u00e9vel ne d\u00f6rzs\u00f6lj\u00fck le azonnal. A saver\u00f3zi\u00f3 t\u00fcnetei sz\u00e9les spektrum k\u00f6z\u00f6tt v\u00e1ltozhatnak a l\u00e1thatatlan elv\u00e1ltoz\u00e1st\u00f3l \u00a0ak\u00e1r az elviselhetetlen f\u00e1jdalomig. A kop\u00e1sokat neh\u00e9z tiszt\u00edtani, n\u00f6velhetik a plakkok k\u00e9pz\u0151d\u00e9s\u00e9t, a k\u00f6rnyez\u0151 sz\u00f6vetek is begyulladhatnak, \u00e9s ezek is okozhatnak panaszokat, v\u00e9rz\u00e9st, f\u00e1jdalmat. Az el\u0151rehaladott folyamat a fog teljes integrit\u00e1s\u00e1t is vesz\u00e9lyeztetheti, megny\u00edlhat a fogb\u00e9lcsatorna, \u00e9s a gy\u00f6k\u00e9rkezel\u00e9sig is eljuthatunk \u2013 ismerteti a fogorvos.<\/p>\n<p>A parodontol\u00f3gus \u00fagy v\u00e9li, a magyar emberek legt\u00f6bbje nagyon lelkes fogmos\u00f3, \u00e1m ez nem felt\u00e9tlen\u00fcl t\u00e1rsul j\u00f3 fogmos\u00e1si technik\u00e1val. Emiatt ugyancsak el\u0151fordulhatnak szuvasod\u00e1sok, \u00ednygyullad\u00e1sok, ami fog\u00e1gybetegs\u00e9gbe is torkollhat. A j\u00f3 technik\u00e1t teh\u00e1t meg kell tanulni, \u00e9s ak\u00e1r az egy\u00e9nre szabott napi sz\u00e1j\u00e1pol\u00e1si rutin miatt is \u00e9rdemes felkeresni a fogorvost. A szakember \u00e9rz\u00e9kletes p\u00e9ld\u00e1val illusztr\u00e1lja ennek fontoss\u00e1g\u00e1t: a fogaink olyanok, mint egy t\u00f3ban l\u00e9v\u0151 kavics, amelyet cs\u00fasz\u00f3s, ny\u00e1lk\u00e1s r\u00e9teg bor\u00edt, \u00e9s egy saj\u00e1t kis \u00f6kosziszt\u00e9ma tal\u00e1lhat\u00f3 rajta. A kavicsr\u00f3l semmilyen v\u00edz\u00e1raml\u00e1s, mos\u00f3-, sodr\u00f3 hat\u00e1s nem k\u00e9pes az \u00f6kosziszt\u00e9m\u00e1t elt\u00e1vol\u00edtani, vagyis a fogainkat is csak akkor tudjuk megtiszt\u00edtani, ha ehhez eszk\u00f6zt \u2013 optim\u00e1lis esetben puha vagy k\u00f6zepesen er\u0151s s\u00f6rt\u00e9j\u0171 fogkef\u00e9t \u2013 haszn\u00e1lunk. A kem\u00e9ny fokozhatja az \u00ednyvisszah\u00faz\u00f3d\u00e1s kialakul\u00e1st, ami szabadd\u00e1 teheti a fognyakat \u00e9s \u00e9rz\u00e9kenys\u00e9ghez vezethet. A fogkr\u00e9mek k\u00f6z\u00fcl a fluoridtartalm\u00faak seg\u00edthetnek, \u00e1m \u00e9rdemes tudni, hogy a fluorid csak a megfelel\u0151en tiszta fogakon hat\u00e1sos. Aj\u00e1nlatos teh\u00e1t a fluoridos fogkr\u00e9m haszn\u00e1lata el\u0151tt alaposan megtiszt\u00edtani a fogfelsz\u00edneket csup\u00e1n fogkef\u00e9vel, illetve naponta egyszer speci\u00e1lis fogk\u00f6ztiszt\u00edt\u00f3 kef\u00e9t is javasol a szakember az \u00e9telmarad\u00e9kok elt\u00e1vol\u00edt\u00e1s\u00e1ra.<\/p>\n<p><iframe loading=\"lazy\" title=\"Semmelweis oktat\u00f3vide\u00f3k - Fogmos\u00e1s\" width=\"753\" height=\"424\" src=\"https:\/\/www.youtube.com\/embed\/jB5R7qA6_ZU?feature=oembed\" frameborder=\"0\" allow=\"accelerometer; autoplay; encrypted-media; gyroscope; picture-in-picture\" allowfullscreen><\/iframe><\/p>\n<p>Dr. Nevelits Annam\u00e1ria ismertette: a savak dupl\u00e1n \u00e1rthatnak; nemcsak azzal, hogy k\u00f6zvetlen\u00fcl hatnak a zom\u00e1ncra, hanem az\u00e1ltal is fokozhatj\u00e1k a saver\u00f3zi\u00f3t, hogy cs\u00f6kkentik a sz\u00e1j\u00fcreg pH-\u00e9rt\u00e9k\u00e9t. Ha ez 5,5 pH-\u00e9rt\u00e9k al\u00e1 esik, akkor k\u00f6zvetett m\u00f3don is elkezd kiold\u00f3dni a foganyag, ez\u00e9rt \u00e9rdemes odafigyelni arra, hogy megfelel\u0151 legyen a ny\u00e1lelv\u00e1laszt\u00e1sunk. Az elegend\u0151 folyad\u00e9kfogyaszt\u00e1s teh\u00e1t nemcsak az\u00e9rt fontos, hogy ne sz\u00e1radjunk ki, hanem hogy a sz\u00e1j\u00fcreg pH-\u00e9rt\u00e9k\u00e9t is hamarabb helyre\u00e1ll\u00edtsuk, ez\u00e1ltal is cs\u00f6kkentve a savak hat\u00e1s\u00e1t a fogakra. Ebb\u0151l a szempontb\u00f3l is v\u00edz a legoptim\u00e1lisabb ital, mivel a ny\u00e1lelv\u00e1laszt\u00e1s fokoz\u00e1s\u00e1val a ny\u00e1lban l\u00e9v\u0151 \u00e1sv\u00e1nyi anyagok visszaker\u00fclnek a fogra. Nem v\u00e9letlen az sem, hogy egy francia men\u00fcsor sajttal fejez\u0151dik be: v\u00e9d\u0151r\u00e9teget k\u00e9pezve a fogak felsz\u00edn\u00e9n ez is seg\u00edt abban, hogy a sz\u00e1j\u00fcregi pH hamarabb vissza\u00e1lljon \u2013 r\u00e9szletezi a szakember. \u00a0<\/p>\n<p>Dr. Nevelits Annam\u00e1ria szerint nemcsak a t\u00fcnetek kezel\u00e9se fontos, hanem az oki t\u00e9nyez\u0151k megsz\u00fcntet\u00e9se is, ez\u00e9rt \u00e9rdemes megfelel\u0151 anamn\u00e9zissel, a p\u00e1ciens kik\u00e9rdez\u00e9s\u00e9vel pontos diagn\u00f3zist fel\u00e1ll\u00edtani, mi okozhatja a saver\u00f3zi\u00f3t. A kezel\u00e9si lehet\u0151s\u00e9gek is sz\u00e9lesk\u00f6r\u0171ek lehetnek az otthon haszn\u00e1lt k\u00e9sz\u00edtm\u00e9nyekt\u0151l a fogorvosn\u00e1l alkalmazott elj\u00e1r\u00e1sig.<\/p>\n<p>D\u00e1vid Orsolya<br \/>\nFot\u00f3: Kov\u00e1cs Attila \u2013 Semmelweis Egyetem<br \/>\nVide\u00f3: Semmelweis Egyetem<\/p>\n","protected":false},"excerpt":{"rendered":"<p>Ny\u00e1ron k\u00fcl\u00f6n\u00f6sen figyelj\u00fcnk arra, hogy \u00e9tkez\u00e9st k\u00f6vet\u0151en f\u00e9l-egy \u00f3ra eltelt\u00e9vel vegy\u00fck k\u00e9zbe a fogkef\u00e9t. <\/p>\n","protected":false},"author":101748,"featured_media":98179,"comment_status":"closed","ping_status":"closed","sticky":false,"template":"","format":"standard","meta":{"_acf_changed":false,"footnotes":""},"categories":[154,168],"tags":[4121],"class_list":["post-98173","post","type-post","status-publish","format-standard","has-post-thumbnail","hentry","category-egeszseg","category-kiemelt","tag-temaajanlo"],"acf":[],"_links":{"self":[{"href":"https:\/\/semmelweis.hu\/hirek\/wp-json\/wp\/v2\/posts\/98173","targetHints":{"allow":["GET"]}}],"collection":[{"href":"https:\/\/semmelweis.hu\/hirek\/wp-json\/wp\/v2\/posts"}],"about":[{"href":"https:\/\/semmelweis.hu\/hirek\/wp-json\/wp\/v2\/types\/post"}],"author":[{"embeddable":true,"href":"https:\/\/semmelweis.hu\/hirek\/wp-json\/wp\/v2\/users\/101748"}],"replies":[{"embeddable":true,"href":"https:\/\/semmelweis.hu\/hirek\/wp-json\/wp\/v2\/comments?post=98173"}],"version-history":[{"count":2,"href":"https:\/\/semmelweis.hu\/hirek\/wp-json\/wp\/v2\/posts\/98173\/revisions"}],"predecessor-version":[{"id":98180,"href":"https:\/\/semmelweis.hu\/hirek\/wp-json\/wp\/v2\/posts\/98173\/revisions\/98180"}],"wp:featuredmedia":[{"embeddable":true,"href":"https:\/\/semmelweis.hu\/hirek\/wp-json\/wp\/v2\/media\/98179"}],"wp:attachment":[{"href":"https:\/\/semmelweis.hu\/hirek\/wp-json\/wp\/v2\/media?parent=98173"}],"wp:term":[{"taxonomy":"category","embeddable":true,"href":"https:\/\/semmelweis.hu\/hirek\/wp-json\/wp\/v2\/categories?post=98173"},{"taxonomy":"post_tag","embeddable":true,"href":"https:\/\/semmelweis.hu\/hirek\/wp-json\/wp\/v2\/tags?post=98173"}],"curies":[{"name":"wp","href":"https:\/\/api.w.org\/{rel}","templated":true}]}}