{"id":97711,"date":"2020-07-17T14:32:37","date_gmt":"2020-07-17T12:32:37","guid":{"rendered":"https:\/\/semmelweis.hu\/hirek\/?p=97711"},"modified":"2020-07-20T12:52:29","modified_gmt":"2020-07-20T10:52:29","slug":"prosztatarak-sokszor-tul-keson-fordulnak-orvoshoz-a-magyar-ferfiak","status":"publish","type":"post","link":"https:\/\/semmelweis.hu\/hirek\/2020\/07\/17\/prosztatarak-sokszor-tul-keson-fordulnak-orvoshoz-a-magyar-ferfiak\/","title":{"rendered":"Prosztatar\u00e1k: sokszor t\u00fal k\u00e9s\u0151n fordulnak orvoshoz a magyar f\u00e9rfiak"},"content":{"rendered":"<div class=\"lead\">Az eur\u00f3pai \u00e1tlagn\u00e1l rosszabb a prosztatar\u00e1k hal\u00e1loz\u00e1si ar\u00e1nya Magyarorsz\u00e1gon, mert panaszaikkal a betegek k\u00e9s\u0151n fordulnak orvoshoz \u2013 a Semmelweis Egyetem online el\u0151ad\u00e1ssal \u00e9s ingyenes sz\u0171r\u00e9si lehet\u0151s\u00e9ggel szeretn\u00e9 felh\u00edvni erre a figyelmet. A j\u00falius 22-i Semmelweis Eg\u00e9szs\u00e9g Napokra <a href=\"https:\/\/semmelweis.hu\/250\/semmelweis-egeszseg-napok\/gyogyitas-tetotol-talpig\/\" target=\"_blank\" rel=\"noopener noreferrer\">az egyetem honlapj\u00e1n lehet jelentkezni.<\/a> A t\u00e9m\u00e1ban az el\u0151ad\u00e1sra jelentkez\u0151k k\u00f6z\u00fcl csaknem sz\u00e1zan r\u00e9szt vehetnek egy szeptemberi d\u00edjmentes prosztatar\u00e1k-sz\u0171r\u00e9sen is a Semmelweis Egyetem Urol\u00f3giai Klinik\u00e1j\u00e1n.<\/div>\n<p>Haz\u00e1kban az eur\u00f3pai \u00e1tlag feletti az olyan prosztatar\u00e1k megbeteged\u00e9sek ar\u00e1nya, amelyeket m\u00e1r csak a daganatos \u00e1tt\u00e9tek kialakul\u00e1s\u00e1t k\u00f6vet\u0151en vesznek \u00e9szre, amikor m\u00e1r nehezebb megmenteni a p\u00e1ciens \u00e9let\u00e9t. N\u00e1lunk mintegy 30 sz\u00e1zal\u00e9k ez az ar\u00e1ny, m\u00edg Nyugat-Eur\u00f3p\u00e1ban jellemz\u0151en 10-15 sz\u00e1zal\u00e9k. \u00c9ppen ez\u00e9rt is h\u00edvja fel a figyelmet egy online el\u0151ad\u00e1s az urol\u00f3giai sz\u0171r\u0151vizsg\u00e1lat jelent\u0151s\u00e9g\u00e9re a Semmelweis Eg\u00e9szs\u00e9g Napokon.<\/p>\n<p><a href=\"https:\/\/semmelweis.hu\/hirek\/files\/2020\/07\/RS117807_C19A6092-scr.jpg\"><img loading=\"lazy\" decoding=\"async\" class=\"aligncenter wp-image-97713 size-full\" src=\"https:\/\/semmelweis.hu\/hirek\/files\/2020\/07\/RS117807_C19A6092-scr.jpg\" alt=\"\" width=\"1200\" height=\"773\" srcset=\"https:\/\/semmelweis.hu\/hirek\/files\/2020\/07\/RS117807_C19A6092-scr.jpg 1200w, https:\/\/semmelweis.hu\/hirek\/files\/2020\/07\/RS117807_C19A6092-scr-400x258.jpg 400w, https:\/\/semmelweis.hu\/hirek\/files\/2020\/07\/RS117807_C19A6092-scr-900x580.jpg 900w, https:\/\/semmelweis.hu\/hirek\/files\/2020\/07\/RS117807_C19A6092-scr-768x495.jpg 768w, https:\/\/semmelweis.hu\/hirek\/files\/2020\/07\/RS117807_C19A6092-scr-753x485.jpg 753w\" sizes=\"auto, (max-width: 1200px) 100vw, 1200px\" \/><\/a><\/p>\n<p>A prosztatar\u00e1k megbeteged\u00e9si statisztik\u00e1ban az eur\u00f3pai k\u00f6z\u00e9pmez\u0151nyben tal\u00e1lhat\u00f3 Magyarorsz\u00e1g, de a hal\u00e1loz\u00e1si ar\u00e1nysz\u00e1m sokkal magasabb. Lakoss\u00e1gar\u00e1nyosan majdnem annyian halnak meg Magyarorsz\u00e1gon prosztatar\u00e1kban, mint azokban a Skandin\u00e1v orsz\u00e1gokban ahol k\u00e9t \u00e9s f\u00e9lszeres a betegs\u00e9g gyakoris\u00e1ga. Haz\u00e1nkban a f\u00e9rfiak daganat miatti elhal\u00e1loz\u00e1s\u00e1nak negyedik leggyakoribb oka a prosztatar\u00e1k. Ha valakin\u00e9l id\u0151ben fedezik fel a betegs\u00e9get, akkor a radik\u00e1lis prosztata-elt\u00e1vol\u00edt\u00e1ssal javulnak az \u00e9letkil\u00e1t\u00e1sai, viszont ha k\u00e9s\u0151i a felismer\u00e9s, akkor m\u00e1r csak gy\u00f3gyszeres kezel\u00e9sre van m\u00f3d, \u00e9s a v\u00e1rhat\u00f3 \u00e9letkor is alacsonyabb \u2013 mutatott r\u00e1 dr. Nyir\u00e1dy P\u00e9ter, a Semmelweis Egyetem Urol\u00f3giai Klinik\u00e1j\u00e1nak igazgat\u00f3ja.<\/p>\n<p><a href=\"https:\/\/semmelweis.hu\/hirek\/files\/2020\/07\/RS49204_NyiradyPeter-scr.jpg\"><img loading=\"lazy\" decoding=\"async\" class=\"alignleft size-medium wp-image-97714\" src=\"https:\/\/semmelweis.hu\/hirek\/files\/2020\/07\/RS49204_NyiradyPeter-scr-267x400.jpg\" alt=\"\" width=\"267\" height=\"400\" srcset=\"https:\/\/semmelweis.hu\/hirek\/files\/2020\/07\/RS49204_NyiradyPeter-scr-267x400.jpg 267w, https:\/\/semmelweis.hu\/hirek\/files\/2020\/07\/RS49204_NyiradyPeter-scr.jpg 500w\" sizes=\"auto, (max-width: 267px) 100vw, 267px\" \/><\/a>Egy k\u00f6vet\u00e9ses vizsg\u00e1lat szerint jobb az \u00e9letkil\u00e1t\u00e1sa azoknak, akiknek radik\u00e1lisan elt\u00e1vol\u00edtj\u00e1k a prosztat\u00e1j\u00e1t. Az ilyen beavatkoz\u00e1son \u00e1tesett 70 \u00e9v felettiek \u00e1tlagosan m\u00e9g 11,4, m\u00edg a gy\u00f3gyszerest kezel\u00e9st kap\u00f3k 7,4 \u00e9vig \u00e9ltek. A 70 \u00e9v alattiakn\u00e1l ez 11,3, illetve 8,8 \u00e9v. Ebb\u0151l a jelent\u0151s k\u00fcl\u00f6nbs\u00e9gb\u0151l is l\u00e1tszik, mennyire fontos a korai felismer\u00e9s \u2013 hangs\u00falyozta dr. Nyir\u00e1dy P\u00e9ter.<\/p>\n<p>Aki b\u00e1rmilyen urol\u00f3giai panaszt, p\u00e9ld\u00e1ul gyakori vizel\u00e9si ingert \u00e9szlel, annak egyb\u0151l \u00e9rdemes felkeresnie a szakrendel\u00e9st. A szakmai javaslat szerint 40 \u00e9s 50 \u00e9ves kor k\u00f6z\u00f6tt legal\u00e1bb egyszer \u00e9rdemes elv\u00e9geztetni egy olyan v\u00e9rvizsg\u00e1latot, ahol a PSA, azaz prosztataspecifikus antig\u00e9nt n\u00e9zik meg. Emellett egy olyan prosztatavizsg\u00e1latot is kell v\u00e9geztetni, amikor a szakorvos a v\u00e9gb\u00e9len kereszt\u00fcl megtapintja a prosztat\u00e1t. Akinek a k\u00f6zvetlen csal\u00e1dj\u00e1ban el\u0151fordult m\u00e1r a betegs\u00e9g annak 45 \u00e9ves kort\u00f3l, a t\u00f6bbieknek 50 \u00e9ves kort\u00f3l \u00e9rdemes egy-k\u00e9t \u00e9vente megvizsg\u00e1ltatni magukat.<\/p>\n<p><a href=\"https:\/\/semmelweis.hu\/hirek\/files\/2020\/07\/RS117810_C19A6109-scr.jpg\"><img loading=\"lazy\" decoding=\"async\" class=\"alignright size-medium wp-image-97721\" src=\"https:\/\/semmelweis.hu\/hirek\/files\/2020\/07\/RS117810_C19A6109-scr-250x400.jpg\" alt=\"\" width=\"250\" height=\"400\" srcset=\"https:\/\/semmelweis.hu\/hirek\/files\/2020\/07\/RS117810_C19A6109-scr-250x400.jpg 250w, https:\/\/semmelweis.hu\/hirek\/files\/2020\/07\/RS117810_C19A6109-scr-500x800.jpg 500w, https:\/\/semmelweis.hu\/hirek\/files\/2020\/07\/RS117810_C19A6109-scr.jpg 562w\" sizes=\"auto, (max-width: 250px) 100vw, 250px\" \/><\/a>A f\u00e9rfiak eg\u00e9szs\u00e9gtudatoss\u00e1ga nagyban elmarad a h\u00f6lgyek\u00e9t\u0151l, sokszor pont a n\u0151i csal\u00e1dtagok besz\u00e9lik r\u00e1 a f\u00e9rfiakat a vizsg\u00e1latra. A gy\u00f3gyul\u00e1sra sokkal nagyobb az es\u00e9ly, ha valaki eg\u00e9szs\u00e9ges \u00e9letm\u00f3dot folytat \u00e9s rendszeresen vesz r\u00e9szt vizsg\u00e1latokon. Az legfontosabb az eg\u00e9szs\u00e9gtudatos \u00e9letm\u00f3d, a v\u00e1ltozatos t\u00e1pl\u00e1lkoz\u00e1s, az optim\u00e1lis tests\u00faly \u00e9s a rendszeres testmozg\u00e1s. Ezzel egy\u00e9bk\u00e9nt a kr\u00f3nikus megbeteged\u00e9sek 60 sz\u00e1zal\u00e9k\u00e1t lehet megel\u0151zni, ami igaz a prosztatar\u00e1kra is, amelynek egy\u00e9bk\u00e9nt nincsenek specifikus t\u00fcnetei \u2013 h\u00fazta al\u00e1 dr. Kov\u00e1cs Petra, a Semmelweis Egyetem Urol\u00f3giai Klinika szakorvos jel\u00f6ltje, aki \u00fagy l\u00e1tja, hogy a fiatalabb gener\u00e1ci\u00f3 m\u00e1r tudatosabb az eg\u00e9szs\u00e9g\u00e9vel kapcsolatban.<\/p>\n<p>A Semmelweis Eg\u00e9szs\u00e9g Napok Az urol\u00f3giai sz\u0171r\u0151vizsg\u00e1lat jelent\u0151s\u00e9ge c\u00edm\u0171 online elad\u00e1s\u00e1n r\u00e9sztvev\u0151k k\u00f6z\u00fcl k\u00f6zel sz\u00e1zan \u2013 \u00f6sszesen 96-an \u2013 jelentkezhetnek az Urol\u00f3giai Klinika \u00e1ltal szervezett ingyenes prosztatar\u00e1k-sz\u0171r\u00e9sre, amelyet szeptember 12-\u00e9n tartanak. A vizsg\u00e1latra val\u00f3 regisztr\u00e1ci\u00f3 pontos menet\u00e9r\u0151l a j\u00falius 22-i online el\u0151ad\u00e1sr\u00f3l sz\u00f3l\u00f3 t\u00e1j\u00e9koztat\u00f3 e-mailben kapnak r\u00e9szletes inform\u00e1ci\u00f3kat az \u00e9rdekl\u0151d\u0151k.<\/p>\n<p>Beck Andr\u00e1s<br \/>\nFot\u00f3: Kov\u00e1cs Attila \u2013 Semmelweis Egyetem<\/p>\n<p><strong>A Semmelweis Eg\u00e9szs\u00e9g Napok k\u00f6vetkez\u0151 rendezv\u00e9ny\u00e9nek id\u0151pontja: <\/strong><br \/>\n<span style=\"font-size: 1rem\"><strong>2020. j\u00falius 22., szerda 16:00-20:00 \u00f3r<\/strong>a<\/span><\/p>\n<p>A programok regisztr\u00e1ci\u00f3k\u00f6telesek, az online r\u00e9szv\u00e9telhez a Zoom program sz\u00fcks\u00e9ges, melyet a <a href=\"https:\/\/zoom.us\/download\" target=\"_blank\" rel=\"noopener noreferrer\">https:\/\/zoom.us\/download<\/a> oldalr\u00f3l t\u00f6lthet\u0151 le ingyenesen.<br \/>\nA r\u00e9szletes program \u00e9s a regisztr\u00e1ci\u00f3 <a href=\"https:\/\/semmelweis.hu\/250\/semmelweis-egeszseg-napok\/gyogyitas-tetotol-talpig\/\" target=\"_blank\" rel=\"noopener noreferrer\">ide kattintva \u00e9rhet\u0151 el.<\/a><\/p>\n","protected":false},"excerpt":{"rendered":"<p>Az eur\u00f3pai \u00e1tlagn\u00e1l rosszabb a prosztatar\u00e1k hal\u00e1loz\u00e1si ar\u00e1nya Magyarorsz\u00e1gon. <\/p>\n","protected":false},"author":101723,"featured_media":97713,"comment_status":"closed","ping_status":"closed","sticky":false,"template":"","format":"standard","meta":{"_acf_changed":false,"footnotes":""},"categories":[154],"tags":[4240,4218,4121],"class_list":["post-97711","post","type-post","status-publish","format-standard","has-post-thumbnail","hentry","category-egeszseg","tag-jubileumi-hirek","tag-semmelweis-250","tag-temaajanlo"],"acf":[],"_links":{"self":[{"href":"https:\/\/semmelweis.hu\/hirek\/wp-json\/wp\/v2\/posts\/97711","targetHints":{"allow":["GET"]}}],"collection":[{"href":"https:\/\/semmelweis.hu\/hirek\/wp-json\/wp\/v2\/posts"}],"about":[{"href":"https:\/\/semmelweis.hu\/hirek\/wp-json\/wp\/v2\/types\/post"}],"author":[{"embeddable":true,"href":"https:\/\/semmelweis.hu\/hirek\/wp-json\/wp\/v2\/users\/101723"}],"replies":[{"embeddable":true,"href":"https:\/\/semmelweis.hu\/hirek\/wp-json\/wp\/v2\/comments?post=97711"}],"version-history":[{"count":6,"href":"https:\/\/semmelweis.hu\/hirek\/wp-json\/wp\/v2\/posts\/97711\/revisions"}],"predecessor-version":[{"id":97852,"href":"https:\/\/semmelweis.hu\/hirek\/wp-json\/wp\/v2\/posts\/97711\/revisions\/97852"}],"wp:featuredmedia":[{"embeddable":true,"href":"https:\/\/semmelweis.hu\/hirek\/wp-json\/wp\/v2\/media\/97713"}],"wp:attachment":[{"href":"https:\/\/semmelweis.hu\/hirek\/wp-json\/wp\/v2\/media?parent=97711"}],"wp:term":[{"taxonomy":"category","embeddable":true,"href":"https:\/\/semmelweis.hu\/hirek\/wp-json\/wp\/v2\/categories?post=97711"},{"taxonomy":"post_tag","embeddable":true,"href":"https:\/\/semmelweis.hu\/hirek\/wp-json\/wp\/v2\/tags?post=97711"}],"curies":[{"name":"wp","href":"https:\/\/api.w.org\/{rel}","templated":true}]}}