{"id":97485,"date":"2020-07-06T16:28:38","date_gmt":"2020-07-06T14:28:38","guid":{"rendered":"https:\/\/semmelweis.hu\/hirek\/?p=97485"},"modified":"2020-07-07T12:41:58","modified_gmt":"2020-07-07T10:41:58","slug":"az-egyetem-tobb-munkatarsa-is-miniszteriumi-elismeresben-reszesult-semmelweis-nap-alkalmabol","status":"publish","type":"post","link":"https:\/\/semmelweis.hu\/hirek\/2020\/07\/06\/az-egyetem-tobb-munkatarsa-is-miniszteriumi-elismeresben-reszesult-semmelweis-nap-alkalmabol\/","title":{"rendered":"Miniszt\u00e9riumi elismer\u00e9s az egyetem t\u00f6bb munkat\u00e1rs\u00e1nak Semmelweis Napon"},"content":{"rendered":"<div class=\"lead\">Semmelweis Nap alkalm\u00e1b\u00f3l Batthy\u00e1ny-Strattmann L\u00e1szl\u00f3-d\u00edjat vehetett \u00e1t dr. Pajor Attila, a Sz\u00fcl\u00e9szeti \u00e9s N\u0151gy\u00f3gy\u00e1szati Klinika egyetemi tan\u00e1ra \u00e9s dr. Windisch P\u00e9ter, a Parodontol\u00f3giai Klinika igazgat\u00f3ja. A II. Sz. Gyermekgy\u00f3gy\u00e1szati Klinika Hematol\u00f3giai Oszt\u00e1lya pedig Miniszteri Elismer\u0151 Oklev\u00e9lben r\u00e9szes\u00fclt.<\/div>\n<p>A Pesti Vigad\u00f3ban tartott \u00fcnnepi esem\u00e9nyen az egyetem t\u00f6bb munkat\u00e1rsa is Semmelweis- napi elismer\u00e9sben r\u00e9szes\u00fclt. Az eg\u00e9szs\u00e9g\u00fcgyi ter\u00fcleten v\u00e9gzett szakmai \u00e9s k\u00f6zszolg\u00e1lati munka, illetve a betegell\u00e1t\u00e1sban, tudom\u00e1nyos kutat\u00e1sban el\u00e9rt kimagasl\u00f3 teljes\u00edtm\u00e9ny elismer\u00e9sek\u00e9nt dr. K\u00e1sler Mikl\u00f3s, az emberi er\u0151forr\u00e1sok minisztere Batthy\u00e1ny-Strattmann L\u00e1szl\u00f3-d\u00edjat adom\u00e1nyozott dr. Pajor Attil\u00e1nak, a Sz\u00fcl\u00e9szeti \u00e9s N\u0151gy\u00f3gy\u00e1szati Klinika egyetemi tan\u00e1r\u00e1nak \u00e9s dr. Windisch P\u00e9ternek, a Parodontol\u00f3giai Klinika igazgat\u00f3j\u00e1nak. Az eg\u00e9szs\u00e9g\u00fcgy ter\u00fclet\u00e9n v\u00e9gzett magas sz\u00ednvonal\u00fa szakmai munk\u00e1j\u00e1\u00e9rt pedig Miniszteri Elismer\u0151 Oklev\u00e9lben r\u00e9szes\u00fclt a II. Sz. Gyermekgy\u00f3gy\u00e1szati Klinika Hematol\u00f3giai Oszt\u00e1ly\u00e1nak munkacsoportja.<\/p>\n\r\n        [slb_exclude]\r\n        <div class=\"row galeria-wrapper mx-0 h-auto\">\r\n            <div class=\"col-9 pl-0 pr-2\">\r\n            <span class=\"gallery-item frame\">\r\n\t\t\t\t<div class=\"galeria-left-img\"><a href=\"https:\/\/semmelweis.hu\/hirek\/files\/2020\/07\/2007068713-scaled.jpg\"><img src=https:\/\/semmelweis.hu\/hirek\/files\/2020\/07\/2007068713-scaled.jpg  \r\n                            alt=\"\" \r\n                            class=\"attachment-sote-gallery-big size-sote-gallery-big\" \r\n                            srcset=\"https:\/\/semmelweis.hu\/hirek\/files\/2020\/07\/2007068713-400x267.jpg 400w, https:\/\/semmelweis.hu\/hirek\/files\/2020\/07\/2007068713-900x600.jpg 900w, https:\/\/semmelweis.hu\/hirek\/files\/2020\/07\/2007068713-768x512.jpg 768w, https:\/\/semmelweis.hu\/hirek\/files\/2020\/07\/2007068713-1536x1024.jpg 1536w, https:\/\/semmelweis.hu\/hirek\/files\/2020\/07\/2007068713-2048x1365.jpg 2048w, https:\/\/semmelweis.hu\/hirek\/files\/2020\/07\/2007068713-753x502.jpg 753w, https:\/\/semmelweis.hu\/hirek\/files\/2020\/07\/2007068713-203x135.jpg 203w\" ><\/a><\/div>\r\n            <\/span>\r\n\r\n            <\/div>\r\n\r\n\t\t\t<div class=\"col-3 pl-0 pr-0\">\r\n\t\t\t\t<div class=\"galeria-right-img d-flex justify-content-between flex-column h-100 w-100 px-0 mx-0 \">\r\n                <div class=\"galeria-box\">\r\n\t\t\t\t\t<h3 class=\"galeria-title\">Gal\u00e9ria<\/h3>\r\n\t\t\t\t\t<div class=\"galeria-subtitle\">\r\n\r\n\t\t\t\t\t\t<div class=\"galeria-page-counter\"><span>5<\/span>k\u00e9p<\/div>\r\n                    <\/div> <\/div>\r\n                    <span class=\"gallery-item frame d-none d-md-flex\">\r\n\t\t\t\t\t<div class=\"galeria-small-img mt-0\"><a href=\"https:\/\/semmelweis.hu\/hirek\/files\/2020\/07\/Download_semmelweis-nap-k\u00e1sler.jpg\"><img src=https:\/\/semmelweis.hu\/hirek\/files\/2020\/07\/Download_semmelweis-nap-k\u00e1sler.jpg \r\n                                alt=\"\"  \r\n                                class=\"attachment-sote-gallery-small size-sote-gallery-small\" \r\n                                srcset=\"https:\/\/semmelweis.hu\/hirek\/files\/2020\/07\/Download_semmelweis-nap-k\u00e1sler-400x225.jpg 400w, https:\/\/semmelweis.hu\/hirek\/files\/2020\/07\/Download_semmelweis-nap-k\u00e1sler-900x506.jpg 900w, https:\/\/semmelweis.hu\/hirek\/files\/2020\/07\/Download_semmelweis-nap-k\u00e1sler-768x432.jpg 768w, https:\/\/semmelweis.hu\/hirek\/files\/2020\/07\/Download_semmelweis-nap-k\u00e1sler-753x424.jpg 753w, https:\/\/semmelweis.hu\/hirek\/files\/2020\/07\/Download_semmelweis-nap-k\u00e1sler.jpg 1200w\" ><\/a><\/div>\r\n                    <\/span>\r\n                    <span class=\"gallery-item frame d-none d-md-flex\">\r\n\t\t\t\t\t<div class=\"galeria-small-img mt-0\"><a href=\"https:\/\/semmelweis.hu\/hirek\/files\/2020\/07\/2007068898-1-scaled.jpg\"><img src=https:\/\/semmelweis.hu\/hirek\/files\/2020\/07\/2007068898-1-scaled.jpg \r\n                                alt=\"\" \r\n                                class=\"attachment-sote-gallery-small size-sote-gallery-small\" \r\n                                srcset=\"https:\/\/semmelweis.hu\/hirek\/files\/2020\/07\/2007068898-1-400x267.jpg 400w, https:\/\/semmelweis.hu\/hirek\/files\/2020\/07\/2007068898-1-900x600.jpg 900w, https:\/\/semmelweis.hu\/hirek\/files\/2020\/07\/2007068898-1-768x512.jpg 768w, https:\/\/semmelweis.hu\/hirek\/files\/2020\/07\/2007068898-1-1536x1024.jpg 1536w, https:\/\/semmelweis.hu\/hirek\/files\/2020\/07\/2007068898-1-2048x1365.jpg 2048w, https:\/\/semmelweis.hu\/hirek\/files\/2020\/07\/2007068898-1-753x502.jpg 753w, https:\/\/semmelweis.hu\/hirek\/files\/2020\/07\/2007068898-1-203x135.jpg 203w\" ><\/a><\/div>\r\n                    <\/span>\r\n\r\n                <\/div>\r\n\r\n            <\/div>\r\n\r\n            <span class=\"gallery-item\"><div class=\"hidden\"><a href=\"https:\/\/semmelweis.hu\/hirek\/files\/2020\/07\/2007068925-1-scaled.jpg\">\r\n        <img src=https:\/\/semmelweis.hu\/hirek\/files\/2020\/07\/2007068925-1-scaled.jpg alt=\"\" class=\"attachment-sote-gallery-big size-sote-gallery-big\" srcset=\"https:\/\/semmelweis.hu\/hirek\/files\/2020\/07\/2007068925-1-400x267.jpg 400w, https:\/\/semmelweis.hu\/hirek\/files\/2020\/07\/2007068925-1-900x600.jpg 900w, https:\/\/semmelweis.hu\/hirek\/files\/2020\/07\/2007068925-1-768x512.jpg 768w, https:\/\/semmelweis.hu\/hirek\/files\/2020\/07\/2007068925-1-1536x1024.jpg 1536w, https:\/\/semmelweis.hu\/hirek\/files\/2020\/07\/2007068925-1-2048x1365.jpg 2048w, https:\/\/semmelweis.hu\/hirek\/files\/2020\/07\/2007068925-1-753x502.jpg 753w, https:\/\/semmelweis.hu\/hirek\/files\/2020\/07\/2007068925-1-203x135.jpg 203w\" >\r\n        <\/a><\/div><\/span><span class=\"gallery-item\"><div class=\"hidden\"><a href=\"https:\/\/semmelweis.hu\/hirek\/files\/2020\/07\/2007069041-scaled.jpg\">\r\n        <img src=https:\/\/semmelweis.hu\/hirek\/files\/2020\/07\/2007069041-scaled.jpg alt=\"\" class=\"attachment-sote-gallery-big size-sote-gallery-big\" srcset=\"https:\/\/semmelweis.hu\/hirek\/files\/2020\/07\/2007069041-400x267.jpg 400w, https:\/\/semmelweis.hu\/hirek\/files\/2020\/07\/2007069041-900x600.jpg 900w, https:\/\/semmelweis.hu\/hirek\/files\/2020\/07\/2007069041-768x512.jpg 768w, https:\/\/semmelweis.hu\/hirek\/files\/2020\/07\/2007069041-1536x1024.jpg 1536w, https:\/\/semmelweis.hu\/hirek\/files\/2020\/07\/2007069041-2048x1365.jpg 2048w, https:\/\/semmelweis.hu\/hirek\/files\/2020\/07\/2007069041-753x502.jpg 753w, https:\/\/semmelweis.hu\/hirek\/files\/2020\/07\/2007069041-203x135.jpg 203w\" >\r\n        <\/a><\/div><\/span>\r\n            <\/div>\r\n\r\n            [\/slb_exclude]\r\n\t\n<p>Az \u00fcnnepi esem\u00e9nyen Semmelweis-d\u00edjat kapott dr. Lippai J\u00f3zsef, a Jahn Ferenc D\u00e9l-pesti K\u00f3rh\u00e1z I. Sz. belgy\u00f3gy\u00e1szati kardiol\u00f3giai oszt\u00e1ly oszt\u00e1lyvezet\u0151 f\u0151orvosa, valamint 11-en r\u00e9szes\u00fcltek Batthy\u00e1ny-Strattmann L\u00e1szl\u00f3 d\u00edjban, tov\u00e1bb\u00e1 miniszteri elismer\u00e9seket is \u00e1tadtak a Semmelweis Nap alkalm\u00e1b\u00f3l. A d\u00edjakat dr. K\u00e1sler Mikl\u00f3s miniszter \u00e9s dr. Horv\u00e1th Ildik\u00f3 eg\u00e9szs\u00e9g\u00fcgy\u00e9rt felel\u0151s \u00e1llamtitk\u00e1r adta \u00e1t.<\/p>\n<p>B\u00f3di Bernadett<br \/>\nForr\u00e1s: MTI<\/p>\n<p>Fot\u00f3: EMMI \/ Bartos Gyula<\/p>\n<p>&nbsp;<\/p>\n","protected":false},"excerpt":{"rendered":"<p>Kit\u00fcntet\u00e9st kapott dr. Pajor Attila, dr. Windisch P\u00e9ter \u00e9s a II. Sz. Gyermekgy\u00f3gy\u00e1szati Klinika Hematol\u00f3giai Oszt\u00e1lya. <\/p>\n","protected":false},"author":13,"featured_media":97507,"comment_status":"closed","ping_status":"closed","sticky":false,"template":"","format":"standard","meta":{"_acf_changed":false,"footnotes":""},"categories":[157,168],"tags":[158],"class_list":["post-97485","post","type-post","status-publish","format-standard","has-post-thumbnail","hentry","category-semmelweis-vilag","category-kiemelt","tag-dijak-kituntetesek"],"acf":[],"_links":{"self":[{"href":"https:\/\/semmelweis.hu\/hirek\/wp-json\/wp\/v2\/posts\/97485","targetHints":{"allow":["GET"]}}],"collection":[{"href":"https:\/\/semmelweis.hu\/hirek\/wp-json\/wp\/v2\/posts"}],"about":[{"href":"https:\/\/semmelweis.hu\/hirek\/wp-json\/wp\/v2\/types\/post"}],"author":[{"embeddable":true,"href":"https:\/\/semmelweis.hu\/hirek\/wp-json\/wp\/v2\/users\/13"}],"replies":[{"embeddable":true,"href":"https:\/\/semmelweis.hu\/hirek\/wp-json\/wp\/v2\/comments?post=97485"}],"version-history":[{"count":10,"href":"https:\/\/semmelweis.hu\/hirek\/wp-json\/wp\/v2\/posts\/97485\/revisions"}],"predecessor-version":[{"id":97513,"href":"https:\/\/semmelweis.hu\/hirek\/wp-json\/wp\/v2\/posts\/97485\/revisions\/97513"}],"wp:featuredmedia":[{"embeddable":true,"href":"https:\/\/semmelweis.hu\/hirek\/wp-json\/wp\/v2\/media\/97507"}],"wp:attachment":[{"href":"https:\/\/semmelweis.hu\/hirek\/wp-json\/wp\/v2\/media?parent=97485"}],"wp:term":[{"taxonomy":"category","embeddable":true,"href":"https:\/\/semmelweis.hu\/hirek\/wp-json\/wp\/v2\/categories?post=97485"},{"taxonomy":"post_tag","embeddable":true,"href":"https:\/\/semmelweis.hu\/hirek\/wp-json\/wp\/v2\/tags?post=97485"}],"curies":[{"name":"wp","href":"https:\/\/api.w.org\/{rel}","templated":true}]}}