{"id":96743,"date":"2020-05-29T16:49:18","date_gmt":"2020-05-29T14:49:18","guid":{"rendered":"https:\/\/semmelweis.hu\/hirek\/?p=96743"},"modified":"2020-05-29T16:49:18","modified_gmt":"2020-05-29T14:49:18","slug":"az-orszagos-verellato-szolgalat-felhivasa-hallgatok-szamara","status":"publish","type":"post","link":"https:\/\/semmelweis.hu\/hirek\/2020\/05\/29\/az-orszagos-verellato-szolgalat-felhivasa-hallgatok-szamara\/","title":{"rendered":"Az Orsz\u00e1gos V\u00e9rell\u00e1t\u00f3 Szolg\u00e1lat felh\u00edv\u00e1sa hallgat\u00f3k sz\u00e1m\u00e1ra"},"content":{"rendered":"<p>Kedves Hallgat\u00f3k!<\/p>\n<p>Az elm\u00falt id\u0151szak sz\u00e1motokra is nagy v\u00e1ltoz\u00e1sokat hozott mind az oktat\u00e1s, mind a h\u00e9tk\u00f6znapok ter\u00e9n. Az egyetemi bulik mellett egy\u00e9b egyetemi esem\u00e9nyek is elmaradtak, \u00edgy a sz\u00e1motokra megszervezett v\u00e9rad\u00e1sok is.<\/p>\n<p>Eg\u00e9sz \u00e9vben sz\u00e1m\u00edtunk \u00e9s sz\u00e1m\u00edthatunk is a seg\u00edts\u00e9getekre, de a mostani helyzetben ez k\u00fcl\u00f6n\u00f6sen igaz.<\/p>\n<p>Arra k\u00e9r\u00fcnk benneteket, hogy a k\u00f6vetkez\u0151 napokban, hetekben gyertek el v\u00e9rt adni, hiszen a v\u00e9rk\u00e9sz\u00edtm\u00e9nyekre ebben az id\u0151szakban is folyamatosan sz\u00fcks\u00e9ge van az eg\u00e9szs\u00e9g\u00fcgyi int\u00e9zm\u00e9nyeknek, a v\u00e9r pedig csak v\u00e9rad\u00e1ssal p\u00f3tolhat\u00f3.<\/p>\n<p>A legk\u00f6zelebbi v\u00e9rad\u00e1si lehet\u0151s\u00e9gekr\u0151l a k\u00f6vetkez\u0151 linken t\u00e1j\u00e9koz\u00f3dhattok:<\/p>\n<p><a href=\"http:\/\/www.ovsz.hu\/ver\/veradasok\">http:\/\/www.ovsz.hu\/ver\/veradasok<\/a><\/p>\n<p>Ne felejts\u00e9tek otthon a szem\u00e9lyi igazolv\u00e1nyotokat, lakc\u00edm- \u00e9s TAJ-k\u00e1rty\u00e1tokat!<\/p>\n<p>K\u00f6sz\u00f6nj\u00fck, hogy most is sz\u00e1m\u00edthatunk R\u00e1tok!<\/p>\n<p>&nbsp;<\/p>\n<p align=\"right\">Orsz\u00e1gos V\u00e9rell\u00e1t\u00f3 Szolg\u00e1lat<\/p>\n","protected":false},"excerpt":{"rendered":"<p>V\u00e9rad\u00e1sra buzd\u00edtja a hallgat\u00f3kat az OVSZ.<\/p>\n","protected":false},"author":101132,"featured_media":96069,"comment_status":"closed","ping_status":"closed","sticky":false,"template":"","format":"standard","meta":{"_acf_changed":false,"footnotes":""},"categories":[154],"tags":[4257],"class_list":["post-96743","post","type-post","status-publish","format-standard","has-post-thumbnail","hentry","category-egeszseg","tag-koronavirus"],"acf":[],"_links":{"self":[{"href":"https:\/\/semmelweis.hu\/hirek\/wp-json\/wp\/v2\/posts\/96743","targetHints":{"allow":["GET"]}}],"collection":[{"href":"https:\/\/semmelweis.hu\/hirek\/wp-json\/wp\/v2\/posts"}],"about":[{"href":"https:\/\/semmelweis.hu\/hirek\/wp-json\/wp\/v2\/types\/post"}],"author":[{"embeddable":true,"href":"https:\/\/semmelweis.hu\/hirek\/wp-json\/wp\/v2\/users\/101132"}],"replies":[{"embeddable":true,"href":"https:\/\/semmelweis.hu\/hirek\/wp-json\/wp\/v2\/comments?post=96743"}],"version-history":[{"count":1,"href":"https:\/\/semmelweis.hu\/hirek\/wp-json\/wp\/v2\/posts\/96743\/revisions"}],"predecessor-version":[{"id":96744,"href":"https:\/\/semmelweis.hu\/hirek\/wp-json\/wp\/v2\/posts\/96743\/revisions\/96744"}],"wp:featuredmedia":[{"embeddable":true,"href":"https:\/\/semmelweis.hu\/hirek\/wp-json\/wp\/v2\/media\/96069"}],"wp:attachment":[{"href":"https:\/\/semmelweis.hu\/hirek\/wp-json\/wp\/v2\/media?parent=96743"}],"wp:term":[{"taxonomy":"category","embeddable":true,"href":"https:\/\/semmelweis.hu\/hirek\/wp-json\/wp\/v2\/categories?post=96743"},{"taxonomy":"post_tag","embeddable":true,"href":"https:\/\/semmelweis.hu\/hirek\/wp-json\/wp\/v2\/tags?post=96743"}],"curies":[{"name":"wp","href":"https:\/\/api.w.org\/{rel}","templated":true}]}}