{"id":96436,"date":"2020-05-15T14:13:17","date_gmt":"2020-05-15T12:13:17","guid":{"rendered":"https:\/\/semmelweis.hu\/hirek\/?p=96436"},"modified":"2020-05-15T14:13:17","modified_gmt":"2020-05-15T12:13:17","slug":"dr-jasz-mate-oktatasi-forradalom-11-nap-alatt","status":"publish","type":"post","link":"https:\/\/semmelweis.hu\/hirek\/2020\/05\/15\/dr-jasz-mate-oktatasi-forradalom-11-nap-alatt\/","title":{"rendered":"Dr. J\u00e1sz M\u00e1t\u00e9: &#8222;Oktat\u00e1si forradalom&#8221; 11 nap alatt"},"content":{"rendered":"<div class=\"lead\">A t\u00e1voktat\u00e1s bevezet\u00e9s\u00e9vel t\u00f6rt\u00e9nelmi lehet\u0151s\u00e9get kapott az egyetem \u2013 mondta el dr. J\u00e1sz M\u00e1t\u00e9, a Fogp\u00f3tl\u00e1stani Klinika klinikai szakorvosa. Olyan oktat\u00e1sm\u00f3dszertani fejleszt\u00e9seket kellett a j\u00e1rv\u00e1nyhelyzet miatt k\u00e9nyszer\u0171en \u00e9s nagyon r\u00f6vid id\u0151n bel\u00fcl bevezetni, amelyekb\u0151l az egyetem k\u00e9s\u0151bb is sokat profit\u00e1lhat. Cikksorozatunkban bemutatjuk, milyen v\u00e1ltoz\u00e1sokat hozott az egyetem k\u00fcl\u00f6nb\u00f6z\u0151 ter\u00fcleteken dolgoz\u00f3 munkat\u00e1rsai \u00e9let\u00e9be a kialakult helyzet.<\/div>\n<p><a href=\"https:\/\/semmelweis.hu\/hirek\/files\/2020\/05\/RS115715_C19A9284-scr.jpg\"><img loading=\"lazy\" decoding=\"async\" class=\"alignright size-medium wp-image-96438\" src=\"https:\/\/semmelweis.hu\/hirek\/files\/2020\/05\/RS115715_C19A9284-scr-291x400.jpg\" alt=\"\" width=\"291\" height=\"400\" srcset=\"https:\/\/semmelweis.hu\/hirek\/files\/2020\/05\/RS115715_C19A9284-scr-291x400.jpg 291w, https:\/\/semmelweis.hu\/hirek\/files\/2020\/05\/RS115715_C19A9284-scr-581x800.jpg 581w, https:\/\/semmelweis.hu\/hirek\/files\/2020\/05\/RS115715_C19A9284-scr.jpg 654w\" sizes=\"auto, (max-width: 291px) 100vw, 291px\" \/><\/a>A koronav\u00edrus-j\u00e1rv\u00e1ny miatti vesz\u00e9lyhelyzet \u00e9s a bevezetett korl\u00e1toz\u00e1sok ellen\u00e9re sem \u00e1llt meg hosszabb id\u0151re az \u00e9let a Fogp\u00f3tl\u00e1stani Klinik\u00e1n, hiszen \u2013 miut\u00e1n m\u00e1rcius 12-\u00e9n dr. Merkely B\u00e9la rektor rendk\u00edv\u00fcli sz\u00fcnetet rendelt el \u2013 11 nap felk\u00e9sz\u00fcl\u00e9s \u00e1llt rendelkez\u00e9sre a t\u00e1voktat\u00e1s elind\u00edt\u00e1s\u00e1ra. \u201eAz Oktat\u00e1sfejleszt\u00e9si, -m\u00f3dszertani \u00e9s -szervez\u00e9si K\u00f6zpont minden seg\u00edts\u00e9get megadott, a legprofibb eszk\u00f6z\u00f6kkel, sz\u00e9les k\u00f6r\u0171 hozz\u00e1f\u00e9r\u00e9ssel \u00e9s kiv\u00e1l\u00f3 t\u00e1mogat\u00e1ssal tudtunk dolgozni\u201d \u2013 mondta el dr. J\u00e1sz M\u00e1t\u00e9, a klinika szakorvosa. Hozz\u00e1tette: a rendhagy\u00f3 helyzetnek \u00f3ri\u00e1si k\u00f6z\u00f6ss\u00e9gkov\u00e1csol\u00f3 ereje is volt.<\/p>\n<p>A t\u00e1voktat\u00e1sra val\u00f3 \u00e1t\u00e1ll\u00e1sra a j\u00e1rv\u00e1nyhelyzet sz\u00fclte k\u00e9nyszer miatt nagyon kev\u00e9s id\u0151nk volt, de az egyetem oktat\u00f3i a fenti seg\u00edts\u00e9gekkel 11 nap alatt olyan &#8222;oktat\u00e1si forradalmat&#8221; val\u00f3s\u00edtottak meg, amire m\u00e1skor 11 \u00e9v sz\u00fcks\u00e9geltetik \u2013 fogalmazott dr. J\u00e1sz M\u00e1t\u00e9. A t\u00e1voktat\u00e1s ugyanis nemcsak technikai, de m\u00f3dszertani v\u00e1ltoz\u00e1st is hozott az oktat\u00e1sban: mint azt a Fogp\u00f3tl\u00e1stani Klinika klinikai szakorvosa elmondta, hamar nyilv\u00e1nval\u00f3v\u00e1 v\u00e1lt sz\u00e1mukra, az nem fog m\u0171k\u00f6dni, hogy a hallgat\u00f3k a sz\u00e1m\u00edt\u00f3g\u00e9p el\u0151tt \u00fclve napi 8 \u00f3r\u00e1ban hallgass\u00e1k az oktat\u00f3kat. \u201eManaps\u00e1g egy\u00e9bk\u00e9nt is egyre ink\u00e1bb fel\u00e9rt\u00e9kel\u0151dnek a k\u00e9tir\u00e1ny\u00fa kommunik\u00e1ci\u00f3t lehet\u0151v\u00e9 tev\u0151 \u00f3r\u00e1k, a kiscsoportos, szemin\u00e1rium-szer\u0171 oktat\u00e1s \u00e9s a kreat\u00edv feladatok, az egy\u00fctt t\u00f6lt\u00f6tt id\u0151 hasznos elt\u00f6lt\u00e9se\u201d \u2013 osztotta meg dr. J\u00e1sz M\u00e1t\u00e9. Elmond\u00e1sa szerint a di\u00e1kok is d\u00edjazt\u00e1k a megreform\u00e1lt \u00f3r\u00e1kat: nemcsak rengeteg hasznos visszajelz\u00e9s \u00e9rkezett fel\u0151l\u00fck, de annak ellen\u00e9re emelkedett az online tartott el\u0151ad\u00e1sok l\u00e1togatotts\u00e1ga, hogy szeptember \u00f3ta ezeken m\u00e1r nem k\u00f6telez\u0151 a r\u00e9szv\u00e9tel. Szerinte az elm\u00falt p\u00e1r h\u00e9t rengeteg olyan tanuls\u00e1ggal szolg\u00e1lt, amib\u0151l az egyetem a j\u00e1rv\u00e1nyhelyzet ut\u00e1n is profit\u00e1lhat \u2013 az egyik ilyen az online \u00f3r\u00e1k rendszere \u00e9s lebonyol\u00edt\u00e1sa.<\/p>\n<p>Szab\u00f3 \u00c1d\u00e1m, Keresztes Eszter<br \/>\nFot\u00f3: Kov\u00e1cs Attila &#8211; Semmelweis Egyetem<\/p>\n","protected":false},"excerpt":{"rendered":"<p>A t\u00e1voktat\u00e1s bevezet\u00e9s\u00e9vel t\u00f6rt\u00e9nelmi lehet\u0151s\u00e9get kapott az egyetem \u2013 mondta el dr. J\u00e1sz M\u00e1t\u00e9, a Fogp\u00f3tl\u00e1stani Klinika szakorvosa.<\/p>\n","protected":false},"author":101132,"featured_media":96437,"comment_status":"closed","ping_status":"closed","sticky":false,"template":"","format":"standard","meta":{"_acf_changed":false,"footnotes":""},"categories":[154,168],"tags":[4264,4257],"class_list":["post-96436","post","type-post","status-publish","format-standard","has-post-thumbnail","hentry","category-egeszseg","category-kiemelt","tag-az-en-egyetemem-koronavirus-idejen","tag-koronavirus"],"acf":[],"_links":{"self":[{"href":"https:\/\/semmelweis.hu\/hirek\/wp-json\/wp\/v2\/posts\/96436","targetHints":{"allow":["GET"]}}],"collection":[{"href":"https:\/\/semmelweis.hu\/hirek\/wp-json\/wp\/v2\/posts"}],"about":[{"href":"https:\/\/semmelweis.hu\/hirek\/wp-json\/wp\/v2\/types\/post"}],"author":[{"embeddable":true,"href":"https:\/\/semmelweis.hu\/hirek\/wp-json\/wp\/v2\/users\/101132"}],"replies":[{"embeddable":true,"href":"https:\/\/semmelweis.hu\/hirek\/wp-json\/wp\/v2\/comments?post=96436"}],"version-history":[{"count":4,"href":"https:\/\/semmelweis.hu\/hirek\/wp-json\/wp\/v2\/posts\/96436\/revisions"}],"predecessor-version":[{"id":96464,"href":"https:\/\/semmelweis.hu\/hirek\/wp-json\/wp\/v2\/posts\/96436\/revisions\/96464"}],"wp:featuredmedia":[{"embeddable":true,"href":"https:\/\/semmelweis.hu\/hirek\/wp-json\/wp\/v2\/media\/96437"}],"wp:attachment":[{"href":"https:\/\/semmelweis.hu\/hirek\/wp-json\/wp\/v2\/media?parent=96436"}],"wp:term":[{"taxonomy":"category","embeddable":true,"href":"https:\/\/semmelweis.hu\/hirek\/wp-json\/wp\/v2\/categories?post=96436"},{"taxonomy":"post_tag","embeddable":true,"href":"https:\/\/semmelweis.hu\/hirek\/wp-json\/wp\/v2\/tags?post=96436"}],"curies":[{"name":"wp","href":"https:\/\/api.w.org\/{rel}","templated":true}]}}