{"id":96418,"date":"2020-05-14T10:10:52","date_gmt":"2020-05-14T08:10:52","guid":{"rendered":"https:\/\/semmelweis.hu\/hirek\/?p=96418"},"modified":"2020-05-15T08:48:22","modified_gmt":"2020-05-15T06:48:22","slug":"kozlemeny-szombaton-zarul-az-orszagos-koronavirus-teszteles","status":"publish","type":"post","link":"https:\/\/semmelweis.hu\/hirek\/2020\/05\/14\/kozlemeny-szombaton-zarul-az-orszagos-koronavirus-teszteles\/","title":{"rendered":"K\u00d6ZLEM\u00c9NY: szombaton z\u00e1rul az orsz\u00e1gos koronav\u00edrus tesztel\u00e9s"},"content":{"rendered":"<div class=\"lead\">M\u00e9g mintegy 1200 f\u0151 r\u00e9szv\u00e9tel\u00e9re van sz\u00fcks\u00e9ge a hazai orvosk\u00e9pz\u0151 egyetemeknek ahhoz, hogy orsz\u00e1gosan \u00e9s region\u00e1lisan is reprezentat\u00edv legyen a koronav\u00edrus tesztel\u00e9s eredm\u00e9nye, ez\u00e9rt a sz\u0171r\u00e9s hat\u00e1ridej\u00e9t m\u00e1jus 16. szombat 19.00 \u00f3r\u00e1ra m\u00f3dos\u00edtott\u00e1k.<\/div>\n<p>A KSH \u00e1ltal megh\u00edvott, \u00e1m a sz\u0171r\u00e9sen eddig meg nem jelent szem\u00e9lyeket k\u00e9r\u00e9s eset\u00e9n lak\u00f3hely\u00fck\u00f6n is felkeresik az egyetemek munkat\u00e1rsai, ezt az ig\u00e9nyt a 06-80-200-766 \u00e9s a 06-80-808200 z\u00f6ldsz\u00e1mon jelezhetik az \u00e9rdekl\u0151d\u0151k. Tov\u00e1bb\u00e1 minden nap reggel h\u00e9t \u00e9s este h\u00e9t \u00f3ra k\u00f6z\u00f6tt h\u00e1rom f\u0151v\u00e1rosi helysz\u00ednen \u2013 a V\u00e1rosmajori Sz\u00edv- \u00e9s \u00c9rgy\u00f3gy\u00e1szati, a B\u0151rgy\u00f3gy\u00e1szati, valamint a F\u00fcl-Orr-G\u00e9g\u00e9szeti Klinik\u00e1n &#8211; is v\u00e1rj\u00e1k azokat, akik az utols\u00f3 pillanatra halasztott\u00e1k a tesztel\u00e9st.<\/p>\n<p>Ahhoz, hogy a felm\u00e9r\u00e9s val\u00f3s k\u00e9pet mutasson \u00e9s a 14 \u00e9ven fel\u00fcli lakoss\u00e1g\u00e1ra reprezentat\u00edv legyen a minta, \u00f6sszesen 10 500-11 200 f\u0151 r\u00e9szv\u00e9tel\u00e9re van sz\u00fcks\u00e9g, \u00edgy tov\u00e1bbra is sz\u00e1m\u00edtunk mindenki egy\u00fcttm\u0171k\u00f6d\u00e9s\u00e9re.<\/p>\n<p><a href=\"https:\/\/semmelweis.hu\/hirek\/2020\/05\/12\/h-uncover-a-meghivottak-fele-mar-elment-a-koronavirus-szurovizsgalatra\/\">Mint arr\u00f3l besz\u00e1moltunk, a Debreceni Egyetem, a Szegedi \u00e9s P\u00e9csi Tudom\u00e1nyegyetem, valamint a Semmelweis Egyetem kedden k\u00f6z\u00f6s konferenci\u00e1n jelentette be<\/a>, hogy a K\u00f6zponti Statisztikai Hivatal \u00e1ltal kiv\u00e1lasztott 17 787 f\u0151 mintegy fele vett r\u00e9szt h\u00e9tf\u0151ig a m\u00e1jus 1-j\u00e9n kezd\u0151d\u00f6tt, orsz\u00e1gos, reprezentat\u00edv COVID-19 sz\u0171r\u0151vizsg\u00e1laton. A vizsg\u00e1lat r\u00e9szeredm\u00e9nyeit ismertet\u0151 konferenci\u00e1n elhangzott: 8276 tesztb\u0151l kett\u0151 lett pozit\u00edv \u00e9s az \u00e1tfert\u0151z\u00f6tts\u00e9gi ar\u00e1ny is alacsony.<\/p>\n","protected":false},"excerpt":{"rendered":"<p>M\u00e9g mintegy 1200 f\u0151 r\u00e9szv\u00e9tel\u00e9re van sz\u00fcks\u00e9ge az orvosk\u00e9pz\u0151 egyetemeknek ahhoz, hogy reprezentat\u00edv legyen a koronav\u00edrus tesztel\u00e9s eredm\u00e9nye.<\/p>\n","protected":false},"author":12,"featured_media":96421,"comment_status":"closed","ping_status":"closed","sticky":false,"template":"","format":"standard","meta":{"_acf_changed":false,"footnotes":""},"categories":[154,168],"tags":[4257,4260],"class_list":["post-96418","post","type-post","status-publish","format-standard","has-post-thumbnail","hentry","category-egeszseg","category-kiemelt","tag-koronavirus","tag-koronavirus-betegellatas"],"acf":[],"_links":{"self":[{"href":"https:\/\/semmelweis.hu\/hirek\/wp-json\/wp\/v2\/posts\/96418","targetHints":{"allow":["GET"]}}],"collection":[{"href":"https:\/\/semmelweis.hu\/hirek\/wp-json\/wp\/v2\/posts"}],"about":[{"href":"https:\/\/semmelweis.hu\/hirek\/wp-json\/wp\/v2\/types\/post"}],"author":[{"embeddable":true,"href":"https:\/\/semmelweis.hu\/hirek\/wp-json\/wp\/v2\/users\/12"}],"replies":[{"embeddable":true,"href":"https:\/\/semmelweis.hu\/hirek\/wp-json\/wp\/v2\/comments?post=96418"}],"version-history":[{"count":5,"href":"https:\/\/semmelweis.hu\/hirek\/wp-json\/wp\/v2\/posts\/96418\/revisions"}],"predecessor-version":[{"id":96447,"href":"https:\/\/semmelweis.hu\/hirek\/wp-json\/wp\/v2\/posts\/96418\/revisions\/96447"}],"wp:featuredmedia":[{"embeddable":true,"href":"https:\/\/semmelweis.hu\/hirek\/wp-json\/wp\/v2\/media\/96421"}],"wp:attachment":[{"href":"https:\/\/semmelweis.hu\/hirek\/wp-json\/wp\/v2\/media?parent=96418"}],"wp:term":[{"taxonomy":"category","embeddable":true,"href":"https:\/\/semmelweis.hu\/hirek\/wp-json\/wp\/v2\/categories?post=96418"},{"taxonomy":"post_tag","embeddable":true,"href":"https:\/\/semmelweis.hu\/hirek\/wp-json\/wp\/v2\/tags?post=96418"}],"curies":[{"name":"wp","href":"https:\/\/api.w.org\/{rel}","templated":true}]}}