{"id":96336,"date":"2020-05-07T08:17:01","date_gmt":"2020-05-07T06:17:01","guid":{"rendered":"https:\/\/semmelweis.hu\/hirek\/?p=96336"},"modified":"2020-05-07T08:26:47","modified_gmt":"2020-05-07T06:26:47","slug":"a-videki-helyszineken-is-elkezdodott-az-orszagos-koronavirus-szures","status":"publish","type":"post","link":"https:\/\/semmelweis.hu\/hirek\/2020\/05\/07\/a-videki-helyszineken-is-elkezdodott-az-orszagos-koronavirus-szures\/","title":{"rendered":"A vid\u00e9ki helysz\u00edneken is elkezd\u0151d\u00f6tt az orsz\u00e1gos koronav\u00edrus sz\u0171r\u00e9s"},"content":{"rendered":"<div class=\"lead\">Ma Fej\u00e9r megy\u00e9ben, m\u00edg p\u00e9nteken m\u00e1r N\u00f3gr\u00e1d megy\u00e9ben is elindul a Semmelweis Egyetem \u00e1ltal szervezett koronav\u00edrus sz\u0171r\u00e9s. Pest megy\u00e9ben a vizsg\u00e1latok szervez\u00e9se m\u00e1jus 1-je \u00f3ta folyamatos. A Veszpr\u00e9m megyei R\u00e9vf\u00fcl\u00f6p az els\u0151 olyan telep\u00fcl\u00e9s, ahol egy nap alatt az \u00f6sszes, KSH \u00e1ltal kiv\u00e1lasztott szem\u00e9ly elj\u00f6tt a sz\u0171r\u00e9sre. Ott m\u00e1jus 5-\u00e9n \u00f6sszesen 25 f\u0151n\u00e9l v\u00e9gezt\u00e9k el a vizsg\u00e1latot.<\/div>\n<p>A sz\u0171r\u00e9sre \u00f6sszesen 17 778 f\u0151 kapott megh\u00edv\u00e1st, akiket a K\u00f6zponti Statisztikai Hivatal v\u00e1lasztott ki, szem el\u0151tt tartva, hogy a teljes lakoss\u00e1got reprezent\u00e1lj\u00e1k. A vizsg\u00e1latok mintegy fel\u00e9t a Semmelweis Egyetem munkat\u00e1rsai v\u00e9gzik el. A vizsg\u00e1lt szem\u00e9lyek megtudhatj\u00e1k, hogy \u00e1testek-e m\u00e1r a fert\u0151z\u00e9sen, vagy \u00e9pp fert\u0151z\u00f6ttek-e. Annak \u00e9rdek\u00e9ben, hogy a felm\u00e9r\u00e9s min\u00e9l pontosabb k\u00e9pet mutasson a hazai j\u00e1rv\u00e1ny\u00fcgyi helyzetr\u0151l, rendk\u00edv\u00fcl fontos, hogy akik megh\u00edv\u00e1st kaptak, el is menjenek a sz\u0171r\u00e9sre. B\u00e1r az egyetemek munkat\u00e1rsai 1-1 helysz\u00ednen t\u00f6bbsz\u00f6r is jelen vannak, egy embernek a vizsg\u00e1laton csak egyszer sz\u00fcks\u00e9ges megjelenni. A mostani felm\u00e9r\u00e9s m\u00e1jus 14-ig tart, az eredm\u00e9nyeket m\u00e1jus v\u00e9g\u00e9ig \u00f6sszes\u00edtik. Az orsz\u00e1gos reprezentat\u00edv vizsg\u00e1latba \u00f6nk\u00e9ntes alapon nem lehet jelentkezni, ugyanakkor a k\u00e9s\u0151bbiekben lesznek m\u00e9g hasonl\u00f3 felm\u00e9r\u00e9sek a H-UNCOVER nevet visel\u0151 kutat\u00e1s keret\u00e9ben.<\/p>\n<p>A Semmelweis Egyetem \u00e1ltal v\u00e9gzett sz\u0171r\u00e9sek id\u0151pontjai a k\u00f6vetkez\u0151k\u00e9pp alakulnak:<\/p>\n<ul>\n<li>Pest megye: 2020.05.04-13. minden nap<\/li>\n<li>Fej\u00e9r megye: 2020.05.07. \u00e9s 2020.05.12.<\/li>\n<li>Gy\u0151r-Moson-Sopron megye: 2020.05.04. \u00e9s 2020.05.09.<\/li>\n<li>Kom\u00e1rom-Esztergom megye: 2020.05.06. \u00e9s 2020.05.11.<\/li>\n<li>N\u00f3gr\u00e1d megye: 2020.05.08. \u00e9s 2020.05.13.<\/li>\n<li>Veszpr\u00e9m megye: 2020.05.05. \u00e9s 2020.05.10.<\/li>\n<li>Budapest: 2020. 05. 01-14. minden nap<\/li>\n<\/ul>\n<p>A t\u00f6bbi megye eset\u00e9ben a m\u00e1sik h\u00e1rom orvosk\u00e9pz\u0151 egyetem szervezi a sz\u0171r\u0151vizsg\u00e1latokat.<\/p>\n<p>Tov\u00e1bbi inform\u00e1ci\u00f3:<br \/>\n<a href=\"https:\/\/semmelweis.hu\/hirek\/2020\/04\/28\/kozlemeny-orszagos-vizsgalatsorozatba-kezdenek-a-semmelweis-egyetem-vezetesevel-a-hazai-orvoskepzok\/\" target=\"_blank\" rel=\"noopener noreferrer\">K\u00f6zlem\u00e9ny\u00fcnk az orsz\u00e1gos vizsg\u00e1latsorozat ind\u00edt\u00e1s\u00e1r\u00f3l ide kattintva olvashat\u00f3.\u00a0\u00a0<\/a><\/p>\n<p><a href=\"https:\/\/semmelweis.hu\/koronavirus\/h-uncover\/\" target=\"_blank\" rel=\"noopener noreferrer\">Gyakori k\u00e9rd\u00e9sek \u00e9s egy\u00e9b inform\u00e1ci\u00f3k a sz\u0171r\u00e9sr\u0151l a H-UNCOVER oldalunkon tal\u00e1lhat\u00f3k.\u00a0<\/a><\/p>\n<p>&nbsp;<\/p>\n","protected":false},"excerpt":{"rendered":"<p>R\u00e9vf\u00fcl\u00f6p\u00f6n egy nap alatt az \u00f6sszes, KSH \u00e1ltal kiv\u00e1lasztott szem\u00e9ly elment a sz\u0171r\u00e9sre. <\/p>\n","protected":false},"author":13,"featured_media":96337,"comment_status":"closed","ping_status":"closed","sticky":false,"template":"","format":"standard","meta":{"_acf_changed":false,"footnotes":""},"categories":[154,168],"tags":[4266,4257],"class_list":["post-96336","post","type-post","status-publish","format-standard","has-post-thumbnail","hentry","category-egeszseg","category-kiemelt","tag-h-uncover","tag-koronavirus"],"acf":[],"_links":{"self":[{"href":"https:\/\/semmelweis.hu\/hirek\/wp-json\/wp\/v2\/posts\/96336","targetHints":{"allow":["GET"]}}],"collection":[{"href":"https:\/\/semmelweis.hu\/hirek\/wp-json\/wp\/v2\/posts"}],"about":[{"href":"https:\/\/semmelweis.hu\/hirek\/wp-json\/wp\/v2\/types\/post"}],"author":[{"embeddable":true,"href":"https:\/\/semmelweis.hu\/hirek\/wp-json\/wp\/v2\/users\/13"}],"replies":[{"embeddable":true,"href":"https:\/\/semmelweis.hu\/hirek\/wp-json\/wp\/v2\/comments?post=96336"}],"version-history":[{"count":5,"href":"https:\/\/semmelweis.hu\/hirek\/wp-json\/wp\/v2\/posts\/96336\/revisions"}],"predecessor-version":[{"id":96342,"href":"https:\/\/semmelweis.hu\/hirek\/wp-json\/wp\/v2\/posts\/96336\/revisions\/96342"}],"wp:featuredmedia":[{"embeddable":true,"href":"https:\/\/semmelweis.hu\/hirek\/wp-json\/wp\/v2\/media\/96337"}],"wp:attachment":[{"href":"https:\/\/semmelweis.hu\/hirek\/wp-json\/wp\/v2\/media?parent=96336"}],"wp:term":[{"taxonomy":"category","embeddable":true,"href":"https:\/\/semmelweis.hu\/hirek\/wp-json\/wp\/v2\/categories?post=96336"},{"taxonomy":"post_tag","embeddable":true,"href":"https:\/\/semmelweis.hu\/hirek\/wp-json\/wp\/v2\/tags?post=96336"}],"curies":[{"name":"wp","href":"https:\/\/api.w.org\/{rel}","templated":true}]}}