{"id":95951,"date":"2020-04-17T09:00:47","date_gmt":"2020-04-17T07:00:47","guid":{"rendered":"http:\/\/semmelweis.hu\/hirek\/?p=95951"},"modified":"2020-04-16T18:47:13","modified_gmt":"2020-04-16T16:47:13","slug":"harom-teruleten-indit-kutato-fejleszto-munkat-az-egyetem-a-koronavirus-elleni-kuzdelemben","status":"publish","type":"post","link":"https:\/\/semmelweis.hu\/hirek\/2020\/04\/17\/harom-teruleten-indit-kutato-fejleszto-munkat-az-egyetem-a-koronavirus-elleni-kuzdelemben\/","title":{"rendered":"H\u00e1rom ter\u00fcleten ind\u00edt kutat\u00f3-fejleszt\u0151 munk\u00e1t az egyetem a koronav\u00edrus elleni k\u00fczdelemben"},"content":{"rendered":"<div class=\"lead\">H\u00e1rom f\u0151 ter\u00fcleten kezdett kutat\u00e1s-fejleszt\u00e9si munk\u00e1t a koronav\u00edrussal \u00f6sszef\u00fcgg\u00e9sben a Semmelweis Egyetem, amely kutat\u00e1si konzorciumot hozott l\u00e9tre erre a c\u00e9lra. Az egyetem 11 szervezeti egys\u00e9g\u00e9t, az E\u00f6tv\u00f6s Lor\u00e1nd Kutat\u00f3h\u00e1l\u00f3zatot, valamint az egyetemhez k\u00f6t\u0151d\u0151 kutat\u00e1sfejleszt\u00e9si v\u00e1llalkoz\u00e1sokat is bevon\u00f3 munka c\u00e9lja a v\u00edrusfert\u0151z\u00e9s folyamat\u00e1nak felt\u00e1r\u00e1sa, a diagnosztikai \u00e9s ter\u00e1pi\u00e1s, valamint a megel\u0151z\u0151 elj\u00e1r\u00e1sok kifejleszt\u00e9se.<\/div>\n<p>A koronav\u00edrus vil\u00e1gj\u00e1rv\u00e1ny elleni k\u00fczdelemben innovat\u00edv diagnosztikai \u00e9s ter\u00e1pi\u00e1s m\u00f3dszereket kell kifejleszt\u00fcnk a fert\u0151z\u00f6ttek korai kisz\u0171r\u00e9se, a v\u00edrus terjed\u00e9s\u00e9nek meg\u00e1ll\u00edt\u00e1sa \u00e9s a betegek kezel\u00e9se \u00e9rdek\u00e9ben \u2013 hangs\u00falyozta dr. Ferdinandy P\u00e9ter tudom\u00e1nyos \u00e9s innov\u00e1ci\u00f3s rektorhelyettes. Hozz\u00e1tette: ezen a ter\u00fcleten is multidiszciplin\u00e1ris megk\u00f6zel\u00edt\u00e9sre van sz\u00fcks\u00e9g a kutat\u00e1s-fejleszt\u00e9sben, vagyis egy\u00fctt kell m\u0171k\u00f6dni\u00fck a k\u00fcl\u00f6nb\u00f6z\u0151 tudom\u00e1nyter\u00fcleteknek, \u00edgy a farmakol\u00f3gi\u00e1nak, az immunol\u00f3gi\u00e1nak, a nanomedicin\u00e1nak, az infektol\u00f3gi\u00e1nak, a genetik\u00e1nak \u00e9s a klinikumnak, azon bel\u00fcl is p\u00e9ld\u00e1ul a kardiol\u00f3gi\u00e1nak, pulmonol\u00f3gi\u00e1nak, az alapkutat\u00e1st\u00f3l eg\u00e9szen a beteg\u00e1gyig. A Semmelweis Egyetem k\u00e9sz arra, hogy hat\u00e9konyan mozg\u00f3s\u00edtsa a rendelkez\u00e9s\u00e9re \u00e1ll\u00f3 komplex szaktud\u00e1st, szellemi \u00e9s infrastruktur\u00e1lis eszk\u00f6zt\u00e1rat a koronav\u00edrus elleni c\u00e9lzott k\u00fczdelemben \u2013 fogalmazott a rektorhelyettes.<\/p>\n<p>Ennek \u00e9rdek\u00e9ben az egyetem egy h\u00e1rom ter\u00fcletre kiterjed\u0151 javaslatcsomagot \u00e1ll\u00edtott \u00f6ssze, a kutat\u00f3-fejleszt\u0151 munk\u00e1ban r\u00e9szt vesz a Semmelweis Egyetem tizenegy szervezeti egys\u00e9ge, az E\u00f6tv\u00f6s Lor\u00e1nd Kutat\u00f3h\u00e1l\u00f3zat, valamint t\u00f6bb, az egyetemhez k\u00f6t\u0151d\u0151 kutat\u00e1sfejleszt\u00e9si v\u00e1llalkoz\u00e1s.<\/p>\n<p>A kutat\u00e1sok egy r\u00e9sz\u00e9nek c\u00e9lja a fert\u0151z\u00e9s mechanizmus\u00e1nak jobb meg\u00e9rt\u00e9se, \u00e9s k\u00fcl\u00f6nb\u00f6z\u0151 gy\u00f3gyszerjel\u00f6ltek hat\u00e9konys\u00e1g\u00e1nak kipr\u00f3b\u00e1l\u00e1sa; ezek r\u00e9szben k\u00fcl\u00f6nb\u00f6z\u0151 sz\u00f3ba j\u00f6het\u0151 v\u00edrusellenes szerek, illetve a betegs\u00e9g sz\u00f6v\u0151dm\u00e9nyek\u00e9nt megjelen\u0151 s\u00falyos t\u00fcd\u0151gyullad\u00e1s \u00e9s egy\u00e9b szervek k\u00e1rosod\u00e1sa elleni szerek. Mindehhez a SARS-CoV-2 v\u00edrus \u00e9s az \u00e1ltala okozott COVID-19 betegs\u00e9g modellez\u00e9s\u00e9re van sz\u00fcks\u00e9g. Az egyetem inform\u00e1ci\u00f3- \u00e9s nanotechnol\u00f3gi\u00e1val foglalkoz\u00f3 munkacsoportjai c\u00e9lul t\u0171zt\u00e9k ki a koronav\u00edrus m\u0171k\u00f6d\u00e9s\u00e9nek fert\u0151z\u00e9smentes ut\u00e1nz\u00e1s\u00e1t az \u00e9l\u0151 szervezeteken k\u00edv\u00fcl (in vitro), valamint \u00e1llatk\u00eds\u00e9rletekben. A kutat\u00e1si terveik magukban foglalj\u00e1k a haz\u00e1nkban terjed\u0151 v\u00edrus felsz\u00edni feh\u00e9rj\u00e9inek meghat\u00e1roz\u00e1s\u00e1t, ezek bakteri\u00e1lis, vagy m\u00e1s \u00faton t\u00f6rt\u00e9n\u0151 termeltet\u00e9s\u00e9t, a v\u00edrusburkot ut\u00e1nz\u00f3 bakteri\u00e1lis \u00e9s szintetikus membr\u00e1nra k\u00f6t\u00e9s\u00e9t. Az \u00edgy l\u00e9trej\u00f6v\u0151 tudom\u00e1nyos eredm\u00e9nyek hozz\u00e1j\u00e1rulhatnak egy liposz\u00f3m\u00e1n alapul\u00f3, szintetikus vakcina kifejleszt\u00e9s\u00e9hez is, \u00e1m a jelen helyzetben is ehhez f\u00e9l-egy \u00e9ves kutat\u00e1si munk\u00e1ra van sz\u00fcks\u00e9g. \u00a0<\/p>\n<p>A diagnosztikai fejleszt\u00e9si modul a Semmelweis Egyetemen megl\u00e9v\u0151 cs\u00facstechnol\u00f3gi\u00e1kat, az \u00fan. Single-Photon Emission computer tomogr\u00e1fi\u00e1t (SPECT) \u00e9s a pozitron emisszi\u00f3s tomogr\u00e1fi\u00e1t (PET) k\u00edv\u00e1nja bevetni a radioakt\u00edvan jel\u00f6lt, speci\u00e1lis f\u00e9mk\u00f6t\u0151 metalloprote\u00e1zt kifejez\u0151 membr\u00e1n vezikul\u00e1k (OMV), vagy m\u00e1s eml\u0151ssejtb\u0151l nyert, hasonl\u00f3an jel\u00f6lhet\u0151 vezikul\u00e1k kering\u00e9si kinetik\u00e1j\u00e1nak \u00e9s sz\u00f6veteloszl\u00e1s\u00e1nak k\u00f6vet\u00e9s\u00e9re. Ezzel meg lehet figyelni, hogy mely szerveket, milyen sorrendben t\u00e1mad meg a v\u00edrus. Egy tov\u00e1bbi, k\u00eds\u00e9rletesen megalapozott m\u00f3dszer a koronav\u00edrust \u00e9s a fert\u0151z\u00e9ssel \u00f6sszef\u00fcgg\u0151 micro-RNS molekul\u00e1kat sz\u00e1ll\u00edt\u00f3 \u00fan. \u201eextracellul\u00e1ris vezikul\u00e1k\u201d (EV) m\u00e9r\u00e9s\u00e9t tenn\u00e9 lehet\u0151v\u00e9 a fert\u0151z\u00f6ttek v\u00e9r\u00e9ben, amely \u00e1ltal kimutathat\u00f3 lenne korai fert\u0151z\u00e9s \u00e9s el\u0151rejelezhet\u0151 a betegs\u00e9g s\u00falyoss\u00e1ga egy v\u00e9rv\u00e9tel seg\u00edts\u00e9g\u00e9vel.<\/p>\n<p>A ter\u00e1pi\u00e1s modul a COVID-19 betegs\u00e9g legs\u00falyosabb k\u00f6vetkezm\u00e9ny\u00e9re, a s\u00falyos akut l\u00e9gz\u00e9szavar szindr\u00f3ma (SARS) m\u00f6g\u00f6tt \u00e1ll\u00f3 \u00fan. citokin viharra (ha immunrendszer\u00fcnk t\u00falreag\u00e1lja a fert\u0151z\u00e9st) koncentr\u00e1l, mely az extr\u00e9m gyullad\u00e1sos reakci\u00f3 f\u0151 oka. A tervek k\u00f6z\u00f6tt szerepel az egyetem sz\u00e1mos laborat\u00f3rium\u00e1ban vizsg\u00e1lat alatt \u00e1ll\u00f3 vagy m\u00e1r forgalomban l\u00e9v\u0151, a fenti k\u00e1ros immunreakci\u00f3kat g\u00e1tl\u00f3 gy\u00f3gyszerek \u00e9s gy\u00f3gyszerjel\u00f6ltek kipr\u00f3b\u00e1l\u00e1sa; \u00f6sszesen hat hat\u00f3anyagt\u00edpus, illetve konkr\u00e9t gy\u00f3gyszer vizsg\u00e1lata javasolt.<\/p>\n<p>Dobozi P\u00e1lma<\/p>\n<p>Kiemelt k\u00e9p (illusztr\u00e1ci\u00f3): Kov\u00e1cs Attila &#8211; Semmelweis Egyetem<\/p>\n","protected":false},"excerpt":{"rendered":"<p>A munka c\u00e9lja a v\u00edrusfert\u0151z\u00e9s folyamat\u00e1nak felt\u00e1r\u00e1sa, a diagnosztikai \u00e9s ter\u00e1pi\u00e1s, valamint a megel\u0151z\u0151 elj\u00e1r\u00e1sok kifejleszt\u00e9se. <\/p>\n","protected":false},"author":13,"featured_media":95953,"comment_status":"closed","ping_status":"closed","sticky":false,"template":"","format":"standard","meta":{"_acf_changed":false,"footnotes":""},"categories":[161,168],"tags":[4257],"class_list":["post-95951","post","type-post","status-publish","format-standard","has-post-thumbnail","hentry","category-tudomany","category-kiemelt","tag-koronavirus"],"acf":[],"_links":{"self":[{"href":"https:\/\/semmelweis.hu\/hirek\/wp-json\/wp\/v2\/posts\/95951","targetHints":{"allow":["GET"]}}],"collection":[{"href":"https:\/\/semmelweis.hu\/hirek\/wp-json\/wp\/v2\/posts"}],"about":[{"href":"https:\/\/semmelweis.hu\/hirek\/wp-json\/wp\/v2\/types\/post"}],"author":[{"embeddable":true,"href":"https:\/\/semmelweis.hu\/hirek\/wp-json\/wp\/v2\/users\/13"}],"replies":[{"embeddable":true,"href":"https:\/\/semmelweis.hu\/hirek\/wp-json\/wp\/v2\/comments?post=95951"}],"version-history":[{"count":2,"href":"https:\/\/semmelweis.hu\/hirek\/wp-json\/wp\/v2\/posts\/95951\/revisions"}],"predecessor-version":[{"id":95954,"href":"https:\/\/semmelweis.hu\/hirek\/wp-json\/wp\/v2\/posts\/95951\/revisions\/95954"}],"wp:featuredmedia":[{"embeddable":true,"href":"https:\/\/semmelweis.hu\/hirek\/wp-json\/wp\/v2\/media\/95953"}],"wp:attachment":[{"href":"https:\/\/semmelweis.hu\/hirek\/wp-json\/wp\/v2\/media?parent=95951"}],"wp:term":[{"taxonomy":"category","embeddable":true,"href":"https:\/\/semmelweis.hu\/hirek\/wp-json\/wp\/v2\/categories?post=95951"},{"taxonomy":"post_tag","embeddable":true,"href":"https:\/\/semmelweis.hu\/hirek\/wp-json\/wp\/v2\/tags?post=95951"}],"curies":[{"name":"wp","href":"https:\/\/api.w.org\/{rel}","templated":true}]}}