{"id":95870,"date":"2020-04-20T18:03:23","date_gmt":"2020-04-20T16:03:23","guid":{"rendered":"http:\/\/semmelweis.hu\/hirek\/?p=95870"},"modified":"2020-04-20T18:04:13","modified_gmt":"2020-04-20T16:04:13","slug":"online-hallgatoi-forum-negy-het-csuszasra-szamithatnak-a-vegzos-hallgatok","status":"publish","type":"post","link":"https:\/\/semmelweis.hu\/hirek\/2020\/04\/20\/online-hallgatoi-forum-negy-het-csuszasra-szamithatnak-a-vegzos-hallgatok\/","title":{"rendered":"Online hallgat\u00f3i f\u00f3rum: n\u00e9gy h\u00e9t cs\u00fasz\u00e1sra sz\u00e1m\u00edthatnak a v\u00e9gz\u0151s hallgat\u00f3k"},"content":{"rendered":"<div class=\"lead\">\u00c1prilis 7-\u00e9n ism\u00e9t online hallgat\u00f3i f\u00f3rumot tartott dr. Merkely B\u00e9la rektor els\u0151sorban az egyetem v\u00e9gz\u0151s hallgat\u00f3i sz\u00e1m\u00e1ra. Mint elhangzott: a t\u00e1rsegyetemekkel is egyeztetve v\u00e1rhat\u00f3an n\u00e9gyhetes cs\u00fasz\u00e1ssal kapj\u00e1k majd meg diplom\u00e1jukat az utols\u00f3 \u00e9vesek. A rektor hangs\u00falyozta, hogy a kimarad\u00f3 gyakorlatokat bizonyos keretek k\u00f6z\u00f6tt p\u00f3tolni lehet \u00f6nk\u00e9ntes munk\u00e1val, de a kurrikulum minden fontos elem\u00e9t el kell v\u00e9geznie a hallgat\u00f3knak a jelenlegi rendk\u00edv\u00fcli helyzetben is.<\/div>\n<p>A Semmelweis Egyetem \u00e9s a t\u00e1rsegyetemek vezet\u0151i megegyeztek abban, hogy \u2013 egyes karok k\u00e9pz\u00e9si saj\u00e1toss\u00e1gait\u00f3l f\u00fcgg\u0151en \u2013 legfeljebb egy h\u00f3napnyi cs\u00fasz\u00e1ssal zajlanak majd az \u00e1llamvizsg\u00e1k, term\u00e9szetesen a vesz\u00e9lyhelyzet felold\u00e1si id\u0151pontj\u00e1nak f\u00fcggv\u00e9ny\u00e9ben \u2013 t\u00e1j\u00e9koztatott dr. Merkely B\u00e9la, hozz\u00e1t\u00e9ve, hogy a d\u00e1tumok a t\u00f6bbi hazai k\u00e9pz\u0151helyen is ugyan\u00edgy alakulnak majd.<\/p>\n<p>Az egyetem karainak t\u00f6bbs\u00e9g\u00e9n\u00e9l a gyakorlatok igen jelent\u0151sek, ezek teljes\u00edt\u00e9se n\u00e9lk\u00fcl senki nem kaphat diplom\u00e1t, de a hi\u00e1nyz\u00f3 gyakorlatok p\u00f3tl\u00e1s\u00e1ra rugalmasan igyekeznek megtal\u00e1lni a lehet\u0151 legjobb megold\u00e1st az \u00f6nk\u00e9ntes munka meghat\u00e1rozott szab\u00e1lyok szerinti besz\u00e1m\u00edt\u00e1s\u00e1val. Fontos, hogy az \u00f6nk\u00e9ntess\u00e9gnek legyen kapcsolata a hi\u00e1nyz\u00f3 szakir\u00e1ny\u00fa gyakorlattal, ennek r\u00e9szleteit az \u00e9rintett tansz\u00e9kvezet\u0151kkel kell egyeztetni \u2013 mondta dr. Merkely B\u00e9la. Mindenkinek, aki \u00f6nk\u00e9ntes gyakorlatot v\u00e9gez, igazol\u00e1st kell leadnia az ell\u00e1tott feladatokr\u00f3l, en\u00e9lk\u00fcl nem lehet elsz\u00e1molni az \u00f6nk\u00e9ntess\u00e9get.<\/p>\n<p>Hallgat\u00f3i k\u00e9rd\u00e9sekre v\u00e1laszolva a rektor elmondta, hogy a mostani \u00f6t\u00f6d\u00e9ves hallgat\u00f3k a hatod\u00e9ves gyakorlataikat v\u00e1rhat\u00f3an legk\u00e9s\u0151bb augusztus elej\u00e9n meg tudj\u00e1k kezdeni. A transzf\u00faziol\u00f3giai k\u00e9pz\u00e9ssel kapcsolatban t\u00e1j\u00e9koztatott, hogy annak elm\u00e9leti r\u00e9sz\u00e9t sz\u00fcks\u00e9g eset\u00e9n t\u00e1voktat\u00e1s keret\u00e9ben szervezik meg, a gyakorlat pedig csak az int\u00e9zm\u00e9nyl\u00e1togat\u00e1si tilalom v\u00e9g\u00e9n tarthat\u00f3 meg; ennek elv\u00e9gz\u00e9se n\u00e9lk\u00fcl nem lehet diplom\u00e1hoz jutni.<\/p>\n<p>Dr. Merkely B\u00e9la \u00e9s a d\u00e9k\u00e1nok a f\u00f3rum r\u00e9szek\u00e9nt karonk\u00e9nt lebontva is t\u00e1j\u00e9koztat\u00e1st adtak a hallgat\u00f3k sz\u00e1m\u00e1ra. Az \u00c1ltal\u00e1nos Orvostudom\u00e1nyi Kar hatod\u00e9ves hallgat\u00f3i az orsz\u00e1g valamennyi betegell\u00e1t\u00f3 int\u00e9zm\u00e9ny\u00e9ben \u00e9s h\u00e1ziorvosi rendel\u0151kben is v\u00e9gezhetnek \u00f6nk\u00e9ntes munk\u00e1t. Itt n\u00e9gy h\u00e9ttel cs\u00faszhat el v\u00e1rhat\u00f3an az \u00e1llamvizsga id\u0151pontja \u2013 mondta el a rektor. Dr. Kellermayer Mikl\u00f3s d\u00e9k\u00e1n hozz\u00e1tette, hogy a kar igyekszik megadni minden seg\u00edts\u00e9get a hallgat\u00f3k sz\u00e1m\u00e1ra, akik hamarosan egy t\u00e1j\u00e9koztat\u00f3 d\u00e9k\u00e1ni k\u00f6rlevelet is kapnak majd, amiben minden fontos tudnival\u00f3 szerepel.<\/p>\n<p>Dr. Gerber G\u00e1bor, a Fogorvostudom\u00e1nyi Kar d\u00e9k\u00e1nja t\u00e1j\u00e9koztatott, hogy az eredeti vizsgaid\u0151szakban online lehet letenni a szigorlatokat, majd \u2013 az int\u00e9zm\u00e9nyl\u00e1togat\u00e1si tilalom megsz\u0171n\u00e9se ut\u00e1n \u2013 a m\u00e9g hi\u00e1nyz\u00f3 gyakorlatokat is p\u00f3tolhatj\u00e1k a hallgat\u00f3k, ezut\u00e1n k\u00f6vetkezik majd a z\u00e1r\u00f3vizsga a v\u00e9gz\u0151s\u00f6k sz\u00e1m\u00e1ra. Mindez legfeljebb n\u00e9gyhetes cs\u00fasz\u00e1st jelent majd.<\/p>\n<p>A Gy\u00f3gyszer\u00e9sztudom\u00e1nyi Kar eset\u00e9n a k\u00f6zforgalm\u00fa gy\u00f3gyszert\u00e1rakban v\u00e9gzett \u00f6nk\u00e9ntess\u00e9ggel teljes m\u00e9rt\u00e9kben teljes\u00edthet\u0151 az elv\u00e1rt gyakorlat, itt a j\u00e1rv\u00e1ny\u00fcgyi helyzet miatt bevezetett int\u00e9zm\u00e9nyl\u00e1togat\u00e1si korl\u00e1toz\u00e1s miatt k\u00e9t h\u00e9t cs\u00fasz\u00e1sra sz\u00e1m\u00edthatnak a v\u00e9gz\u0151s\u00f6k \u2013 ismertette dr. Zelk\u00f3 Rom\u00e1na d\u00e9k\u00e1n.<\/p>\n<p>Dr. Nagy Zolt\u00e1n Zsolt, az Eg\u00e9szs\u00e9gtudom\u00e1nyi Kar d\u00e9k\u00e1nja elmondta, hogy a vizsg\u00e1kat igyekeznek az eredeti d\u00e1tumoknak megfelel\u0151en megtartani, a hi\u00e1nyz\u00f3 gyakorlatokat augusztusban \u00e9s szeptemberben lehet majd p\u00f3tolni.<\/p>\n<p>A Pet\u0151 Andr\u00e1s Karon az elm\u00e9leti oktat\u00e1s m\u00e1jusban lez\u00e1rul, ezt k\u00f6vet\u0151en az eredeti id\u0151pontokban megtartj\u00e1k a vizsgaid\u0151szakot, \u00e9s megt\u00f6rt\u00e9nhet a z\u00e1r\u00f3vizsga sz\u00f3beli r\u00e9sze \u00e9s a szakdolgozatv\u00e9d\u00e9s ak\u00e1r elektronikus form\u00e1ban is \u2013 t\u00e1j\u00e9koztatott dr. Tenk Mikl\u00f3sn\u00e9 dr. Zsebe Andrea. Itt a kimaradt gyakorlatokat a k\u00f6znevel\u00e9si int\u00e9zm\u00e9nyek \u00fajraindul\u00e1sa ut\u00e1n lehet majd elv\u00e9gezni.<\/p>\n<p>Az Eg\u00e9szs\u00e9g\u00fcgyi K\u00f6zszolg\u00e1lati Kar eset\u00e9n a j\u00e1rv\u00e1ny\u00fcgyi helyezett\u0151l f\u00fcggetlen\u00fcl az eredeti d\u00e1tumoknak megfelel\u0151en befejezhet\u0151 a tan\u00e9v. A d\u00e9k\u00e1nok arra k\u00e9rt\u00e9k a hallgat\u00f3kat, hogy k\u00e9rd\u00e9sek eset\u00e9n forduljanak az illet\u00e9kes d\u00e9k\u00e1ni hivatalokhoz.<\/p>\n<p>A kor\u00e1bbi online hallgat\u00f3i f\u00f3rumr\u00f3l k\u00e9sz\u00fclt \u00f6sszefoglal\u00f3 <a href=\"https:\/\/semmelweis.hu\/hirek\/2020\/04\/01\/online-hallgatoi-forumot-tartott-dr-merkely-bela-rektor\/\" target=\"_blank\" rel=\"noopener noreferrer\">az al\u00e1bbi linken olvashat\u00f3<\/a>.<\/p>\n<p>Keresztes Eszter<br \/>\nFot\u00f3 (illusztr\u00e1ci\u00f3): Kov\u00e1cs Attila &#8211; Semmelweis Egyetem<\/p>\n","protected":false},"excerpt":{"rendered":"<p>\u00c1prilis 7-\u00e9n ism\u00e9t online hallgat\u00f3i f\u00f3rumot tartott dr. Merkely B\u00e9la rektor els\u0151sorban az egyetem v\u00e9gz\u0151s hallgat\u00f3i sz\u00e1m\u00e1ra.<\/p>\n","protected":false},"author":101132,"featured_media":95871,"comment_status":"closed","ping_status":"closed","sticky":false,"template":"","format":"standard","meta":{"_acf_changed":false,"footnotes":""},"categories":[3533],"tags":[4257,4259],"class_list":["post-95870","post","type-post","status-publish","format-standard","has-post-thumbnail","hentry","category-hallgatok-oktatas","tag-koronavirus","tag-koronavirus-oktatas"],"acf":[],"_links":{"self":[{"href":"https:\/\/semmelweis.hu\/hirek\/wp-json\/wp\/v2\/posts\/95870","targetHints":{"allow":["GET"]}}],"collection":[{"href":"https:\/\/semmelweis.hu\/hirek\/wp-json\/wp\/v2\/posts"}],"about":[{"href":"https:\/\/semmelweis.hu\/hirek\/wp-json\/wp\/v2\/types\/post"}],"author":[{"embeddable":true,"href":"https:\/\/semmelweis.hu\/hirek\/wp-json\/wp\/v2\/users\/101132"}],"replies":[{"embeddable":true,"href":"https:\/\/semmelweis.hu\/hirek\/wp-json\/wp\/v2\/comments?post=95870"}],"version-history":[{"count":3,"href":"https:\/\/semmelweis.hu\/hirek\/wp-json\/wp\/v2\/posts\/95870\/revisions"}],"predecessor-version":[{"id":96033,"href":"https:\/\/semmelweis.hu\/hirek\/wp-json\/wp\/v2\/posts\/95870\/revisions\/96033"}],"wp:featuredmedia":[{"embeddable":true,"href":"https:\/\/semmelweis.hu\/hirek\/wp-json\/wp\/v2\/media\/95871"}],"wp:attachment":[{"href":"https:\/\/semmelweis.hu\/hirek\/wp-json\/wp\/v2\/media?parent=95870"}],"wp:term":[{"taxonomy":"category","embeddable":true,"href":"https:\/\/semmelweis.hu\/hirek\/wp-json\/wp\/v2\/categories?post=95870"},{"taxonomy":"post_tag","embeddable":true,"href":"https:\/\/semmelweis.hu\/hirek\/wp-json\/wp\/v2\/tags?post=95870"}],"curies":[{"name":"wp","href":"https:\/\/api.w.org\/{rel}","templated":true}]}}