{"id":95327,"date":"2020-03-19T15:54:14","date_gmt":"2020-03-19T14:54:14","guid":{"rendered":"http:\/\/semmelweis.hu\/hirek\/?p=95327"},"modified":"2020-06-24T16:50:46","modified_gmt":"2020-06-24T14:50:46","slug":"betegtajekoztato-zsilipes-beleptetesi-rendszer-hetfotol-a-klinikakon","status":"publish","type":"post","link":"https:\/\/semmelweis.hu\/hirek\/2020\/03\/19\/betegtajekoztato-zsilipes-beleptetesi-rendszer-hetfotol-a-klinikakon\/","title":{"rendered":"Betegt\u00e1j\u00e9koztat\u00f3: zsilipes bel\u00e9ptet\u00e9si rendszer h\u00e9tf\u0151t\u0151l a klinik\u00e1kon"},"content":{"rendered":"<div class=\"keretes w-100\"><strong>FRISS\u00cdT\u00c9S: j\u00fanius 25-t\u0151l m\u00f3dosul a bel\u00e9ptet\u00e9s a BKT-ban<\/strong><br \/>\n2020. j\u00fanius 25-t\u0151l a Bels\u0151 Klinikai T\u00f6mbben a Baross utcai kapu g\u00e9pj\u00e1rm\u0171forgalma ism\u00e9t k\u00e9tir\u00e1ny\u00fa, \u00e9s tov\u00e1bbra is nyitott a gyalogosok el\u0151tt. A Szentkir\u00e1lyi utcai kapun\u00e1l szint\u00e9n ism\u00e9t k\u00e9tir\u00e1ny\u00fav\u00e1 v\u00e1lik az aut\u00f3sforgalom \u00e9s gyalogosan is \u00fajra be lehet itt l\u00e9pni. A t\u00f6mb tov\u00e1bbi kapui is megny\u00edltak a szem\u00e9lyforgalom el\u0151tt. Ugyanakkor a BKT klinik\u00e1inak \u00e9s int\u00e9zeteinek bej\u00e1ratain\u00e1l tov\u00e1bbra is megmarad a betegell\u00e1t\u00e1st megel\u0151z\u0151 tri\u00e1zs.<\/div>\n<div class=\"lead\">Zsilipes bel\u00e9ptet\u0151 rendszer l\u00e9p \u00e9letbe h\u00e9tf\u0151t\u0151l a Semmelweis Egyetem Bels\u0151 \u00e9s K\u00fcls\u0151 Klinikai T\u00f6mbj\u00e9ben is a betegek \u00e9s a dolgoz\u00f3k sz\u00e1m\u00e1ra egyar\u00e1nt. Az int\u00e9zked\u00e9ssel minimaliz\u00e1lni k\u00edv\u00e1nja az egyetem az es\u00e9ly\u00e9t annak, hogy a klinik\u00e1kra bel\u00e9phessenek a koronav\u00edrust potenci\u00e1lisan hordoz\u00f3 egy\u00e9nek.<\/div>\n<p>A h\u00e9tf\u0151t\u0151l bevezetend\u0151 int\u00e9zked\u00e9sek \u00e9rtelm\u00e9ben a betegek csak meghat\u00e1rozott bej\u00e1ratokon l\u00e9phetnek be a Bels\u0151 \u00e9s K\u00fcls\u0151 Klinikai T\u00f6mb ter\u00fclet\u00e9re, minden esetben influenzaszer\u0171 t\u00fcnetekre vonatkoz\u00f3 k\u00e9rd\u00e9seket \u00e9s h\u0151m\u00e9r\u00e9st k\u00f6vet\u0151en. Influenzaszer\u0171 t\u00fcneteket mutat\u00f3 bel\u00e9p\u0151k eset\u00e9ben a Nemzeti N\u00e9peg\u00e9szs\u00e9g\u00fcgyi K\u00f6zpont \u00e1ltal meghat\u00e1rozott mindenkori elj\u00e1r\u00e1srend ker\u00fcl \u00e9rv\u00e9nyes\u00edt\u00e9sre. A bel\u00e9ptet\u00e9st \u00f6nk\u00e9ntes hallgat\u00f3k seg\u00edtik.\u00a0\u00a0<\/p>\n<p>A Bels\u0151 Klinikai T\u00f6mb ter\u00fclet\u00e9nek \u00e9s az ott tal\u00e1lhat\u00f3 klinik\u00e1knak minden utcai bej\u00e1rat\u00e1t bez\u00e1rj\u00e1k n\u00e9h\u00e1ny kiv\u00e9tellel. A nem el\u0151jegyzett betegek gyalogosan a Baross utcai kapun l\u00e9phetnek be a t\u00f6mb ter\u00fclet\u00e9re, m\u00edg az el\u0151jegyz\u00e9ssel rendelkez\u0151 betegek az adott klinika port\u00e1j\u00e1n, amely csak sz\u00e1mukra \u00e9s a gyalogosan \u00e9rkez\u0151 munkat\u00e1rsaknak nyitott. Mindk\u00e9t esetben az eml\u00edtett k\u00e9rd\u00e9seket \u00e9s h\u0151m\u00e9r\u00e9st k\u00f6vet\u0151en lehets\u00e9ges csak a bel\u00e9p\u00e9s.<\/p>\n<p><a href=\"https:\/\/semmelweis.hu\/hirek\/files\/2020\/03\/BKT-k\u00e9p.jpg\"><img loading=\"lazy\" decoding=\"async\" class=\"aligncenter size-full wp-image-95328\" src=\"https:\/\/semmelweis.hu\/hirek\/files\/2020\/03\/BKT-k\u00e9p.jpg\" alt=\"\" width=\"1108\" height=\"625\" srcset=\"https:\/\/semmelweis.hu\/hirek\/files\/2020\/03\/BKT-k\u00e9p.jpg 1108w, https:\/\/semmelweis.hu\/hirek\/files\/2020\/03\/BKT-k\u00e9p-400x226.jpg 400w, https:\/\/semmelweis.hu\/hirek\/files\/2020\/03\/BKT-k\u00e9p-900x508.jpg 900w, https:\/\/semmelweis.hu\/hirek\/files\/2020\/03\/BKT-k\u00e9p-768x433.jpg 768w, https:\/\/semmelweis.hu\/hirek\/files\/2020\/03\/BKT-k\u00e9p-753x425.jpg 753w\" sizes=\"auto, (max-width: 1108px) 100vw, 1108px\" \/><\/a>A Semmelweis Klinik\u00e1k metr\u00f3\u00e1llom\u00e1sn\u00e1l tal\u00e1lhat\u00f3 K\u00fcls\u0151 Klinikai T\u00f6mbnek (KKT) minden utcai bej\u00e1rat\u00e1t lez\u00e1rj\u00e1k, kiv\u00e9ve a bel\u00e9ptet\u0151pontokat. A S\u00fcrg\u0151ss\u00e9gi Betegell\u00e1t\u00f3 Oszt\u00e1lyra (SBO) \u00e9rkez\u0151 \u00e9s a nem el\u0151jegyzett betegek az \u00fan. T\u0171zolt\u00f3kapun (Szigony utca \u2013 Ap\u00e1thy utca sarok) \u00e9rkezhetnek, m\u00edg az el\u0151jegyzett betegek a klinikai port\u00e1kon kereszt\u00fcl (kiv\u00e9ve az Urol\u00f3giai Klinika betegeit, akik a X-es kapun l\u00e9phetnek be), szint\u00e9n kik\u00e9rdez\u00e9st \u00e9s h\u0151m\u00e9r\u00e9st k\u00f6vet\u0151en.<\/p>\n<p><a href=\"https:\/\/semmelweis.hu\/hirek\/files\/2020\/03\/KKT-j\u00f3.jpg\"><img loading=\"lazy\" decoding=\"async\" class=\"aligncenter size-full wp-image-95338\" src=\"https:\/\/semmelweis.hu\/hirek\/files\/2020\/03\/KKT-j\u00f3.jpg\" alt=\"\" width=\"1081\" height=\"955\" srcset=\"https:\/\/semmelweis.hu\/hirek\/files\/2020\/03\/KKT-j\u00f3.jpg 1081w, https:\/\/semmelweis.hu\/hirek\/files\/2020\/03\/KKT-j\u00f3-400x353.jpg 400w, https:\/\/semmelweis.hu\/hirek\/files\/2020\/03\/KKT-j\u00f3-900x795.jpg 900w, https:\/\/semmelweis.hu\/hirek\/files\/2020\/03\/KKT-j\u00f3-768x678.jpg 768w, https:\/\/semmelweis.hu\/hirek\/files\/2020\/03\/KKT-j\u00f3-753x665.jpg 753w\" sizes=\"auto, (max-width: 1081px) 100vw, 1081px\" \/><\/a><\/p>\n<p>Mindk\u00e9t t\u00f6mb ter\u00fclet\u00e9re \u00e9rv\u00e9nyes, hogy \u2013 a 2020. m\u00e1rcius 8-t\u00f3l az orsz\u00e1gos tisztif\u0151orvos \u00e1ltal elrendelt l\u00e1togat\u00e1si tilalom \u00e9rtelm\u00e9ben \u2013 k\u00eds\u00e9r\u0151 nem l\u00e9phet be, kiv\u00e9ve ap\u00e1s sz\u00fcl\u00e9s eset\u00e9n, valamint ha mozg\u00e1skorl\u00e1tozott vagy fogyat\u00e9kkal \u00e9l\u0151 p\u00e1ciens seg\u00edts\u00e9gre szorul. A betegek g\u00e9pj\u00e1rm\u0171vel mindk\u00e9t t\u00f6mbbe csak mozg\u00e1skorl\u00e1tozott igazolv\u00e1nnyal\u00a0 hajthatnak be a szabad helyek kapacit\u00e1sa f\u00fcggv\u00e9ny\u00e9ben. Ha k\u00eds\u00e9r\u0151 hozza a beteget, akkor a p\u00e1ciens betegsz\u00e1ll\u00edt\u00f3nak t\u00f6rt\u00e9n\u0151 \u00e1tad\u00e1s\u00e1t k\u00f6vet\u0151en azonnal k\u00f6telez\u0151 ki\u00e1llnia.<\/p>\n<p><a href=\"https:\/\/semmelweis.hu\/hirek\/2020\/03\/19\/rektori-tajekoztato-a-klinikak-vedelme-erdekeben-bevezetett-zsilipes-beleptetesrol-a-kkt-es-bkt-teruleten\/\" target=\"_blank\" rel=\"noopener noreferrer\">A munkat\u00e1rsak \u00e9s a ment\u0151k bel\u00e9ptet\u00e9s\u00e9t is tartalmaz\u00f3 rektori t\u00e1j\u00e9koztat\u00f3 ide kattintva tal\u00e1lhat\u00f3.\u00a0<\/a><\/p>\n<p>Dobozi P\u00e1lma<\/p>\n<p>T\u00e9rk\u00e9pek: M\u0171szaki F\u0151igazgat\u00f3s\u00e1g<\/p>\n","protected":false},"excerpt":{"rendered":"<p>2020. m\u00e1rcius 23-\u00e1n csak meghat\u00e1rozott bel\u00e9ptet\u0151pontokon, influenzaszer\u0171 t\u00fcnetekre vonatkoz\u00f3 k\u00e9rd\u00e9seket k\u00f6vet\u0151en lehet bel\u00e9pni a BKT \u00e9s KKT ter\u00fclet\u00e9re. <\/p>\n","protected":false},"author":155,"featured_media":95331,"comment_status":"closed","ping_status":"closed","sticky":false,"template":"","format":"standard","meta":{"_acf_changed":false,"footnotes":""},"categories":[154,168],"tags":[],"class_list":["post-95327","post","type-post","status-publish","format-standard","has-post-thumbnail","hentry","category-egeszseg","category-kiemelt"],"acf":[],"_links":{"self":[{"href":"https:\/\/semmelweis.hu\/hirek\/wp-json\/wp\/v2\/posts\/95327","targetHints":{"allow":["GET"]}}],"collection":[{"href":"https:\/\/semmelweis.hu\/hirek\/wp-json\/wp\/v2\/posts"}],"about":[{"href":"https:\/\/semmelweis.hu\/hirek\/wp-json\/wp\/v2\/types\/post"}],"author":[{"embeddable":true,"href":"https:\/\/semmelweis.hu\/hirek\/wp-json\/wp\/v2\/users\/155"}],"replies":[{"embeddable":true,"href":"https:\/\/semmelweis.hu\/hirek\/wp-json\/wp\/v2\/comments?post=95327"}],"version-history":[{"count":10,"href":"https:\/\/semmelweis.hu\/hirek\/wp-json\/wp\/v2\/posts\/95327\/revisions"}],"predecessor-version":[{"id":97091,"href":"https:\/\/semmelweis.hu\/hirek\/wp-json\/wp\/v2\/posts\/95327\/revisions\/97091"}],"wp:featuredmedia":[{"embeddable":true,"href":"https:\/\/semmelweis.hu\/hirek\/wp-json\/wp\/v2\/media\/95331"}],"wp:attachment":[{"href":"https:\/\/semmelweis.hu\/hirek\/wp-json\/wp\/v2\/media?parent=95327"}],"wp:term":[{"taxonomy":"category","embeddable":true,"href":"https:\/\/semmelweis.hu\/hirek\/wp-json\/wp\/v2\/categories?post=95327"},{"taxonomy":"post_tag","embeddable":true,"href":"https:\/\/semmelweis.hu\/hirek\/wp-json\/wp\/v2\/tags?post=95327"}],"curies":[{"name":"wp","href":"https:\/\/api.w.org\/{rel}","templated":true}]}}