{"id":9528,"date":"2012-01-11T07:47:49","date_gmt":"2012-01-11T06:47:49","guid":{"rendered":"http:\/\/semmelweis-egyetem.hu\/hirek\/?p=9528"},"modified":"2017-08-29T10:27:55","modified_gmt":"2017-08-29T08:27:55","slug":"anyagtudomanyi-kutato-kozpont-alakult-a-fogorvostudomanyi-karon","status":"publish","type":"post","link":"https:\/\/semmelweis.hu\/hirek\/2012\/01\/11\/anyagtudomanyi-kutato-kozpont-alakult-a-fogorvostudomanyi-karon\/","title":{"rendered":"Anyagtudom\u00e1nyi Kutat\u00f3 K\u00f6zpont alakult a Fogorvostudom\u00e1nyi Karon"},"content":{"rendered":"<p><a href=\"https:\/\/semmelweis.hu\/hirek\/files\/2012\/01\/oralis_diagnosztika.jpg\"><img loading=\"lazy\" decoding=\"async\" class=\"size-large wp-image-9530 alignleft\" src=\"https:\/\/semmelweis.hu\/hirek\/files\/2012\/01\/oralis_diagnosztika-564x400.jpg\" alt=\"\" width=\"343\" height=\"243\" srcset=\"https:\/\/semmelweis.hu\/hirek\/files\/2012\/01\/oralis_diagnosztika-564x400.jpg 564w, https:\/\/semmelweis.hu\/hirek\/files\/2012\/01\/oralis_diagnosztika-300x212.jpg 300w\" sizes=\"auto, (max-width: 343px) 100vw, 343px\" \/><\/a>A Semmelweis Egyetem Fogorvostudom\u00e1nyi Kar, \u00d6n\u00e1ll\u00f3 Radiol\u00f3giai R\u00e9szleg keret\u00e9ben &#8211;\u00a0kutat\u00f3egyetemi T\u00c1MOP t\u00e1mogat\u00e1ssal -megalakult az Anyagtudom\u00e1nyi Kutat\u00f3 K\u00f6zpont (AKK) [Materials Science Research Institute -MSRI]. A k\u00f6zpont\u00a0c\u00e9lir\u00e1nyos k\u00e9pzetts\u00e9g\u0171, interdiszciplin\u00e1ris egy\u00fcttm\u0171k\u00f6d\u00e9sben j\u00e1ratos, nemzetk\u00f6zi elismerts\u00e9gnek \u00f6rvend\u0151 kutat\u00f3i g\u00e1rd\u00e1val v\u00e9gzi ennek a sz\u00e9les spektrum\u00fa tud\u00e1st \u00e9s j\u00e1rtass\u00e1got ig\u00e9nyl\u0151 r\u00e9szszakm\u00e1nak magas szint\u0171 m\u0171vel\u00e9s\u00e9t.<\/p>\n<p>Hazai k\u00f6rnyezetben \u00fatt\u00f6r\u0151k\u00e9nt teljes\u00edti a XXI. sz\u00e1zad technol\u00f3giai- \u00e9s ismeretanyag\u00e1val szinkron magas sz\u00ednvonal\u00fa tudom\u00e1nyos kutat\u00e1st. Szerkezet\u00e9ben egyes\u00edti a kvantumk\u00e9miai kutat\u00e1si tev\u00e9kenys\u00e9get, a sz\u00e1m\u00edt\u00f3g\u00e9pes molekulatervez\u00e9st \u00e9s laborat\u00f3riumi polimer szint\u00e9zist, az el\u0151\u00e1ll\u00edtott anyag mechanikai tulajdons\u00e1gait c\u00e9lz\u00f3 vizsg\u00e1latokat, valamint a szintetiz\u00e1lt anyag in vitro \u00e9s in vivo biokompatibilit\u00e1s vizsg\u00e1latait. A kutat\u00f3 munka nemcsak alapkutat\u00e1st jelent, hanem c\u00e9lir\u00e1nyos alap \u00e9s alkalmazott kutat\u00e1s, valamint a k\u00eds\u00e9rleti fejleszt\u00e9s \u00e9rdek\u00e9ben t\u00f6rt\u00e9nik. Az AKK k\u00fcldet\u00e9s\u00e9nek tekinti az egyetemi kutat\u00e1si eredm\u00e9nyek ipari \u00e9s \u00fczleti hasznos\u00edt\u00e1s\u00e1t. Ez az egyed\u00fcl\u00e1ll\u00f3 strukt\u00fara a biztos\u00edt\u00e9ka annak, hogy b\u00e1rmely ponton \u00fajra ind\u00edthat\u00f3 az \u00faj t\u00f6m\u0151anyag fejleszt\u00e9s\u00e9nek folyamata, b\u00e1rmelyik szinten is bizonyul t\u00e9vesnek egy kor\u00e1bbi koncepci\u00f3.<a href=\"https:\/\/semmelweis.hu\/hirek\/files\/2012\/01\/fog_oralis.jpg\"><img loading=\"lazy\" decoding=\"async\" class=\"size-medium wp-image-9531 alignright\" src=\"https:\/\/semmelweis.hu\/hirek\/files\/2012\/01\/fog_oralis-300x225.jpg\" alt=\"\" width=\"300\" height=\"225\" srcset=\"https:\/\/semmelweis.hu\/hirek\/files\/2012\/01\/fog_oralis-300x225.jpg 300w, https:\/\/semmelweis.hu\/hirek\/files\/2012\/01\/fog_oralis-532x400.jpg 532w, https:\/\/semmelweis.hu\/hirek\/files\/2012\/01\/fog_oralis.jpg 656w\" sizes=\"auto, (max-width: 300px) 100vw, 300px\" \/><\/a><\/p>\n<p>Eddigi tev\u00e9kenys\u00e9geink sor\u00e1n a G338-as sz\u00e1m\u00fa, k\u00eds\u00e9rleti \u00fcvegionomer cementet vizsg\u00e1ltuk neutron spektroszk\u00f3pi\u00e1val a Rutherford Appleton Laboratory-ban (Chilton, Didcot, UK). Ez a munka Gregory Chasse (Queen Mary, London University) professzorral kollabor\u00e1ci\u00f3ban t\u00f6rt\u00e9nik. Sz\u00e1m\u00edt\u00f3g\u00e9pes molekulatervez\u00e9st v\u00e9gezt\u00fcnk a polialkeno\u00e1t v\u00e1z elvi lecser\u00e9l\u00e9s\u00e9re, amely egy poliprolin m\u00f3dosulat lenne. Az ezen elhelyezked\u0151 \u2013COOH csoportok l\u00e9pn\u00e9nek az \u00fcvegt\u00f6ltel\u00e9kkel sav-b\u00e1zis reakci\u00f3ba, ahogy azt az eredeti alkeno\u00e1t v\u00e1zzal teszik. Itt azonban az akt\u00edv csoport t\u00e9rben kedvez\u0151bben helyezkedhet el, ami a fizikai tulajdons\u00e1gok javul\u00e1s\u00e1t eredm\u00e9nyezheti. A molekulatervez\u0151 csoport vezet\u0151je Csizmadia Imre akad\u00e9mikus.<\/p>\n<figure id=\"attachment_9529\" aria-describedby=\"caption-attachment-9529\" style=\"width: 300px\" class=\"wp-caption alignleft\"><a href=\"https:\/\/semmelweis.hu\/hirek\/files\/2012\/01\/fog_oralis1.jpg\"><img loading=\"lazy\" decoding=\"async\" class=\"size-medium wp-image-9529  \" src=\"https:\/\/semmelweis.hu\/hirek\/files\/2012\/01\/fog_oralis1-300x126.jpg\" alt=\"\" width=\"300\" height=\"126\" srcset=\"https:\/\/semmelweis.hu\/hirek\/files\/2012\/01\/fog_oralis1-300x126.jpg 300w, https:\/\/semmelweis.hu\/hirek\/files\/2012\/01\/fog_oralis1-600x253.jpg 600w, https:\/\/semmelweis.hu\/hirek\/files\/2012\/01\/fog_oralis1.jpg 617w\" sizes=\"auto, (max-width: 300px) 100vw, 300px\" \/><\/a><figcaption id=\"caption-attachment-9529\" class=\"wp-caption-text\">molekular\u00e9szlet t\u00e9rszerkezeti k\u00e9pe<\/figcaption><\/figure>\n<p>Mechanikai tulajdons\u00e1gok jellemz\u00e9s\u00e9re Gauss-f\u00e9le terhel\u00e9snek tett\u00fck ki a vizsg\u00e1lt mint\u00e1kat, \u00e9s az itt nyert elaszticit\u00e1si modulus, Young-modulus, \u00e9s fraktogr\u00e1fiai vizsg\u00e1latok, mikro &#8211; \u00e9s nano-CT k\u00e9panal\u00edzis, valamint nanoindent\u00e1ci\u00f3s vizsg\u00e1latok szolg\u00e1lnak. Ezek a vizsg\u00e1latok Nagy P\u00e9ter KKKI tudom\u00e1nyos f\u0151munkat\u00e1rssal egy\u00fcttm\u0171k\u00f6d\u00e9sben t\u00f6rt\u00e9nnek.<br \/>\nIn vitro cito- \u00e9s hisztokompatibilit\u00e1s vizsg\u00e1latokat v\u00e9gz\u00fcnk, miel\u0151tt egy \u00faj anyagnak az in vivo tesztel\u00e9s\u00e9be kezden\u00e9nk. Patk\u00e1ny fogb\u00e9l irrit\u00e1ci\u00f3s vizsg\u00e1lati m\u00f3dszer\u00e9t tov\u00e1bbfejlesztett\u00fck \u00fagy, hogy a gingiva a t\u00f6m\u0151anyaggal k\u00f6zvetlen\u00fcl \u00e9rintkez\u0151 sz\u00f6vet\u00e9b\u0151l hisztol\u00f3giai, hisztok\u00e9miai anal\u00edzist v\u00e9gz\u00fcnk. Hum\u00e1n vizsg\u00e1latokban kereskedelmi forgalomban lev\u0151 GC Fuji IX GP Extra \u00e9s G-Coat Plus \u00faj term\u00e9keket vizsg\u00e1ljuk az esetlegesen fell\u00e9p\u0151 hasonl\u00f3 sz\u00f6veti reakci\u00f3kat. A hum\u00e1n biokompatibilit\u00e1s vizsg\u00e1latokat a Gera Istv\u00e1n professzor vezette nagy tapasztalatokkal rendelkez\u0151 parodontol\u00f3giai team v\u00e9gzi.<\/p>\n<p>Az AKK kiemelt feladatk\u00e9nt kezeli a fog\u00e1szati anyagtudom\u00e1ny egy \u00faj koncepci\u00f3 szerint m\u0171k\u00f6d\u0151, nemzetk\u00f6zi h\u00e1l\u00f3zat\u00e1nak l\u00e9trehoz\u00e1s\u00e1t, illetve abban val\u00f3 akt\u00edv r\u00e9szv\u00e9telt, vezet\u0151 szerepet. Ennek k\u00f6vetkezt\u00e9ben, a vil\u00e1g neves anyagtani kutat\u00f3 m\u0171helyei sor\u00e1ba k\u00edv\u00e1n l\u00e9pni.<\/p>\n<p>A fenntarthat\u00f3 fejl\u0151d\u00e9s koncepci\u00f3j\u00e1t nagyon szigor\u00faan k\u00edv\u00e1nja saj\u00e1t m\u0171k\u00f6d\u00e9s\u00e9ben is k\u00f6vetni, m\u00e1r indul\u00e1sakor is oly m\u00f3don, hogy a sz\u00e1m\u00edt\u00f3g\u00e9pes molekulatervez\u00e9s m\u00f3dszere, aktivit\u00e1s\u00e1nak alapj\u00e1t k\u00e9pezi.<\/p>\n<p>Dr. Dob\u00f3-Nagy Csaba<\/p>\n<p><a href=\"https:\/\/semmelweis.hu\/hirek\/files\/2011\/11\/kutatoegyetem_hosszu_szamozott.jpg\"><img loading=\"lazy\" decoding=\"async\" class=\"aligncenter size-large wp-image-8584\" src=\"https:\/\/semmelweis.hu\/hirek\/files\/2011\/11\/kutatoegyetem_hosszu_szamozott-600x101.jpg\" alt=\"\" width=\"600\" height=\"101\" srcset=\"https:\/\/semmelweis.hu\/hirek\/files\/2011\/11\/kutatoegyetem_hosszu_szamozott-600x101.jpg 600w, https:\/\/semmelweis.hu\/hirek\/files\/2011\/11\/kutatoegyetem_hosszu_szamozott-300x50.jpg 300w\" sizes=\"auto, (max-width: 600px) 100vw, 600px\" \/><\/a><\/p>\n","protected":false},"excerpt":{"rendered":"<p><a href=\"https:\/\/semmelweis.hu\/hirek\/files\/2012\/01\/oralis_diagnosztika.jpg\"><\/a> A Semmelweis Egyetem Fogorvostudom\u00e1nyi Kar, \u00d6n\u00e1ll\u00f3 Radiol\u00f3giai R\u00e9szleg keret\u00e9ben &#8211;\u00a0kutat\u00f3egyetemi T\u00c1MOP t\u00e1mogat\u00e1ssal -megalakult az Anyagtudom\u00e1nyi Kutat\u00f3 K\u00f6zpont (AKK) [Materials Science Research Institute -MSRI]. A k\u00f6zpont\u00a0c\u00e9lir\u00e1nyos k\u00e9pzetts\u00e9g\u0171, interdiszciplin\u00e1ris egy\u00fcttm\u0171k\u00f6d\u00e9sben j\u00e1ratos, nemzetk\u00f6zi elismerts\u00e9gnek \u00f6rvend\u0151 kutat\u00f3i g\u00e1rd\u00e1val v\u00e9gzi ennek a sz\u00e9les spektrum\u00fa tud\u00e1st \u00e9s j\u00e1rtass\u00e1got ig\u00e9nyl\u0151 r\u00e9szszakm\u00e1nak magas szint\u0171 m\u0171vel\u00e9s\u00e9t. Hazai k\u00f6rnyezetben \u00fatt\u00f6r\u0151k\u00e9nt teljes\u00edti a XXI. sz\u00e1zad technol\u00f3giai- &hellip;<\/p>\n","protected":false},"author":11,"featured_media":9530,"comment_status":"closed","ping_status":"open","sticky":false,"template":"","format":"standard","meta":{"_acf_changed":false,"footnotes":""},"categories":[161,168],"tags":[1181,160],"class_list":["post-9528","post","type-post","status-publish","format-standard","has-post-thumbnail","hentry","category-tudomany","category-kiemelt","tag-fok","tag-ske"],"acf":[],"_links":{"self":[{"href":"https:\/\/semmelweis.hu\/hirek\/wp-json\/wp\/v2\/posts\/9528","targetHints":{"allow":["GET"]}}],"collection":[{"href":"https:\/\/semmelweis.hu\/hirek\/wp-json\/wp\/v2\/posts"}],"about":[{"href":"https:\/\/semmelweis.hu\/hirek\/wp-json\/wp\/v2\/types\/post"}],"author":[{"embeddable":true,"href":"https:\/\/semmelweis.hu\/hirek\/wp-json\/wp\/v2\/users\/11"}],"replies":[{"embeddable":true,"href":"https:\/\/semmelweis.hu\/hirek\/wp-json\/wp\/v2\/comments?post=9528"}],"version-history":[{"count":2,"href":"https:\/\/semmelweis.hu\/hirek\/wp-json\/wp\/v2\/posts\/9528\/revisions"}],"predecessor-version":[{"id":9532,"href":"https:\/\/semmelweis.hu\/hirek\/wp-json\/wp\/v2\/posts\/9528\/revisions\/9532"}],"wp:featuredmedia":[{"embeddable":true,"href":"https:\/\/semmelweis.hu\/hirek\/wp-json\/wp\/v2\/media\/9530"}],"wp:attachment":[{"href":"https:\/\/semmelweis.hu\/hirek\/wp-json\/wp\/v2\/media?parent=9528"}],"wp:term":[{"taxonomy":"category","embeddable":true,"href":"https:\/\/semmelweis.hu\/hirek\/wp-json\/wp\/v2\/categories?post=9528"},{"taxonomy":"post_tag","embeddable":true,"href":"https:\/\/semmelweis.hu\/hirek\/wp-json\/wp\/v2\/tags?post=9528"}],"curies":[{"name":"wp","href":"https:\/\/api.w.org\/{rel}","templated":true}]}}