{"id":94619,"date":"2020-02-25T11:08:35","date_gmt":"2020-02-25T10:08:35","guid":{"rendered":"http:\/\/semmelweis.hu\/hirek\/?p=94619"},"modified":"2025-01-30T15:52:40","modified_gmt":"2025-01-30T14:52:40","slug":"tovabb-erositene-egyuttmukodeset-a-semmelweis-egyetem-es-az-ogyei","status":"publish","type":"post","link":"https:\/\/semmelweis.hu\/hirek\/2020\/02\/25\/tovabb-erositene-egyuttmukodeset-a-semmelweis-egyetem-es-az-ogyei\/","title":{"rendered":"Tov\u00e1bb er\u0151s\u00edten\u00e9 egy\u00fcttm\u0171k\u00f6d\u00e9s\u00e9t a Semmelweis Egyetem \u00e9s az OGY\u00c9I"},"content":{"rendered":"<div class=\"lead\">A Semmelweis Egyetem \u00e9s az Orsz\u00e1gos Gy\u00f3gyszer\u00e9szeti \u00e9s \u00c9lelmez\u00e9s-eg\u00e9szs\u00e9g\u00fcgyi Int\u00e9zet (OGY\u00c9I) k\u00f6z\u00f6tti jelenlegi egy\u00fcttm\u0171k\u00f6d\u00e9sekr\u0151l \u00e9s a tov\u00e1bbi lehet\u0151s\u00e9gekr\u0151l, \u00edgy p\u00e9ld\u00e1ul k\u00f6z\u00f6s kutat\u00e1sok, valamint PhD \u00e9s egy\u00e9b k\u00e9pz\u00e9sek ind\u00edt\u00e1s\u00e1r\u00f3l is sz\u00f3 volt a Semmelweis Egyetemen a Kutat\u00f3i Szalon keret\u00e9ben tartott rendezv\u00e9nyen, amelyen a hat\u00f3s\u00e1g tev\u00e9kenys\u00e9g\u00e9be is bepillant\u00e1st kaphattak az \u00e9rdekl\u0151d\u0151k.<\/div>\n<p><strong><a href=\"https:\/\/semmelweis.hu\/hirek\/files\/2020\/02\/RS109743_C19A8799-scr.jpg\"><img loading=\"lazy\" decoding=\"async\" class=\"alignleft size-medium wp-image-94621\" src=\"https:\/\/semmelweis.hu\/hirek\/files\/2020\/02\/RS109743_C19A8799-scr-267x400.jpg\" alt=\"\" width=\"267\" height=\"400\" srcset=\"https:\/\/semmelweis.hu\/hirek\/files\/2020\/02\/RS109743_C19A8799-scr-267x400.jpg 267w, https:\/\/semmelweis.hu\/hirek\/files\/2020\/02\/RS109743_C19A8799-scr-533x800.jpg 533w, https:\/\/semmelweis.hu\/hirek\/files\/2020\/02\/RS109743_C19A8799-scr.jpg 600w\" sizes=\"auto, (max-width: 267px) 100vw, 267px\" \/><\/a><\/strong>A k\u00e9t int\u00e9zm\u00e9ny k\u00f6z\u00f6tt t\u00f6bb \u00e9ve van egy\u00fcttm\u0171k\u00f6d\u00e9si meg\u00e1llapod\u00e1s k\u00fcl\u00f6nb\u00f6z\u0151 oktat\u00e1si \u00e9s kutat\u00e1si projektek kapcs\u00e1n, ezt szeretn\u00e9nk most m\u00e9g t\u00f6bb tartalommal megt\u00f6lteni \u2013 hangs\u00falyozta k\u00f6sz\u00f6nt\u0151j\u00e9ben dr. Ferdinandy P\u00e9ter tudom\u00e1nyos \u00e9s innov\u00e1ci\u00f3s rektorhelyettes. Mint kiemelte, a gy\u00f3gyszerek \u00e9s az orvostechnikai eszk\u00f6z\u00f6k fejleszt\u00e9se ma sz\u00e9les k\u00f6r\u0171 t\u00e1rsadalmi \u00f6sszefog\u00e1son alapul\u00f3, multidiszciplin\u00e1ris ipar\u00e1g, a hat\u00f3s\u00e1goknak pedig egyre fontosabb szerepe van a fejleszt\u00e9sben \u00e9s az innov\u00e1ci\u00f3ban egyar\u00e1nt. Az ellen\u0151rz\u0151 szerepen t\u00fal a fejleszt\u00e9seket el\u0151seg\u00edt\u0151 szakmai tan\u00e1csad\u00f3k\u00e9nt kell tekinteni a hat\u00f3s\u00e1gra, ez\u00e9rt is fontos testk\u00f6zelb\u0151l megismerni a tev\u00e9kenys\u00e9g\u00e9t \u2013 mutatott r\u00e1 a rektorhelyettes.<\/p>\n<p>Sz\u00f3lt a tervezett Eg\u00e9szs\u00e9gipari-Biotechnol\u00f3giai Science Parkr\u00f3l is, amely h\u00e1tteret tud biztos\u00edtani minden szakma sz\u00e1m\u00e1ra, ami a gy\u00f3gyszer- \u00e9s orvostechnikai eszk\u00f6z innov\u00e1ci\u00f3hoz sz\u00fcks\u00e9ges, \u00edgy itt is kiemelt szerepet kap majd a hat\u00f3s\u00e1ggal val\u00f3 partneri kapcsolat a jogi, etikai, szab\u00e1lyoz\u00e1si, de eg\u00e9szs\u00e9gipari szakmai k\u00e9rd\u00e9sekben is.<\/p>\n<p>Dr. Ferdinandy P\u00e9ter lehet\u0151s\u00e9get l\u00e1t az egy\u00fcttm\u0171k\u00f6d\u00e9sre egyebek mellett a k\u00fcl\u00f6nb\u00f6z\u0151 technol\u00f3giai \u00e9s analitikai kutat\u00e1sok, a gy\u00f3gyszerinnov\u00e1ci\u00f3, min\u0151s\u00e9gbiztos\u00edt\u00e1s, gy\u00f3gyszerell\u00e1t\u00e1s, klinikai vizsg\u00e1latok, valamint gy\u00f3gyszerbiztons\u00e1g ter\u00e9n. Kit\u00e9rt arra is, hogy az OGY\u00c9I magas sz\u00ednvonal\u00fa laborjai k\u00f6z\u00f6s PhD- \u00e9s tehets\u00e9ggondoz\u00e1si programokra is lehet\u0151s\u00e9get adnak, az oktat\u00e1sba val\u00f3 ilyen t\u00edpus\u00fa bekapcsol\u00f3d\u00e1s pedig az int\u00e9zetet is seg\u00edten\u00e9 a munkaer\u0151 megtart\u00e1sban.<\/p>\n<p><a href=\"https:\/\/semmelweis.hu\/hirek\/files\/2020\/02\/RS109747_C19A8856-scr.jpg\"><img loading=\"lazy\" decoding=\"async\" class=\"alignright size-medium wp-image-94620\" src=\"https:\/\/semmelweis.hu\/hirek\/files\/2020\/02\/RS109747_C19A8856-scr-400x267.jpg\" alt=\"\" width=\"400\" height=\"267\" srcset=\"https:\/\/semmelweis.hu\/hirek\/files\/2020\/02\/RS109747_C19A8856-scr-400x267.jpg 400w, https:\/\/semmelweis.hu\/hirek\/files\/2020\/02\/RS109747_C19A8856-scr-900x600.jpg 900w, https:\/\/semmelweis.hu\/hirek\/files\/2020\/02\/RS109747_C19A8856-scr-768x512.jpg 768w, https:\/\/semmelweis.hu\/hirek\/files\/2020\/02\/RS109747_C19A8856-scr-753x502.jpg 753w, https:\/\/semmelweis.hu\/hirek\/files\/2020\/02\/RS109747_C19A8856-scr-203x135.jpg 203w, https:\/\/semmelweis.hu\/hirek\/files\/2020\/02\/RS109747_C19A8856-scr.jpg 1200w\" sizes=\"auto, (max-width: 400px) 100vw, 400px\" \/><\/a>Dr. Szentiv\u00e1nyi M\u00e1ty\u00e1s, az OGY\u00c9I f\u0151igazgat\u00f3ja k\u00f6sz\u00f6nt\u0151j\u00e9ben kiemelte, hogy szeretn\u00e9nek min\u00e9l sz\u00e9lesebb k\u00f6r\u0171 egy\u00fcttm\u0171k\u00f6d\u00e9seket kialak\u00edtani azokon a ter\u00fcleteken, amelyeken jelen van az int\u00e9zet. Az OGY\u00c9I k\u00fcldet\u00e9se, hogy hozz\u00e1j\u00e1ruljon az eg\u00e9szs\u00e9gtudatos Magyarorsz\u00e1g v\u00edzi\u00f3j\u00e1hoz, megb\u00edzhat\u00f3 gy\u00f3gyszerekkel \u00e9s eg\u00e9szs\u00e9ges t\u00e1pl\u00e1lkoz\u00e1ssal \u2013 hangs\u00falyozta. C\u00e9ljuk, hogy 2025-re az OGY\u00c9I kiemelked\u0151 szakmai tud\u00e1sa, hat\u00f3s\u00e1gi tev\u00e9kenys\u00e9ge \u00e9s innovat\u00edv szeml\u00e9lete r\u00e9v\u00e9n hazai \u00e9s a nemzetk\u00f6zi sz\u00ednt\u00e9ren egyar\u00e1nt ismert \u00e9s elismert, a vonatkoz\u00f3 ipar\u00e1gak sz\u00e1m\u00e1ra \u00fatmutat\u00f3 \u00e9s \u00fcgyf\u00e9lbar\u00e1t int\u00e9zet legyen.<\/p>\n<p>A k\u00f6sz\u00f6nt\u0151k ut\u00e1n az OGY\u00c9I munkat\u00e1rsai mutatt\u00e1k be r\u00e9szletesebben a hat\u00f3s\u00e1got. Dr. Tarnai Judit \u00e1ltal\u00e1nos f\u0151igazgat\u00f3-helyettes egyebek mellett az int\u00e9zet m\u0171k\u00f6d\u00e9s\u00e9r\u0151l, valamint az eddigi \u00e9s a tov\u00e1bbiakban lehets\u00e9ges k\u00f6z\u00f6s k\u00e9pz\u00e9si lehet\u0151s\u00e9gekr\u0151l sz\u00f3lt. Lohner Szilvia laborat\u00f3riumi f\u0151oszt\u00e1lyvezet\u0151 az OGY\u00c9I laborat\u00f3rium\u00e1t mutatta be, mely szint\u00e9n egy\u00fcttm\u0171k\u00f6d\u00e9sek terepe lehet. L\u00e1gner Rich\u00e1rd, a Gy\u00f3gyszerk\u00e9miai \u00e9s Technol\u00f3giai Laborat\u00f3rium oszt\u00e1lyvezet\u0151je az \u00e1ltala ir\u00e1ny\u00edtott laborr\u00f3l \u00e9s a lehets\u00e9ges kutat\u00e1si t\u00e9m\u00e1kr\u00f3l sz\u00f3lt. H\u00f3v\u00e1ri Judit min\u0151s\u00e9g\u00fcgyi megb\u00edzott az \u00c9lelmiszerk\u00e9miai \u00e9s Analitikai Laborat\u00f3riumot, valamint az azzal val\u00f3 lehets\u00e9ges egy\u00fcttm\u0171k\u00f6d\u00e9seket ismertette.\u00a0<\/p>\n\r\n        [slb_exclude]\r\n        <div class=\"row galeria-wrapper mx-0 h-auto\">\r\n            <div class=\"col-9 pl-0 pr-2\">\r\n            <span class=\"gallery-item frame\">\r\n\t\t\t\t<div class=\"galeria-left-img\"><a href=\"https:\/\/semmelweis.hu\/hirek\/files\/2020\/02\/RS109745_C19A8914-scr.jpg\"><img src=https:\/\/semmelweis.hu\/hirek\/files\/2020\/02\/RS109745_C19A8914-scr.jpg  \r\n                            alt=\"\" \r\n                            class=\"attachment-sote-gallery-big size-sote-gallery-big\" \r\n                            srcset=\"https:\/\/semmelweis.hu\/hirek\/files\/2020\/02\/RS109745_C19A8914-scr-400x267.jpg 400w, https:\/\/semmelweis.hu\/hirek\/files\/2020\/02\/RS109745_C19A8914-scr-900x600.jpg 900w, https:\/\/semmelweis.hu\/hirek\/files\/2020\/02\/RS109745_C19A8914-scr-768x512.jpg 768w, https:\/\/semmelweis.hu\/hirek\/files\/2020\/02\/RS109745_C19A8914-scr-753x502.jpg 753w, https:\/\/semmelweis.hu\/hirek\/files\/2020\/02\/RS109745_C19A8914-scr-203x135.jpg 203w, https:\/\/semmelweis.hu\/hirek\/files\/2020\/02\/RS109745_C19A8914-scr.jpg 1200w\" ><\/a><\/div>\r\n            <\/span>\r\n\r\n            <\/div>\r\n\r\n\t\t\t<div class=\"col-3 pl-0 pr-0\">\r\n\t\t\t\t<div class=\"galeria-right-img d-flex justify-content-between flex-column h-100 w-100 px-0 mx-0 \">\r\n                <div class=\"galeria-box\">\r\n\t\t\t\t\t<h3 class=\"galeria-title\">Gal\u00e9ria<\/h3>\r\n\t\t\t\t\t<div class=\"galeria-subtitle\">\r\n\r\n\t\t\t\t\t\t<div class=\"galeria-page-counter\"><span>6<\/span>k\u00e9p<\/div>\r\n                    <\/div> <\/div>\r\n                    <span class=\"gallery-item frame d-none d-md-flex\">\r\n\t\t\t\t\t<div class=\"galeria-small-img mt-0\"><a href=\"https:\/\/semmelweis.hu\/hirek\/files\/2020\/02\/RS109751_C19A8808-scr.jpg\"><img src=https:\/\/semmelweis.hu\/hirek\/files\/2020\/02\/RS109751_C19A8808-scr.jpg \r\n                                alt=\"\"  \r\n                                class=\"attachment-sote-gallery-small size-sote-gallery-small\" \r\n                                srcset=\"https:\/\/semmelweis.hu\/hirek\/files\/2020\/02\/RS109751_C19A8808-scr-400x267.jpg 400w, https:\/\/semmelweis.hu\/hirek\/files\/2020\/02\/RS109751_C19A8808-scr-900x600.jpg 900w, https:\/\/semmelweis.hu\/hirek\/files\/2020\/02\/RS109751_C19A8808-scr-768x512.jpg 768w, https:\/\/semmelweis.hu\/hirek\/files\/2020\/02\/RS109751_C19A8808-scr-753x502.jpg 753w, https:\/\/semmelweis.hu\/hirek\/files\/2020\/02\/RS109751_C19A8808-scr-203x135.jpg 203w, https:\/\/semmelweis.hu\/hirek\/files\/2020\/02\/RS109751_C19A8808-scr.jpg 1200w\" ><\/a><\/div>\r\n                    <\/span>\r\n                    <span class=\"gallery-item frame d-none d-md-flex\">\r\n\t\t\t\t\t<div class=\"galeria-small-img mt-0\"><a href=\"https:\/\/semmelweis.hu\/hirek\/files\/2020\/02\/RS109767_C19A8941-scr.jpg\"><img src=https:\/\/semmelweis.hu\/hirek\/files\/2020\/02\/RS109767_C19A8941-scr.jpg \r\n                                alt=\"\" \r\n                                class=\"attachment-sote-gallery-small size-sote-gallery-small\" \r\n                                srcset=\"https:\/\/semmelweis.hu\/hirek\/files\/2020\/02\/RS109767_C19A8941-scr-400x267.jpg 400w, https:\/\/semmelweis.hu\/hirek\/files\/2020\/02\/RS109767_C19A8941-scr-900x600.jpg 900w, https:\/\/semmelweis.hu\/hirek\/files\/2020\/02\/RS109767_C19A8941-scr-768x512.jpg 768w, https:\/\/semmelweis.hu\/hirek\/files\/2020\/02\/RS109767_C19A8941-scr-753x502.jpg 753w, https:\/\/semmelweis.hu\/hirek\/files\/2020\/02\/RS109767_C19A8941-scr-203x135.jpg 203w, https:\/\/semmelweis.hu\/hirek\/files\/2020\/02\/RS109767_C19A8941-scr.jpg 1200w\" ><\/a><\/div>\r\n                    <\/span>\r\n\r\n                <\/div>\r\n\r\n            <\/div>\r\n\r\n            <span class=\"gallery-item\"><div class=\"hidden\"><a href=\"https:\/\/semmelweis.hu\/hirek\/files\/2020\/02\/RS109734_C19A8892-scr.jpg\">\r\n        <img src=https:\/\/semmelweis.hu\/hirek\/files\/2020\/02\/RS109734_C19A8892-scr.jpg alt=\"\" class=\"attachment-sote-gallery-big size-sote-gallery-big\" srcset=\"https:\/\/semmelweis.hu\/hirek\/files\/2020\/02\/RS109734_C19A8892-scr-400x267.jpg 400w, https:\/\/semmelweis.hu\/hirek\/files\/2020\/02\/RS109734_C19A8892-scr-900x600.jpg 900w, https:\/\/semmelweis.hu\/hirek\/files\/2020\/02\/RS109734_C19A8892-scr-768x512.jpg 768w, https:\/\/semmelweis.hu\/hirek\/files\/2020\/02\/RS109734_C19A8892-scr-753x502.jpg 753w, https:\/\/semmelweis.hu\/hirek\/files\/2020\/02\/RS109734_C19A8892-scr-203x135.jpg 203w, https:\/\/semmelweis.hu\/hirek\/files\/2020\/02\/RS109734_C19A8892-scr.jpg 1200w\" >\r\n        <\/a><\/div><\/span><span class=\"gallery-item\"><div class=\"hidden\"><a href=\"https:\/\/semmelweis.hu\/hirek\/files\/2020\/02\/RS109753_C19A8925-scr.jpg\">\r\n        <img src=https:\/\/semmelweis.hu\/hirek\/files\/2020\/02\/RS109753_C19A8925-scr.jpg alt=\"\" class=\"attachment-sote-gallery-big size-sote-gallery-big\" srcset=\"https:\/\/semmelweis.hu\/hirek\/files\/2020\/02\/RS109753_C19A8925-scr-400x267.jpg 400w, https:\/\/semmelweis.hu\/hirek\/files\/2020\/02\/RS109753_C19A8925-scr-900x600.jpg 900w, https:\/\/semmelweis.hu\/hirek\/files\/2020\/02\/RS109753_C19A8925-scr-768x512.jpg 768w, https:\/\/semmelweis.hu\/hirek\/files\/2020\/02\/RS109753_C19A8925-scr-753x502.jpg 753w, https:\/\/semmelweis.hu\/hirek\/files\/2020\/02\/RS109753_C19A8925-scr-203x135.jpg 203w, https:\/\/semmelweis.hu\/hirek\/files\/2020\/02\/RS109753_C19A8925-scr.jpg 1200w\" >\r\n        <\/a><\/div><\/span><span class=\"gallery-item\"><div class=\"hidden\"><a href=\"https:\/\/semmelweis.hu\/hirek\/files\/2020\/02\/RS109740_C19A8842-scr.jpg\">\r\n        <img src=https:\/\/semmelweis.hu\/hirek\/files\/2020\/02\/RS109740_C19A8842-scr.jpg alt=\"\" class=\"attachment-sote-gallery-big size-sote-gallery-big\" srcset=\"https:\/\/semmelweis.hu\/hirek\/files\/2020\/02\/RS109740_C19A8842-scr-400x267.jpg 400w, https:\/\/semmelweis.hu\/hirek\/files\/2020\/02\/RS109740_C19A8842-scr-900x600.jpg 900w, https:\/\/semmelweis.hu\/hirek\/files\/2020\/02\/RS109740_C19A8842-scr-768x512.jpg 768w, https:\/\/semmelweis.hu\/hirek\/files\/2020\/02\/RS109740_C19A8842-scr-753x502.jpg 753w, https:\/\/semmelweis.hu\/hirek\/files\/2020\/02\/RS109740_C19A8842-scr-203x135.jpg 203w, https:\/\/semmelweis.hu\/hirek\/files\/2020\/02\/RS109740_C19A8842-scr.jpg 1200w\" >\r\n        <\/a><\/div><\/span>\r\n            <\/div>\r\n\r\n            [\/slb_exclude]\r\n\t\n<p>Az \u00e9v els\u0151 Kutat\u00f3i Szalon rendezv\u00e9ny\u00e9t nagy \u00e9rdekl\u0151d\u00e9s k\u00eds\u00e9rte. Az egyetemi kutat\u00f3k, oktat\u00f3k, hallgat\u00f3k, valamint az egyetem partnerei pozit\u00edvan fogadt\u00e1k az el\u0151ad\u00e1sokat, amelyeket k\u00f6vet\u0151en az el\u0151ad\u00f3k sz\u00e1mos \u00e9rdekl\u0151d\u0151 k\u00e9rd\u00e9st kaptak \u00e9s tov\u00e1bbi egy\u00fcttm\u0171k\u00f6d\u00e9si javaslatok is felvet\u0151dtek.<\/p>\n<p>Dobozi P\u00e1lma<br \/>\nFot\u00f3: Kov\u00e1cs Attila &#8211; Semmelweis Egyetem<\/p>\n<p><a href=\"https:\/\/semmelweis.hu\/hirek\/files\/2020\/02\/NKFIA_infoblokk_projekt_fekvo_2019_HU-400x94-1.jpg\"><img loading=\"lazy\" decoding=\"async\" class=\"alignright wp-image-149683 size-full\" src=\"https:\/\/semmelweis.hu\/hirek\/files\/2020\/02\/NKFIA_infoblokk_projekt_fekvo_2019_HU-400x94-1.jpg\" alt=\"\" width=\"400\" height=\"94\" \/><\/a><\/p>\n","protected":false},"excerpt":{"rendered":"<p>A Kutat\u00f3i Szalon keret\u00e9ben tartott rendezv\u00e9nyen a hat\u00f3s\u00e1g tev\u00e9kenys\u00e9g\u00e9be is bepillant\u00e1st kaphattak az \u00e9rdekl\u0151d\u0151k. <\/p>\n","protected":false},"author":13,"featured_media":94626,"comment_status":"closed","ping_status":"closed","sticky":false,"template":"","format":"standard","meta":{"_acf_changed":false,"footnotes":""},"categories":[161,168],"tags":[],"class_list":["post-94619","post","type-post","status-publish","format-standard","has-post-thumbnail","hentry","category-tudomany","category-kiemelt"],"acf":[],"_links":{"self":[{"href":"https:\/\/semmelweis.hu\/hirek\/wp-json\/wp\/v2\/posts\/94619","targetHints":{"allow":["GET"]}}],"collection":[{"href":"https:\/\/semmelweis.hu\/hirek\/wp-json\/wp\/v2\/posts"}],"about":[{"href":"https:\/\/semmelweis.hu\/hirek\/wp-json\/wp\/v2\/types\/post"}],"author":[{"embeddable":true,"href":"https:\/\/semmelweis.hu\/hirek\/wp-json\/wp\/v2\/users\/13"}],"replies":[{"embeddable":true,"href":"https:\/\/semmelweis.hu\/hirek\/wp-json\/wp\/v2\/comments?post=94619"}],"version-history":[{"count":4,"href":"https:\/\/semmelweis.hu\/hirek\/wp-json\/wp\/v2\/posts\/94619\/revisions"}],"predecessor-version":[{"id":149686,"href":"https:\/\/semmelweis.hu\/hirek\/wp-json\/wp\/v2\/posts\/94619\/revisions\/149686"}],"wp:featuredmedia":[{"embeddable":true,"href":"https:\/\/semmelweis.hu\/hirek\/wp-json\/wp\/v2\/media\/94626"}],"wp:attachment":[{"href":"https:\/\/semmelweis.hu\/hirek\/wp-json\/wp\/v2\/media?parent=94619"}],"wp:term":[{"taxonomy":"category","embeddable":true,"href":"https:\/\/semmelweis.hu\/hirek\/wp-json\/wp\/v2\/categories?post=94619"},{"taxonomy":"post_tag","embeddable":true,"href":"https:\/\/semmelweis.hu\/hirek\/wp-json\/wp\/v2\/tags?post=94619"}],"curies":[{"name":"wp","href":"https:\/\/api.w.org\/{rel}","templated":true}]}}