{"id":9413,"date":"2011-12-30T11:44:18","date_gmt":"2011-12-30T10:44:18","guid":{"rendered":"http:\/\/semmelweis-egyetem.hu\/hirek\/?p=9413"},"modified":"2017-10-13T12:50:58","modified_gmt":"2017-10-13T10:50:58","slug":"2012-ben-is-lendulet-program","status":"publish","type":"post","link":"https:\/\/semmelweis.hu\/hirek\/2011\/12\/30\/2012-ben-is-lendulet-program\/","title":{"rendered":"2012-ben is Lend\u00fclet program"},"content":{"rendered":"<p><a href=\"https:\/\/semmelweis.hu\/hirek\/files\/2012\/01\/lenduletlogo.jpg\"><img loading=\"lazy\" decoding=\"async\" class=\"alignleft size-medium wp-image-9414\" src=\"https:\/\/semmelweis.hu\/hirek\/files\/2012\/01\/lenduletlogo-300x225.jpg\" alt=\"\" width=\"180\" height=\"135\" srcset=\"https:\/\/semmelweis.hu\/hirek\/files\/2012\/01\/lenduletlogo-300x225.jpg 300w, https:\/\/semmelweis.hu\/hirek\/files\/2012\/01\/lenduletlogo.jpg 501w\" sizes=\"auto, (max-width: 180px) 100vw, 180px\" \/><\/a>Az MTA eln\u00f6ke a k\u00fclf\u00f6ld\u00f6n is p\u00e9lda\u00e9rt\u00e9k\u0171nek tekintett, imm\u00e1r negyedik alkalommal meghirdetett <a href=\"http:\/\/mta.hu\/mta_hirei\/meg-tobb-lendulet-tobb-kivalo-tudos-tobb-penz-tobb-igeretes-kutatas-127562\/\">Lend\u00fclet program<\/a> keret\u00e9ben p\u00e1ly\u00e1zati felh\u00edv\u00e1st tett k\u00f6zz\u00e9 2012-ben indul\u00f3 kutat\u00f3csoportok l\u00e9trehoz\u00e1s\u00e1ra a Magyar Tudom\u00e1nyos Akad\u00e9mia kutat\u00f3k\u00f6zpontjaiban, kutat\u00f3int\u00e9zeteiben \u00e9s a hazai egyetemeken. Az \u00faj Lend\u00fclet-kutat\u00f3csoportok t\u00e1mogat\u00e1s\u00e1ra 2012-ben rendelkez\u00e9sre \u00e1ll\u00f3 1 250 milli\u00f3 forintb\u00f3l k\u00f6r\u00fclbel\u00fcl 25-30 \u00faj kutat\u00f3csoport ind\u00edthat\u00f3.<\/p>\n<p>A 2012-es Lend\u00fclet program keret\u00e9ben a kutat\u00f3k h\u00e1rom kateg\u00f3ri\u00e1ban adhatj\u00e1k be p\u00e1ly\u00e1zataikat:<\/p>\n<p>Lend\u00fclet I. \u2013 \u00f6n\u00e1ll\u00f3 kutat\u00f3i p\u00e1ly\u00e1t kezd\u0151k kateg\u00f3ri\u00e1ja<br \/>\nLend\u00fclet II. \u2013 sikeres \u00f6n\u00e1ll\u00f3 kutat\u00f3i p\u00e1ly\u00e1t folytat\u00f3k kateg\u00f3ri\u00e1ja<br \/>\nLend\u00fclet III. \u2013 kiemelked\u0151en sikeres vezet\u0151i kutat\u00f3i p\u00e1ly\u00e1t folytat\u00f3kkateg\u00f3ri\u00e1ja<\/p>\n<p>A p\u00e1ly\u00e1zat let\u00f6lthet\u0151 <a href=\"http:\/\/mta.hu\/data\/cikk\/12\/90\/54\/cikk_129054\/LENDULET_2012_CALL_HU_dec28_b.pdf\">ezen a linken<\/a>.<\/p>\n","protected":false},"excerpt":{"rendered":"<p><a href=\"https:\/\/semmelweis.hu\/hirek\/files\/2012\/01\/lenduletlogo.jpg\"><\/a> Az MTA eln\u00f6ke a k\u00fclf\u00f6ld\u00f6n is p\u00e9lda\u00e9rt\u00e9k\u0171nek tekintett, imm\u00e1r negyedik alkalommal meghirdetett <a href=\"http:\/\/mta.hu\/mta_hirei\/meg-tobb-lendulet-tobb-kivalo-tudos-tobb-penz-tobb-igeretes-kutatas-127562\/\">Lend\u00fclet program<\/a> keret\u00e9ben p\u00e1ly\u00e1zati felh\u00edv\u00e1st tett k\u00f6zz\u00e9 2012-ben indul\u00f3 kutat\u00f3csoportok l\u00e9trehoz\u00e1s\u00e1ra a Magyar Tudom\u00e1nyos Akad\u00e9mia kutat\u00f3k\u00f6zpontjaiban, kutat\u00f3int\u00e9zeteiben \u00e9s a hazai egyetemeken. Az \u00faj Lend\u00fclet-kutat\u00f3csoportok t\u00e1mogat\u00e1s\u00e1ra 2012-ben rendelkez\u00e9sre \u00e1ll\u00f3 1 250 milli\u00f3 forintb\u00f3l k\u00f6r\u00fclbel\u00fcl 25-30 \u00faj kutat\u00f3csoport ind\u00edthat\u00f3. A 2012-es Lend\u00fclet program keret\u00e9ben a kutat\u00f3k h\u00e1rom &hellip;<\/p>\n","protected":false},"author":11,"featured_media":9414,"comment_status":"closed","ping_status":"open","sticky":false,"template":"","format":"standard","meta":{"_acf_changed":false,"footnotes":""},"categories":[161],"tags":[188],"class_list":["post-9413","post","type-post","status-publish","format-standard","has-post-thumbnail","hentry","category-tudomany","tag-tudomanyos-hirek-rendezvenyek"],"acf":[],"_links":{"self":[{"href":"https:\/\/semmelweis.hu\/hirek\/wp-json\/wp\/v2\/posts\/9413","targetHints":{"allow":["GET"]}}],"collection":[{"href":"https:\/\/semmelweis.hu\/hirek\/wp-json\/wp\/v2\/posts"}],"about":[{"href":"https:\/\/semmelweis.hu\/hirek\/wp-json\/wp\/v2\/types\/post"}],"author":[{"embeddable":true,"href":"https:\/\/semmelweis.hu\/hirek\/wp-json\/wp\/v2\/users\/11"}],"replies":[{"embeddable":true,"href":"https:\/\/semmelweis.hu\/hirek\/wp-json\/wp\/v2\/comments?post=9413"}],"version-history":[{"count":2,"href":"https:\/\/semmelweis.hu\/hirek\/wp-json\/wp\/v2\/posts\/9413\/revisions"}],"predecessor-version":[{"id":67138,"href":"https:\/\/semmelweis.hu\/hirek\/wp-json\/wp\/v2\/posts\/9413\/revisions\/67138"}],"wp:featuredmedia":[{"embeddable":true,"href":"https:\/\/semmelweis.hu\/hirek\/wp-json\/wp\/v2\/media\/9414"}],"wp:attachment":[{"href":"https:\/\/semmelweis.hu\/hirek\/wp-json\/wp\/v2\/media?parent=9413"}],"wp:term":[{"taxonomy":"category","embeddable":true,"href":"https:\/\/semmelweis.hu\/hirek\/wp-json\/wp\/v2\/categories?post=9413"},{"taxonomy":"post_tag","embeddable":true,"href":"https:\/\/semmelweis.hu\/hirek\/wp-json\/wp\/v2\/tags?post=9413"}],"curies":[{"name":"wp","href":"https:\/\/api.w.org\/{rel}","templated":true}]}}