{"id":93781,"date":"2020-01-28T11:08:58","date_gmt":"2020-01-28T10:08:58","guid":{"rendered":"http:\/\/semmelweis.hu\/hirek\/?p=93781"},"modified":"2020-03-11T15:16:29","modified_gmt":"2020-03-11T14:16:29","slug":"a-semmelweis-egyetem-felkeszult-a-koronavirussal-erintett-teruletrol-erkezo-hallgatok-fogadasara","status":"publish","type":"post","link":"https:\/\/semmelweis.hu\/hirek\/2020\/01\/28\/a-semmelweis-egyetem-felkeszult-a-koronavirussal-erintett-teruletrol-erkezo-hallgatok-fogadasara\/","title":{"rendered":"A Semmelweis Egyetem felk\u00e9sz\u00fclt a koronav\u00edrussal \u00e9rintett ter\u00fcletr\u0151l \u00e9rkez\u0151 hallgat\u00f3k fogad\u00e1s\u00e1ra"},"content":{"rendered":"<div class=\"lead\">A <a href=\"https:\/\/semmelweis.hu\/hirek\/2020\/03\/02\/a-semmelweis-egyetem-lakossagi-tajekoztatoja-az-uj-koronavirusrol\/\">gyakori k\u00e9zmos\u00e1s \u00e9s a higi\u00e9n\u00e9s szab\u00e1lyok betart\u00e1sa<\/a> pillanatnyilag az egyetlen v\u00e9dekez\u00e9si m\u00f3d a koronav\u00edrussal szemben. Magyarorsz\u00e1gon jelenleg nem kell tartania a megbeteged\u00e9st\u0151l azoknak, akik a k\u00f6zelm\u00faltban nem j\u00e1rtak K\u00edn\u00e1ban, vagy a vel\u00fck egy h\u00e1ztart\u00e1sban \u00e9l\u0151k nem utaztak a fert\u0151z\u00f6tt orsz\u00e1gokba \u2013 mondta dr. Prinz Gyula, a Semmelweis Egyetem infektol\u00f3gusa.<\/div>\n<p>Az egyetemen mintegy 400 t\u00e1vol-keleti hallgat\u00f3 tanul, k\u00f6zt\u00fck 52 f\u0151 k\u00ednai, akiknek <a href=\"https:\/\/semmelweis.hu\/hirek\/2020\/01\/28\/reszletes-hallgatoi-urlap-az-uj-koronavirussal-kapcsolatban\/\">a szorgalmi id\u0151szak megkezd\u00e9se el\u0151tt ki kell t\u00f6ltenie egy r\u00e9szletes k\u00e9rd\u0151\u00edvet<\/a>. Ez alapj\u00e1n d\u00f6nthet\u0151 el, mekkora a kock\u00e1zata annak, hogy hordozhatja a v\u00edrust. Amennyiben ez felmer\u00fcl, de a hallgat\u00f3 t\u00fcnet- \u00e9s panaszmentes, k\u00e9thetes j\u00e1rv\u00e1ny\u00fcgyi megfigyel\u00e9s al\u00e1 vonja az egyetem, m\u00edg egy esetleges fert\u0151z\u00e9s t\u00fcneteinek jelentkez\u00e9sekor az Egyes\u00edtett Szt. Istv\u00e1n \u00e9s Szt. L\u00e1szl\u00f3 K\u00f3rh\u00e1zba sz\u00e1ll\u00edttatj\u00e1k a beteget.<\/p>\n<p>A betegs\u00e9g kezdeti t\u00fcnetei nem k\u00fcl\u00f6nb\u00f6znek a fels\u0151l\u00e9g\u00fati v\u00edrusfert\u0151z\u00e9sek, p\u00e9ld\u00e1ul az influenza t\u00fcneteit\u0151l. Amennyiben valakin\u00e9l a hirtelen kialakul\u00f3, t\u00f6bb napig tart\u00f3 l\u00e1zas \u00e1llapot \u00e9s a fels\u0151l\u00e9g\u00fati panaszok mellett k\u00f6h\u00f6g\u00e9s \u00e9s neh\u00e9zl\u00e9gz\u00e9s jelentkezik, valamint a k\u00f6zelm\u00faltban \u0151 vagy hozz\u00e1tartoz\u00f3ja j\u00e1rt a v\u00edrussal fert\u0151z\u00f6tt orsz\u00e1gokban, az Egyes\u00edtett Szt. Istv\u00e1n \u00e9s Szt. L\u00e1szl\u00f3 K\u00f3rh\u00e1zban jelentkezhet.<\/p>\n<div class=\"keretes\"><strong>T\u00e1j\u00e9koztat\u00f3 k\u00e9sz\u00fclt az egyetemi polg\u00e1roknak<\/strong><br \/>\nA Klinikai K\u00f6zpont r\u00f6vid t\u00e1j\u00e9koztat\u00f3t k\u00e9sz\u00edtett a Semmelweis Egyetem polg\u00e1rai r\u00e9sz\u00e9re a vuhani koronav\u00edrus fert\u0151z\u00e9ssel kapcsolatban, amely kit\u00e9r egyebek mellett a terjed\u00e9s m\u00f3dj\u00e1ra, a lappang\u00e1si id\u0151re, a fontosabb t\u00fcnetekre \u00e9s arra, hogy mit lehet tenni a megel\u0151z\u00e9s \u00e9rdek\u00e9ben. Az <a href=\"https:\/\/semmelweis.hu\/hirek\/files\/2020\/02\/koronavirus-tajekoztato-web.pdf\" target=\"_blank\" rel=\"noopener noreferrer\">ide kattintva el\u00e9rhet\u0151 dokumentum<\/a> tartalmazza a fert\u0151tlen\u00edt\u0151 k\u00e9zmos\u00e1s \u00e9s az alkoholos k\u00e9zbed\u00f6rzs\u00f6l\u00e9s menet\u00e9r\u0151l sz\u00f3l\u00f3 t\u00e1j\u00e9koztat\u00f3kat is.<\/div>\n<p>A koronav\u00edrus nem \u00faj jelens\u00e9g, egyes fajt\u00e1it m\u00e1r az 1960-as \u00e9vekben kimutatt\u00e1k fels\u0151l\u00e9g\u00fati t\u00fcnetekt\u0151l szenved\u0151 betegekn\u00e9l, nev\u00fcket pedig elektronmikroszk\u00f3pos k\u00e9p\u00fckr\u0151l kapt\u00e1k, mivel a naphoz hasonl\u00f3 koron\u00e1val rendelkeznek. A k\u00f3rokoz\u00f3 hat t\u00f6rzse fert\u0151zheti meg az embert. A betegs\u00e9g \u00e1ltal\u00e1ban gyakori, \u00e9s az egyszer\u0171 megf\u00e1z\u00e1shoz hasonl\u00f3, fels\u0151- \u00e9s als\u00f3l\u00e9g\u00fati, esetleg b\u00e9lrendszeri t\u00fcnetekkel j\u00e1r, az eg\u00e9szs\u00e9ges immunrendszer pedig gyorsan legy\u0151zi.<\/p>\n<p>Az \u00faj hum\u00e1n koronav\u00edrust\u00f6rzs 2019 december\u00e9ben jelent meg Vuhanban, majd janu\u00e1r 8-\u00e1n azonos\u00edtott\u00e1k. Az\u00f3ta mintegy 100 ember hal\u00e1l\u00e1t okozta.<\/p>\n<p>A v\u00edrusok ellen nincs gy\u00f3gyszer, nem alkalmazhat\u00f3 ellene antibiotikum, a szakemberek jelenleg az olt\u00f3anyag kifejleszt\u00e9s\u00e9n dolgoznak.<\/p>\n<p>A v\u00edrus terjed\u00e9se ellen a Semmelweis Ign\u00e1c \u00f3ta ismert m\u00f3dszer a leghat\u00e1sosabb, gyakori k\u00e9zmos\u00e1ssal, a higi\u00e9n\u00e9s szab\u00e1lyok betart\u00e1s\u00e1val tudunk v\u00e9dekezni.<\/p>\n<p>Kov\u00e1cs Eszter<br \/>\nPhoto Credit: CDC\/Dr. Fred Murphy<\/p>\n","protected":false},"excerpt":{"rendered":"<p>A gyakori k\u00e9zmos\u00e1s \u00e9s a higi\u00e9n\u00e9s szab\u00e1lyok betart\u00e1sa jelenleg az egyetlen v\u00e9dekez\u00e9si m\u00f3d a koronav\u00edrussal szemben.<\/p>\n","protected":false},"author":101405,"featured_media":93782,"comment_status":"closed","ping_status":"closed","sticky":false,"template":"","format":"standard","meta":{"_acf_changed":false,"footnotes":""},"categories":[154,168],"tags":[4257,4259],"class_list":["post-93781","post","type-post","status-publish","format-standard","has-post-thumbnail","hentry","category-egeszseg","category-kiemelt","tag-koronavirus","tag-koronavirus-oktatas"],"acf":[],"_links":{"self":[{"href":"https:\/\/semmelweis.hu\/hirek\/wp-json\/wp\/v2\/posts\/93781","targetHints":{"allow":["GET"]}}],"collection":[{"href":"https:\/\/semmelweis.hu\/hirek\/wp-json\/wp\/v2\/posts"}],"about":[{"href":"https:\/\/semmelweis.hu\/hirek\/wp-json\/wp\/v2\/types\/post"}],"author":[{"embeddable":true,"href":"https:\/\/semmelweis.hu\/hirek\/wp-json\/wp\/v2\/users\/101405"}],"replies":[{"embeddable":true,"href":"https:\/\/semmelweis.hu\/hirek\/wp-json\/wp\/v2\/comments?post=93781"}],"version-history":[{"count":10,"href":"https:\/\/semmelweis.hu\/hirek\/wp-json\/wp\/v2\/posts\/93781\/revisions"}],"predecessor-version":[{"id":95057,"href":"https:\/\/semmelweis.hu\/hirek\/wp-json\/wp\/v2\/posts\/93781\/revisions\/95057"}],"wp:featuredmedia":[{"embeddable":true,"href":"https:\/\/semmelweis.hu\/hirek\/wp-json\/wp\/v2\/media\/93782"}],"wp:attachment":[{"href":"https:\/\/semmelweis.hu\/hirek\/wp-json\/wp\/v2\/media?parent=93781"}],"wp:term":[{"taxonomy":"category","embeddable":true,"href":"https:\/\/semmelweis.hu\/hirek\/wp-json\/wp\/v2\/categories?post=93781"},{"taxonomy":"post_tag","embeddable":true,"href":"https:\/\/semmelweis.hu\/hirek\/wp-json\/wp\/v2\/tags?post=93781"}],"curies":[{"name":"wp","href":"https:\/\/api.w.org\/{rel}","templated":true}]}}