{"id":93029,"date":"2019-12-17T09:39:40","date_gmt":"2019-12-17T08:39:40","guid":{"rendered":"http:\/\/semmelweis.hu\/hirek\/?p=93029"},"modified":"2025-11-12T11:31:45","modified_gmt":"2025-11-12T10:31:45","slug":"nyiltan-az-endometriozisrol-a-januari-semmelweis-egeszseg-napon","status":"publish","type":"post","link":"https:\/\/semmelweis.hu\/hirek\/2019\/12\/17\/nyiltan-az-endometriozisrol-a-januari-semmelweis-egeszseg-napon\/","title":{"rendered":"Ny\u00edltan az endometri\u00f3zisr\u00f3l a janu\u00e1ri Semmelweis Eg\u00e9szs\u00e9g Napon"},"content":{"rendered":"<div class=\"lead\">Magyarorsz\u00e1gon ma minden tizedik fogamz\u00f3k\u00e9pes kor\u00fa n\u0151 endometri\u00f3zisban szenved, a medd\u0151 n\u0151k csaknem fel\u00e9t ezzel a betegs\u00e9ggel kezelik. A t\u00fcnetekr\u0151l, a betegs\u00e9g kivizsg\u00e1l\u00e1s\u00e1r\u00f3l \u00e9s az ell\u00e1t\u00e1si lehet\u0151s\u00e9gekr\u0151l el\u0151ad\u00e1st hallhatnak, valamint konzult\u00e1ci\u00f3n is r\u00e9szt vehetnek az \u00e9rdekl\u0151d\u0151k a Semmelweis Egyetem ingyenes, nagyk\u00f6z\u00f6ns\u00e9gnek sz\u00f3l\u00f3, interakt\u00edv programsorozata, a Semmelweis Eg\u00e9szs\u00e9g Napok k\u00f6vetkez\u0151 rendezv\u00e9ny\u00e9n, a janu\u00e1r 4-i N\u0151gy\u00f3gy\u00e1szati \u00e9s Onkol\u00f3giai Napon.<\/div>\n<p>Az endometri\u00f3zis egy kr\u00f3nikus, j\u00f3indulat\u00fa elv\u00e1ltoz\u00e1ssal j\u00e1r\u00f3 n\u0151i betegs\u00e9g, amely t\u00edzb\u0151l egy fogamz\u00f3k\u00e9pes n\u0151t \u00e9rint. Kialakul\u00e1s\u00e1nak pontos okai egyel\u0151re ismeretlenek, de a folyamatban kulcsszerepet j\u00e1tszanak a m\u00e9hny\u00e1lkah\u00e1rty\u00e1hoz hasonl\u00f3 \u2013 endometrium-szer\u0171 \u2013 sz\u00f6vetek, amelyek a m\u00e9h \u00fcreg\u00e9n k\u00edv\u00fcl jelennek meg, \u00e9s a petef\u00e9szkeken ciszt\u00e1kat, a m\u00e9hszalagokon, a hash\u00e1rtya felsz\u00edneken, a beleken vagy a h\u00fagyh\u00f3lyagon gyullad\u00e1sokat, \u00f6sszen\u00f6v\u00e9seket, csom\u00f3kat okoznak.<\/p>\n<p>A panaszok gyakran nem egy\u00e9rtelm\u0171ek, \u00e1m a menstru\u00e1ci\u00f3 idej\u00e9n jelentkez\u0151 er\u0151s hasi f\u00e1jdalom az endometri\u00f3zis egyik legf\u0151bb t\u00fcnete, ami m\u00e1r a kamaszl\u00e1nyokn\u00e1l is jelentkezhet. A betegs\u00e9g ugyanakkor teljesen t\u00fcnetmentes is lehet, \u00e9s nem ritk\u00e1n csak akkor der\u00fcl r\u00e1 f\u00e9ny, amikor egy n\u0151 sikertelen\u00fcl pr\u00f3b\u00e1l teherbe esni. A betegs\u00e9g v\u00e9glegesen nem gy\u00f3gy\u00edthat\u00f3, de m\u0171t\u00e9ttel, illetve hormon\u00e1lis gy\u00f3gyszeres kezel\u00e9ssel karbantarthat\u00f3. A sz\u00fcks\u00e9ges ter\u00e1pi\u00e1t k\u00f6vet\u0151en az \u00e9rintettek \u00fajra pr\u00f3b\u00e1lkozhatnak gyermekv\u00e1llal\u00e1ssal.<\/p>\n<p>A k\u00f6vetkez\u0151 Semmelweis Eg\u00e9szs\u00e9g Napon, janu\u00e1r 4-\u00e9n az endometri\u00f3zis kialakul\u00e1s\u00e1r\u00f3l, t\u00fcneteir\u0151l \u00e9s kezel\u00e9s\u00e9r\u0151l a betegs\u00e9ggel \u00e9rintettek, az \u00e9rdekl\u0151d\u0151 kamaszl\u00e1nyok, fiatal n\u0151k \u00e9s a csal\u00e1dot tervez\u0151 p\u00e1rok h\u00e1rom id\u0151pontban hallhatnak el\u0151ad\u00e1st. A regisztr\u00e1lt n\u00e9z\u0151knek lehet\u0151s\u00e9g\u00fck ny\u00edlik arra is, hogy az el\u0151ad\u00e1s ut\u00e1n szem\u00e9lyes konzult\u00e1ci\u00f3n vegyenek r\u00e9szt. A konzult\u00e1ci\u00f3ra az el\u0151ad\u00e1s ut\u00e1n, a helysz\u00ednen lehet jelentkezni.<\/p>\n<p>A programok ingyenesek, de a r\u00e9szv\u00e9tel regisztr\u00e1ci\u00f3hoz k\u00f6t\u00f6tt. R\u00e9szletes program \u00e9s jelentkez\u00e9s a semmelweis.hu\/250 oldalon, a <a href=\"https:\/\/semmelweis.hu\/250\/semmelweis-egeszseg-napok\/onkologiai-nap\/\">Semmelweis Eg\u00e9szs\u00e9g Napok f\u00fclre kattintva, a N\u0151gy\u00f3gy\u00e1szati \u00e9s Onkol\u00f3giai Nap programjain\u00e1l<\/a> lehets\u00e9ges. A betelt programokra a helysz\u00ednen, a lemond\u00e1sokt\u00f3l f\u00fcgg\u0151en lehet regisztr\u00e1lni.<\/p>\n<p>Id\u0151pont: 2020. janu\u00e1r 4. (szombat) 10:00 \u2013 15:00<br \/>\nHelysz\u00edn: Semmelweis Egyetem Elm\u00e9leti Orvostudom\u00e1nyi K\u00f6zpont (1094 Budapest, T\u0171zolt\u00f3 utca 37-47.)<\/p>\n<p>&nbsp;<\/p>\n","protected":false},"excerpt":{"rendered":"<p>Minden tizedik fogamz\u00f3k\u00e9pes kor\u00fa n\u0151 endometri\u00f3zisban szenved.<\/p>\n","protected":false},"author":101610,"featured_media":0,"comment_status":"closed","ping_status":"closed","sticky":false,"template":"","format":"standard","meta":{"_acf_changed":false,"footnotes":""},"categories":[154,168],"tags":[4218],"class_list":["post-93029","post","type-post","status-publish","format-standard","hentry","category-egeszseg","category-kiemelt","tag-semmelweis-250"],"acf":[],"_links":{"self":[{"href":"https:\/\/semmelweis.hu\/hirek\/wp-json\/wp\/v2\/posts\/93029","targetHints":{"allow":["GET"]}}],"collection":[{"href":"https:\/\/semmelweis.hu\/hirek\/wp-json\/wp\/v2\/posts"}],"about":[{"href":"https:\/\/semmelweis.hu\/hirek\/wp-json\/wp\/v2\/types\/post"}],"author":[{"embeddable":true,"href":"https:\/\/semmelweis.hu\/hirek\/wp-json\/wp\/v2\/users\/101610"}],"replies":[{"embeddable":true,"href":"https:\/\/semmelweis.hu\/hirek\/wp-json\/wp\/v2\/comments?post=93029"}],"version-history":[{"count":5,"href":"https:\/\/semmelweis.hu\/hirek\/wp-json\/wp\/v2\/posts\/93029\/revisions"}],"predecessor-version":[{"id":93035,"href":"https:\/\/semmelweis.hu\/hirek\/wp-json\/wp\/v2\/posts\/93029\/revisions\/93035"}],"wp:attachment":[{"href":"https:\/\/semmelweis.hu\/hirek\/wp-json\/wp\/v2\/media?parent=93029"}],"wp:term":[{"taxonomy":"category","embeddable":true,"href":"https:\/\/semmelweis.hu\/hirek\/wp-json\/wp\/v2\/categories?post=93029"},{"taxonomy":"post_tag","embeddable":true,"href":"https:\/\/semmelweis.hu\/hirek\/wp-json\/wp\/v2\/tags?post=93029"}],"curies":[{"name":"wp","href":"https:\/\/api.w.org\/{rel}","templated":true}]}}