{"id":9239,"date":"2011-12-21T07:47:07","date_gmt":"2011-12-21T07:47:07","guid":{"rendered":"http:\/\/semmelweis-egyetem.hu\/hirek\/?p=9239"},"modified":"2020-02-26T13:31:57","modified_gmt":"2020-02-26T12:31:57","slug":"multifoton-mikroszkop-a-biofizikai-es-sugarbiologiai-intezetben-video","status":"publish","type":"post","link":"https:\/\/semmelweis.hu\/hirek\/2011\/12\/21\/multifoton-mikroszkop-a-biofizikai-es-sugarbiologiai-intezetben-video\/","title":{"rendered":"Multifoton mikroszk\u00f3p a Biofizikai \u00e9s Sug\u00e1rbiol\u00f3giai Int\u00e9zetben (VIDE\u00d3)"},"content":{"rendered":"<p><iframe loading=\"lazy\" title=\"Multifoton mikroszk\u00f3p a Biofizikai \u00e9s Sug\u00e1rbiol\u00f3giai Int\u00e9zetben\" width=\"753\" height=\"424\" src=\"https:\/\/www.youtube.com\/embed\/mkHiBeaDWYM?feature=oembed\" frameborder=\"0\" allow=\"accelerometer; autoplay; encrypted-media; gyroscope; picture-in-picture\" allowfullscreen><\/iframe><\/p>\n<p>\u00c9l\u0151 \u00e1llatok szerveinek funkci\u00f3it tanulm\u00e1nyozhatj\u00e1k a kutat\u00f3k jelent\u0151s t\u00e9rbeli \u00e9s id\u0151beli felbont\u00e1ssal a Semmelweis Egyetem \u00faj multifoton l\u00e9zer p\u00e1szt\u00e1z\u00f3 fluoreszcens mikroszk\u00f3pj\u00e1val. A Biofizikai \u00e9s Sug\u00e1rbiol\u00f3giai Int\u00e9zetben tal\u00e1lhat\u00f3 k\u00e9sz\u00fcl\u00e9k seg\u00edts\u00e9g\u00e9vel az \u00e9l\u0151 szervezetben vizsg\u00e1lhatnak ny\u00edlik lehet\u0151s\u00e9g norm\u00e1lis \u00e9s k\u00f3ros folyamatokat vizsg\u00e1lat\u00e1ra, , szervek alapvet\u0151 funkci\u00f3inak (kering\u00e9s, kiv\u00e1laszt\u00e1s, felsz\u00edv\u00e1s), vitalit\u00e1s\u00e1nak k\u00e9palkot\u00e1s\u00e1ra. A mikroszk\u00f3p bemutat\u00e1sa is r\u00e9sze volt az \u00fajs\u00e1g\u00edr\u00f3k sz\u00e1m\u00e1ra az int\u00e9zetbe szervezett t\u00far\u00e1nak.<\/p>\n<p><a href=\"https:\/\/semmelweis.hu\/hirek\/files\/2012\/04\/kutatoegyetemi-logosor1.jpg\"><img loading=\"lazy\" decoding=\"async\" class=\"aligncenter size-large wp-image-10998\" src=\"https:\/\/semmelweis.hu\/hirek\/files\/2012\/04\/kutatoegyetemi-logosor1-600x101.jpg\" alt=\"\" width=\"600\" height=\"101\" srcset=\"https:\/\/semmelweis.hu\/hirek\/files\/2012\/04\/kutatoegyetemi-logosor1-600x101.jpg 600w, https:\/\/semmelweis.hu\/hirek\/files\/2012\/04\/kutatoegyetemi-logosor1-300x50.jpg 300w\" sizes=\"auto, (max-width: 600px) 100vw, 600px\" \/><\/a><\/p>\n","protected":false},"excerpt":{"rendered":"<p>\u00c9l\u0151 \u00e1llatok szerveinek funkci\u00f3it tanulm\u00e1nyozhatj\u00e1k a kutat\u00f3k jelent\u0151s t\u00e9rbeli \u00e9s id\u0151beli felbont\u00e1ssal a Semmelweis Egyetem \u00faj multifoton l\u00e9zer p\u00e1szt\u00e1z\u00f3 fluoreszcens mikroszk\u00f3pj\u00e1val. A Biofizikai \u00e9s Sug\u00e1rbiol\u00f3giai Int\u00e9zetben tal\u00e1lhat\u00f3 k\u00e9sz\u00fcl\u00e9k seg\u00edts\u00e9g\u00e9vel az \u00e9l\u0151 szervezetben vizsg\u00e1lhatnak ny\u00edlik lehet\u0151s\u00e9g norm\u00e1lis \u00e9s k\u00f3ros folyamatokat vizsg\u00e1lat\u00e1ra, , szervek alapvet\u0151 funkci\u00f3inak (kering\u00e9s, kiv\u00e1laszt\u00e1s, felsz\u00edv\u00e1s), vitalit\u00e1s\u00e1nak k\u00e9palkot\u00e1s\u00e1ra. A mikroszk\u00f3p bemutat\u00e1sa is r\u00e9sze volt &hellip;<\/p>\n","protected":false},"author":10,"featured_media":6451,"comment_status":"closed","ping_status":"open","sticky":false,"template":"","format":"standard","meta":{"_acf_changed":false,"footnotes":""},"categories":[161,168],"tags":[188],"class_list":["post-9239","post","type-post","status-publish","format-standard","has-post-thumbnail","hentry","category-tudomany","category-kiemelt","tag-tudomanyos-hirek-rendezvenyek"],"acf":[],"_links":{"self":[{"href":"https:\/\/semmelweis.hu\/hirek\/wp-json\/wp\/v2\/posts\/9239","targetHints":{"allow":["GET"]}}],"collection":[{"href":"https:\/\/semmelweis.hu\/hirek\/wp-json\/wp\/v2\/posts"}],"about":[{"href":"https:\/\/semmelweis.hu\/hirek\/wp-json\/wp\/v2\/types\/post"}],"author":[{"embeddable":true,"href":"https:\/\/semmelweis.hu\/hirek\/wp-json\/wp\/v2\/users\/10"}],"replies":[{"embeddable":true,"href":"https:\/\/semmelweis.hu\/hirek\/wp-json\/wp\/v2\/comments?post=9239"}],"version-history":[{"count":3,"href":"https:\/\/semmelweis.hu\/hirek\/wp-json\/wp\/v2\/posts\/9239\/revisions"}],"predecessor-version":[{"id":94768,"href":"https:\/\/semmelweis.hu\/hirek\/wp-json\/wp\/v2\/posts\/9239\/revisions\/94768"}],"wp:featuredmedia":[{"embeddable":true,"href":"https:\/\/semmelweis.hu\/hirek\/wp-json\/wp\/v2\/media\/6451"}],"wp:attachment":[{"href":"https:\/\/semmelweis.hu\/hirek\/wp-json\/wp\/v2\/media?parent=9239"}],"wp:term":[{"taxonomy":"category","embeddable":true,"href":"https:\/\/semmelweis.hu\/hirek\/wp-json\/wp\/v2\/categories?post=9239"},{"taxonomy":"post_tag","embeddable":true,"href":"https:\/\/semmelweis.hu\/hirek\/wp-json\/wp\/v2\/tags?post=9239"}],"curies":[{"name":"wp","href":"https:\/\/api.w.org\/{rel}","templated":true}]}}