{"id":91888,"date":"2019-11-21T12:05:01","date_gmt":"2019-11-21T11:05:01","guid":{"rendered":"http:\/\/semmelweis.hu\/hirek\/?p=91888"},"modified":"2019-11-21T12:05:01","modified_gmt":"2019-11-21T11:05:01","slug":"dohanyzas-elleni-flashmobot-tartottak-az-eok-ban","status":"publish","type":"post","link":"https:\/\/semmelweis.hu\/hirek\/2019\/11\/21\/dohanyzas-elleni-flashmobot-tartottak-az-eok-ban\/","title":{"rendered":"Doh\u00e1nyz\u00e1s elleni flashmobot tartottak az EOK-ban"},"content":{"rendered":"<div class=\"lead\">A Hallgat\u00f3i \u00d6nkorm\u00e1nyzat (H\u00d6K), az Elm\u00e9leti Orvostudom\u00e1nyi K\u00f6zpont \u00e9s a Semmelweis Eg\u00e9szs\u00e9gfejleszt\u00e9si K\u00f6zpont k\u00f6z\u00f6s szervez\u00e9s\u0171 flashmobj\u00e1n az eg\u00e9szs\u00e9gmeg\u0151rz\u00e9sre \u00e9s a nikotinmentes \u00e9letre h\u00edvt\u00e1k fel a figyelmet. A \u201ene gy\u00fajts r\u00e1\u201d kih\u00edv\u00e1s keretein bel\u00fcl egy sz\u00edv alak\u00fa \u00e9l\u0151k\u00e9pet form\u00e1ztak a hallgat\u00f3k, majd a magasba dobott piros sz\u00edv alak\u00fa lufikkal motiv\u00e1lt\u00e1k az embereket a cigaretta lerak\u00e1s\u00e1ra. A megmozdul\u00e1son dr. Kellermayer Mikl\u00f3s, az \u00c1ltal\u00e1nos Orvostudom\u00e1nyi Kar (\u00c1OK) d\u00e9k\u00e1nja mondott k\u00f6sz\u00f6nt\u0151t.<\/div>\n<p>Dr. Kellermayer Mikl\u00f3s, az \u00c1ltal\u00e1nos Orvostudom\u00e1nyi Kar (\u00c1OK) d\u00e9k\u00e1nja kiemelte: k\u00f6zismert a doh\u00e1nyz\u00e1s k\u00e1ros hat\u00e1sa, ennek ellen\u00e9re m\u00e9gis sokan \u00e9lnek ezzel a szenved\u00e9llyel. Az akarater\u0151t \u00e9s a c\u00e9lt eml\u00edtette, mint k\u00e9t l\u00e9nyeges t\u00e9nyez\u0151t a leszok\u00e1sban. Egyik legnagyobb c\u00e9lnak nevezte a testi, szellemi \u00e9s lelki eg\u00e9szs\u00e9g\u00fcnk meg\u0151rz\u00e9s\u00e9t.<\/p>\n\r\n        [slb_exclude]\r\n        <div class=\"row galeria-wrapper mx-0 h-auto\">\r\n            <div class=\"col-9 pl-0 pr-2\">\r\n            <span class=\"gallery-item frame\">\r\n\t\t\t\t<div class=\"galeria-left-img\"><a href=\"https:\/\/semmelweis.hu\/hirek\/files\/2019\/11\/Flashmobretus-4-of-9.jpg\"><img src=https:\/\/semmelweis.hu\/hirek\/files\/2019\/11\/Flashmobretus-4-of-9.jpg  \r\n                            alt=\"\" \r\n                            class=\"attachment-sote-gallery-big size-sote-gallery-big\" \r\n                            srcset=\"https:\/\/semmelweis.hu\/hirek\/files\/2019\/11\/Flashmobretus-4-of-9-400x267.jpg 400w, https:\/\/semmelweis.hu\/hirek\/files\/2019\/11\/Flashmobretus-4-of-9-768x512.jpg 768w, https:\/\/semmelweis.hu\/hirek\/files\/2019\/11\/Flashmobretus-4-of-9-900x600.jpg 900w, https:\/\/semmelweis.hu\/hirek\/files\/2019\/11\/Flashmobretus-4-of-9-600x400.jpg 600w, https:\/\/semmelweis.hu\/hirek\/files\/2019\/11\/Flashmobretus-4-of-9-753x502.jpg 753w, https:\/\/semmelweis.hu\/hirek\/files\/2019\/11\/Flashmobretus-4-of-9-203x135.jpg 203w\" ><\/a><\/div>\r\n            <\/span>\r\n\r\n            <\/div>\r\n\r\n\t\t\t<div class=\"col-3 pl-0 pr-0\">\r\n\t\t\t\t<div class=\"galeria-right-img d-flex justify-content-between flex-column h-100 w-100 px-0 mx-0 \">\r\n                <div class=\"galeria-box\">\r\n\t\t\t\t\t<h3 class=\"galeria-title\">Gal\u00e9ria<\/h3>\r\n\t\t\t\t\t<div class=\"galeria-subtitle\">\r\n\r\n\t\t\t\t\t\t<div class=\"galeria-page-counter\"><span>6<\/span>k\u00e9p<\/div>\r\n                    <\/div> <\/div>\r\n                    <span class=\"gallery-item frame d-none d-md-flex\">\r\n\t\t\t\t\t<div class=\"galeria-small-img mt-0\"><a href=\"https:\/\/semmelweis.hu\/hirek\/files\/2019\/11\/Flashmobretus-6-of-9.jpg\"><img src=https:\/\/semmelweis.hu\/hirek\/files\/2019\/11\/Flashmobretus-6-of-9.jpg \r\n                                alt=\"\"  \r\n                                class=\"attachment-sote-gallery-small size-sote-gallery-small\" \r\n                                srcset=\"https:\/\/semmelweis.hu\/hirek\/files\/2019\/11\/Flashmobretus-6-of-9-400x267.jpg 400w, https:\/\/semmelweis.hu\/hirek\/files\/2019\/11\/Flashmobretus-6-of-9-768x512.jpg 768w, https:\/\/semmelweis.hu\/hirek\/files\/2019\/11\/Flashmobretus-6-of-9-900x600.jpg 900w, https:\/\/semmelweis.hu\/hirek\/files\/2019\/11\/Flashmobretus-6-of-9-600x400.jpg 600w, https:\/\/semmelweis.hu\/hirek\/files\/2019\/11\/Flashmobretus-6-of-9-753x502.jpg 753w, https:\/\/semmelweis.hu\/hirek\/files\/2019\/11\/Flashmobretus-6-of-9-203x135.jpg 203w\" ><\/a><\/div>\r\n                    <\/span>\r\n                    <span class=\"gallery-item frame d-none d-md-flex\">\r\n\t\t\t\t\t<div class=\"galeria-small-img mt-0\"><a href=\"https:\/\/semmelweis.hu\/hirek\/files\/2019\/11\/Flashmobretus-5-of-9.jpg\"><img src=https:\/\/semmelweis.hu\/hirek\/files\/2019\/11\/Flashmobretus-5-of-9.jpg \r\n                                alt=\"\" \r\n                                class=\"attachment-sote-gallery-small size-sote-gallery-small\" \r\n                                srcset=\"https:\/\/semmelweis.hu\/hirek\/files\/2019\/11\/Flashmobretus-5-of-9-400x267.jpg 400w, https:\/\/semmelweis.hu\/hirek\/files\/2019\/11\/Flashmobretus-5-of-9-768x512.jpg 768w, https:\/\/semmelweis.hu\/hirek\/files\/2019\/11\/Flashmobretus-5-of-9-900x600.jpg 900w, https:\/\/semmelweis.hu\/hirek\/files\/2019\/11\/Flashmobretus-5-of-9-600x400.jpg 600w, https:\/\/semmelweis.hu\/hirek\/files\/2019\/11\/Flashmobretus-5-of-9-753x502.jpg 753w, https:\/\/semmelweis.hu\/hirek\/files\/2019\/11\/Flashmobretus-5-of-9-203x135.jpg 203w\" ><\/a><\/div>\r\n                    <\/span>\r\n\r\n                <\/div>\r\n\r\n            <\/div>\r\n\r\n            <span class=\"gallery-item\"><div class=\"hidden\"><a href=\"https:\/\/semmelweis.hu\/hirek\/files\/2019\/11\/Flashmobretus-1-of-9.jpg\">\r\n        <img src=https:\/\/semmelweis.hu\/hirek\/files\/2019\/11\/Flashmobretus-1-of-9.jpg alt=\"\" class=\"attachment-sote-gallery-big size-sote-gallery-big\" srcset=\"https:\/\/semmelweis.hu\/hirek\/files\/2019\/11\/Flashmobretus-1-of-9-400x267.jpg 400w, https:\/\/semmelweis.hu\/hirek\/files\/2019\/11\/Flashmobretus-1-of-9-768x512.jpg 768w, https:\/\/semmelweis.hu\/hirek\/files\/2019\/11\/Flashmobretus-1-of-9-900x600.jpg 900w, https:\/\/semmelweis.hu\/hirek\/files\/2019\/11\/Flashmobretus-1-of-9-600x400.jpg 600w, https:\/\/semmelweis.hu\/hirek\/files\/2019\/11\/Flashmobretus-1-of-9-753x502.jpg 753w, https:\/\/semmelweis.hu\/hirek\/files\/2019\/11\/Flashmobretus-1-of-9-203x135.jpg 203w\" >\r\n        <\/a><\/div><\/span><span class=\"gallery-item\"><div class=\"hidden\"><a href=\"https:\/\/semmelweis.hu\/hirek\/files\/2019\/11\/Flashmobretus-3-of-9_1.jpg\">\r\n        <img src=https:\/\/semmelweis.hu\/hirek\/files\/2019\/11\/Flashmobretus-3-of-9_1.jpg alt=\"\" class=\"attachment-sote-gallery-big size-sote-gallery-big\" srcset=\"https:\/\/semmelweis.hu\/hirek\/files\/2019\/11\/Flashmobretus-3-of-9_1-400x267.jpg 400w, https:\/\/semmelweis.hu\/hirek\/files\/2019\/11\/Flashmobretus-3-of-9_1-768x512.jpg 768w, https:\/\/semmelweis.hu\/hirek\/files\/2019\/11\/Flashmobretus-3-of-9_1-900x600.jpg 900w, https:\/\/semmelweis.hu\/hirek\/files\/2019\/11\/Flashmobretus-3-of-9_1-600x400.jpg 600w, https:\/\/semmelweis.hu\/hirek\/files\/2019\/11\/Flashmobretus-3-of-9_1-753x502.jpg 753w, https:\/\/semmelweis.hu\/hirek\/files\/2019\/11\/Flashmobretus-3-of-9_1-203x135.jpg 203w\" >\r\n        <\/a><\/div><\/span><span class=\"gallery-item\"><div class=\"hidden\"><a href=\"https:\/\/semmelweis.hu\/hirek\/files\/2019\/11\/Flashmobretus-7-of-9.jpg\">\r\n        <img src=https:\/\/semmelweis.hu\/hirek\/files\/2019\/11\/Flashmobretus-7-of-9.jpg alt=\"\" class=\"attachment-sote-gallery-big size-sote-gallery-big\" srcset=\"https:\/\/semmelweis.hu\/hirek\/files\/2019\/11\/Flashmobretus-7-of-9-400x267.jpg 400w, https:\/\/semmelweis.hu\/hirek\/files\/2019\/11\/Flashmobretus-7-of-9-768x512.jpg 768w, https:\/\/semmelweis.hu\/hirek\/files\/2019\/11\/Flashmobretus-7-of-9-900x600.jpg 900w, https:\/\/semmelweis.hu\/hirek\/files\/2019\/11\/Flashmobretus-7-of-9-600x400.jpg 600w, https:\/\/semmelweis.hu\/hirek\/files\/2019\/11\/Flashmobretus-7-of-9-753x502.jpg 753w, https:\/\/semmelweis.hu\/hirek\/files\/2019\/11\/Flashmobretus-7-of-9-203x135.jpg 203w\" >\r\n        <\/a><\/div><\/span>\r\n            <\/div>\r\n\r\n            [\/slb_exclude]\r\n\t\n<p>\u201eA kih\u00edv\u00e1s az els\u0151 tudatos l\u00e9p\u00e9s megt\u00e9tel\u00e9hez sz\u00fcks\u00e9ges motiv\u00e1ci\u00f3t akarja meger\u0151s\u00edteni minden \u00e9rintettben\u201d \u2013 fogalmazott Tripolszky B\u00e1lint, a H\u00d6K aleln\u00f6ke, hozz\u00e1t\u00e9ve, hogy ez egy hossz\u00fa t\u00e1v\u00fa kamp\u00e1ny els\u0151 \u00fcteme. A prevenci\u00f3s \u00e9s figyelemfelkelt\u0151 flashmobot a n\u00e9gy hazai orvosi egyetemen szinkronban rendezt\u00e9k meg. \u201eEg\u00e9szs\u00e9g\u00fcgyi ter\u00fcleten tanul\u00f3 hallgat\u00f3k\u00e9nt v\u00e1llaljuk a felel\u0151ss\u00e9get nem csak a saj\u00e1t, de egym\u00e1s \u00e9letm\u00f3dj\u00e1nak jav\u00edt\u00e1s\u00e1\u00e9rt is\u201d \u2013 emelte ki.<\/p>\n<p>Tan\u00e1csad\u00e1ssal, biztat\u00e1ssal \u00e9s egy erre a c\u00e9lra kifejlesztett applik\u00e1ci\u00f3val seg\u00edtik azokat, akik elsz\u00e1nt\u00e1k magukat a leszok\u00e1sra \u2013 hangs\u00falyozta. A megmozdul\u00e1s keretein bel\u00fcl az Eg\u00e9szs\u00e9gfejleszt\u00e9si K\u00f6zponttal k\u00f6z\u00f6sen megval\u00f3s\u00edtott cigis gy\u0171jt\u0151dobozokat helyeznek ki az EOK mellett a Nagyv\u00e1rad t\u00e9ri Elm\u00e9leti T\u00f6mbben, a Gy\u00f3gyszer\u00e9sztudom\u00e1nyi Karon, az Eg\u00e9szs\u00e9gtudom\u00e1nyi Karon, a Fogorvostudom\u00e1nyi Karon, valamint a K\u00f6zponti Igazgat\u00f3s\u00e1gi \u00c9p\u00fcletben is. Akik leteszik a cigarett\u00e1t, szimbolikusan ezekbe a gy\u0171jt\u0151dobozokba dobhatj\u00e1k be \u0151ket \u2013 mutatott r\u00e1 az aleln\u00f6k. Azt szeretn\u00e9k, ha november 21. lenne \u201eAz els\u0151 nap\u201d egy eg\u00e9szs\u00e9gesebb, doh\u00e1nyz\u00e1s- \u00e9s nikotinmentes \u00e9letben.<\/p>\n<p>B\u00f3di Bernadett<br \/>\nFot\u00f3: K\u0151m\u00edves Kinga, Hallgat\u00f3i \u00d6nkorm\u00e1nyzat<\/p>\n","protected":false},"excerpt":{"rendered":"<p>A megmozdul\u00e1ssal az eg\u00e9szs\u00e9gmeg\u0151rz\u00e9sre \u00e9s a nikotinmentes \u00e9letre h\u00edvt\u00e1k fel a figyelmet.<\/p>\n","protected":false},"author":101282,"featured_media":91908,"comment_status":"closed","ping_status":"closed","sticky":false,"template":"","format":"standard","meta":{"_acf_changed":false,"footnotes":""},"categories":[154],"tags":[],"class_list":["post-91888","post","type-post","status-publish","format-standard","has-post-thumbnail","hentry","category-egeszseg"],"acf":[],"_links":{"self":[{"href":"https:\/\/semmelweis.hu\/hirek\/wp-json\/wp\/v2\/posts\/91888","targetHints":{"allow":["GET"]}}],"collection":[{"href":"https:\/\/semmelweis.hu\/hirek\/wp-json\/wp\/v2\/posts"}],"about":[{"href":"https:\/\/semmelweis.hu\/hirek\/wp-json\/wp\/v2\/types\/post"}],"author":[{"embeddable":true,"href":"https:\/\/semmelweis.hu\/hirek\/wp-json\/wp\/v2\/users\/101282"}],"replies":[{"embeddable":true,"href":"https:\/\/semmelweis.hu\/hirek\/wp-json\/wp\/v2\/comments?post=91888"}],"version-history":[{"count":8,"href":"https:\/\/semmelweis.hu\/hirek\/wp-json\/wp\/v2\/posts\/91888\/revisions"}],"predecessor-version":[{"id":91918,"href":"https:\/\/semmelweis.hu\/hirek\/wp-json\/wp\/v2\/posts\/91888\/revisions\/91918"}],"wp:featuredmedia":[{"embeddable":true,"href":"https:\/\/semmelweis.hu\/hirek\/wp-json\/wp\/v2\/media\/91908"}],"wp:attachment":[{"href":"https:\/\/semmelweis.hu\/hirek\/wp-json\/wp\/v2\/media?parent=91888"}],"wp:term":[{"taxonomy":"category","embeddable":true,"href":"https:\/\/semmelweis.hu\/hirek\/wp-json\/wp\/v2\/categories?post=91888"},{"taxonomy":"post_tag","embeddable":true,"href":"https:\/\/semmelweis.hu\/hirek\/wp-json\/wp\/v2\/tags?post=91888"}],"curies":[{"name":"wp","href":"https:\/\/api.w.org\/{rel}","templated":true}]}}