{"id":91483,"date":"2019-11-13T13:28:51","date_gmt":"2019-11-13T12:28:51","guid":{"rendered":"http:\/\/semmelweis.hu\/hirek\/?p=91483"},"modified":"2019-12-02T10:30:34","modified_gmt":"2019-12-02T09:30:34","slug":"7-szenior-akademia-fokuszban-a-mozgasszervi-betegsegek","status":"publish","type":"post","link":"https:\/\/semmelweis.hu\/hirek\/2019\/11\/13\/7-szenior-akademia-fokuszban-a-mozgasszervi-betegsegek\/","title":{"rendered":"7. Szenior Akad\u00e9mia \u2013 f\u00f3kuszban a mozg\u00e1sszervi betegs\u00e9gek"},"content":{"rendered":"<div class=\"lead\">A 250 \u00e9ves Semmelweis Egyetem jubileumi \u00e9v\u00e9nek keret\u00e9ben megrendezett szabadel\u0151ad\u00e1s-sorozat, a <a href=\"https:\/\/semmelweis.hu\/szeniorakademia\/\" target=\"_blank\" rel=\"noopener noreferrer\">Szenior Akad\u00e9mia<\/a> hetedik alkalm\u00e1n a leggyakoribb mozg\u00e1sszervi betegs\u00e9gekkel ismerkedhettek meg az \u00e9rdekl\u0151d\u0151k. Dr. Po\u00f3r Gyula, a III. Sz. Belgy\u00f3gy\u00e1szati Klinika egyetemi tan\u00e1ra sorra vette a leggyakoribb reumatol\u00f3giai k\u00f3rk\u00e9peket, sz\u00f3lt a porckop\u00e1sos, a gyullad\u00e1sos \u00edz\u00fcleti, valamint a metabolikus (anyagcsere) h\u00e1tter\u0171 mozg\u00e1sszervi betegs\u00e9gekr\u0151l is.<\/div>\n<p>Dr. Po\u00f3r Gyula, a III. Sz. Belgy\u00f3gy\u00e1szati Klinika egyetemi tan\u00e1ra \u201e<a href=\"https:\/\/semmelweis.hu\/hirek\/files\/2019\/11\/Poor-Gy_Seinior-akademia.pdf\">A mozg\u00e1sszervi betegs\u00e9gek sz\u00ednes vil\u00e1ga\u201d c\u00edm\u0171 el\u0151ad\u00e1s\u00e1ban<\/a> r\u00e1vil\u00e1g\u00edtott: a mozg\u00e1sszervi k\u00f3rk\u00e9pek sz\u00e1ma folyamatosan n\u0151; haz\u00e1nkban k\u00e9tmilli\u00f3an k\u00fczdenek porckop\u00e1ssal, 150 ezren pedig valamilyen \u00edz\u00fcleti gyullad\u00e1ssal. A csontritkul\u00e1s mintegy 900 ezer f\u0151t \u00e9rint, Magyarorsz\u00e1gon \u00e9vente sz\u00e1zezer csontt\u00f6r\u00e9s k\u00f6vetkezik be a csontritkul\u00e1s talaj\u00e1n, \u00e9s nagyj\u00e1b\u00f3l 17 ezer a k\u00fcl\u00f6n\u00f6sen vesz\u00e9lyes cs\u00edp\u0151t\u00e1ji t\u00f6r\u00e9sek sz\u00e1ma \u2013 ismertette az adatokat. Hozz\u00e1tette: a combnyakt\u00e1ji t\u00f6r\u00e9seket k\u00f6vet\u0151 egy \u00e9ven bel\u00fcl a betegek 20 sz\u00e1zal\u00e9k\u00e1t elvesz\u00edtik. Haz\u00e1nkban a leggyakoribb mozg\u00e1sszervi k\u00f3rk\u00e9p a der\u00e9kf\u00e1j\u00e1s \u2013 hangs\u00falyozta.<\/p>\n\r\n        [slb_exclude]\r\n        <div class=\"row galeria-wrapper mx-0 h-auto\">\r\n            <div class=\"col-9 pl-0 pr-2\">\r\n            <span class=\"gallery-item frame\">\r\n\t\t\t\t<div class=\"galeria-left-img\"><a href=\"https:\/\/semmelweis.hu\/hirek\/files\/2019\/11\/RS105246_C19A4600-scr.jpg\"><img src=https:\/\/semmelweis.hu\/hirek\/files\/2019\/11\/RS105246_C19A4600-scr.jpg  \r\n                            alt=\"\" \r\n                            class=\"attachment-sote-gallery-big size-sote-gallery-big\" \r\n                            srcset=\"https:\/\/semmelweis.hu\/hirek\/files\/2019\/11\/RS105246_C19A4600-scr-400x267.jpg 400w, https:\/\/semmelweis.hu\/hirek\/files\/2019\/11\/RS105246_C19A4600-scr-768x512.jpg 768w, https:\/\/semmelweis.hu\/hirek\/files\/2019\/11\/RS105246_C19A4600-scr-900x600.jpg 900w, https:\/\/semmelweis.hu\/hirek\/files\/2019\/11\/RS105246_C19A4600-scr-600x400.jpg 600w, https:\/\/semmelweis.hu\/hirek\/files\/2019\/11\/RS105246_C19A4600-scr-753x502.jpg 753w, https:\/\/semmelweis.hu\/hirek\/files\/2019\/11\/RS105246_C19A4600-scr-203x135.jpg 203w, https:\/\/semmelweis.hu\/hirek\/files\/2019\/11\/RS105246_C19A4600-scr.jpg 1200w\" ><\/a><\/div>\r\n            <\/span>\r\n\r\n            <\/div>\r\n\r\n\t\t\t<div class=\"col-3 pl-0 pr-0\">\r\n\t\t\t\t<div class=\"galeria-right-img d-flex justify-content-between flex-column h-100 w-100 px-0 mx-0 \">\r\n                <div class=\"galeria-box\">\r\n\t\t\t\t\t<h3 class=\"galeria-title\">Gal\u00e9ria<\/h3>\r\n\t\t\t\t\t<div class=\"galeria-subtitle\">\r\n\r\n\t\t\t\t\t\t<div class=\"galeria-page-counter\"><span>7<\/span>k\u00e9p<\/div>\r\n                    <\/div> <\/div>\r\n                    <span class=\"gallery-item frame d-none d-md-flex\">\r\n\t\t\t\t\t<div class=\"galeria-small-img mt-0\"><a href=\"https:\/\/semmelweis.hu\/hirek\/files\/2019\/11\/RS105237_C19A4648-scr.jpg\"><img src=https:\/\/semmelweis.hu\/hirek\/files\/2019\/11\/RS105237_C19A4648-scr.jpg \r\n                                alt=\"\"  \r\n                                class=\"attachment-sote-gallery-small size-sote-gallery-small\" \r\n                                srcset=\"https:\/\/semmelweis.hu\/hirek\/files\/2019\/11\/RS105237_C19A4648-scr-400x267.jpg 400w, https:\/\/semmelweis.hu\/hirek\/files\/2019\/11\/RS105237_C19A4648-scr-768x512.jpg 768w, https:\/\/semmelweis.hu\/hirek\/files\/2019\/11\/RS105237_C19A4648-scr-900x600.jpg 900w, https:\/\/semmelweis.hu\/hirek\/files\/2019\/11\/RS105237_C19A4648-scr-600x400.jpg 600w, https:\/\/semmelweis.hu\/hirek\/files\/2019\/11\/RS105237_C19A4648-scr-753x502.jpg 753w, https:\/\/semmelweis.hu\/hirek\/files\/2019\/11\/RS105237_C19A4648-scr-203x135.jpg 203w, https:\/\/semmelweis.hu\/hirek\/files\/2019\/11\/RS105237_C19A4648-scr.jpg 1200w\" ><\/a><\/div>\r\n                    <\/span>\r\n                    <span class=\"gallery-item frame d-none d-md-flex\">\r\n\t\t\t\t\t<div class=\"galeria-small-img mt-0\"><a href=\"https:\/\/semmelweis.hu\/hirek\/files\/2019\/11\/RS105251_C19A4578-scr.jpg\"><img src=https:\/\/semmelweis.hu\/hirek\/files\/2019\/11\/RS105251_C19A4578-scr.jpg \r\n                                alt=\"\" \r\n                                class=\"attachment-sote-gallery-small size-sote-gallery-small\" \r\n                                srcset=\"https:\/\/semmelweis.hu\/hirek\/files\/2019\/11\/RS105251_C19A4578-scr-400x252.jpg 400w, https:\/\/semmelweis.hu\/hirek\/files\/2019\/11\/RS105251_C19A4578-scr-768x484.jpg 768w, https:\/\/semmelweis.hu\/hirek\/files\/2019\/11\/RS105251_C19A4578-scr-900x567.jpg 900w, https:\/\/semmelweis.hu\/hirek\/files\/2019\/11\/RS105251_C19A4578-scr-600x378.jpg 600w, https:\/\/semmelweis.hu\/hirek\/files\/2019\/11\/RS105251_C19A4578-scr-753x474.jpg 753w, https:\/\/semmelweis.hu\/hirek\/files\/2019\/11\/RS105251_C19A4578-scr.jpg 1200w\" ><\/a><\/div>\r\n                    <\/span>\r\n\r\n                <\/div>\r\n\r\n            <\/div>\r\n\r\n            <span class=\"gallery-item\"><div class=\"hidden\"><a href=\"https:\/\/semmelweis.hu\/hirek\/files\/2019\/11\/RS105243_C19A4619-scr.jpg\">\r\n        <img src=https:\/\/semmelweis.hu\/hirek\/files\/2019\/11\/RS105243_C19A4619-scr.jpg alt=\"\" class=\"attachment-sote-gallery-big size-sote-gallery-big\" srcset=\"https:\/\/semmelweis.hu\/hirek\/files\/2019\/11\/RS105243_C19A4619-scr-400x267.jpg 400w, https:\/\/semmelweis.hu\/hirek\/files\/2019\/11\/RS105243_C19A4619-scr-768x512.jpg 768w, https:\/\/semmelweis.hu\/hirek\/files\/2019\/11\/RS105243_C19A4619-scr-900x600.jpg 900w, https:\/\/semmelweis.hu\/hirek\/files\/2019\/11\/RS105243_C19A4619-scr-600x400.jpg 600w, https:\/\/semmelweis.hu\/hirek\/files\/2019\/11\/RS105243_C19A4619-scr-753x502.jpg 753w, https:\/\/semmelweis.hu\/hirek\/files\/2019\/11\/RS105243_C19A4619-scr-203x135.jpg 203w, https:\/\/semmelweis.hu\/hirek\/files\/2019\/11\/RS105243_C19A4619-scr.jpg 1200w\" >\r\n        <\/a><\/div><\/span><span class=\"gallery-item\"><div class=\"hidden\"><a href=\"https:\/\/semmelweis.hu\/hirek\/files\/2019\/11\/RS105242_C19A4627-scr.jpg\">\r\n        <img src=https:\/\/semmelweis.hu\/hirek\/files\/2019\/11\/RS105242_C19A4627-scr.jpg alt=\"\" class=\"attachment-sote-gallery-big size-sote-gallery-big\" srcset=\"https:\/\/semmelweis.hu\/hirek\/files\/2019\/11\/RS105242_C19A4627-scr-400x267.jpg 400w, https:\/\/semmelweis.hu\/hirek\/files\/2019\/11\/RS105242_C19A4627-scr-768x512.jpg 768w, https:\/\/semmelweis.hu\/hirek\/files\/2019\/11\/RS105242_C19A4627-scr-900x600.jpg 900w, https:\/\/semmelweis.hu\/hirek\/files\/2019\/11\/RS105242_C19A4627-scr-600x400.jpg 600w, https:\/\/semmelweis.hu\/hirek\/files\/2019\/11\/RS105242_C19A4627-scr-753x502.jpg 753w, https:\/\/semmelweis.hu\/hirek\/files\/2019\/11\/RS105242_C19A4627-scr-203x135.jpg 203w, https:\/\/semmelweis.hu\/hirek\/files\/2019\/11\/RS105242_C19A4627-scr.jpg 1200w\" >\r\n        <\/a><\/div><\/span><span class=\"gallery-item\"><div class=\"hidden\"><a href=\"https:\/\/semmelweis.hu\/hirek\/files\/2019\/11\/RS105236_C19A4651-scr.jpg\">\r\n        <img src=https:\/\/semmelweis.hu\/hirek\/files\/2019\/11\/RS105236_C19A4651-scr.jpg alt=\"\" class=\"attachment-sote-gallery-big size-sote-gallery-big\" srcset=\"https:\/\/semmelweis.hu\/hirek\/files\/2019\/11\/RS105236_C19A4651-scr-400x257.jpg 400w, https:\/\/semmelweis.hu\/hirek\/files\/2019\/11\/RS105236_C19A4651-scr-768x493.jpg 768w, https:\/\/semmelweis.hu\/hirek\/files\/2019\/11\/RS105236_C19A4651-scr-900x578.jpg 900w, https:\/\/semmelweis.hu\/hirek\/files\/2019\/11\/RS105236_C19A4651-scr-600x386.jpg 600w, https:\/\/semmelweis.hu\/hirek\/files\/2019\/11\/RS105236_C19A4651-scr-753x484.jpg 753w, https:\/\/semmelweis.hu\/hirek\/files\/2019\/11\/RS105236_C19A4651-scr.jpg 1200w\" >\r\n        <\/a><\/div><\/span><span class=\"gallery-item\"><div class=\"hidden\"><a href=\"https:\/\/semmelweis.hu\/hirek\/files\/2019\/11\/RS105257_C19A4552-scr.jpg\">\r\n        <img src=https:\/\/semmelweis.hu\/hirek\/files\/2019\/11\/RS105257_C19A4552-scr.jpg alt=\"\" class=\"attachment-sote-gallery-big size-sote-gallery-big\" srcset=\"https:\/\/semmelweis.hu\/hirek\/files\/2019\/11\/RS105257_C19A4552-scr-267x400.jpg 267w, https:\/\/semmelweis.hu\/hirek\/files\/2019\/11\/RS105257_C19A4552-scr-533x800.jpg 533w, https:\/\/semmelweis.hu\/hirek\/files\/2019\/11\/RS105257_C19A4552-scr.jpg 600w\" >\r\n        <\/a><\/div><\/span>\r\n            <\/div>\r\n\r\n            [\/slb_exclude]\r\n\t\n<p>Mint kit\u00e9rt r\u00e1, a porckop\u00e1sn\u00e1l megk\u00fcl\u00f6nb\u00f6ztet\u00fcnk \u00edz\u00fcleti porckop\u00e1st (artr\u00f3zis), ha pedig ez a folyamat a gerincben zajlik, akkor diszkop\u00e1ti\u00e1r\u00f3l, vagyis a gerinc kop\u00e1sos megbeteged\u00e9s\u00e9r\u0151l besz\u00e9l\u00fcnk. Az el\u0151bbi az egyik leggyakoribb oka a rokkants\u00e1gnak is \u2013 emelte ki dr. Po\u00f3r Gyula. Az \u00edz\u00fcleti porckop\u00e1sban szenved\u0151 betegekn\u00e9l az \u00edz\u00fcleteket bor\u00edt\u00f3 porc elv\u00e9konyodik, t\u00f6redezett\u00e9 v\u00e1lik, majd lassan felsz\u00edv\u00f3dik. A porc elt\u0171n\u00e9s\u00e9vel az \u00edz\u00fcleti v\u00e9gek csontjai k\u00f6zvetlen\u00fcl \u00e9rintkeznek egym\u00e1ssal, ami a csontfelsz\u00ednek d\u00f6rzs\u00f6l\u0151d\u00e9s\u00e9hez \u00e9s ez\u00e1ltal csontk\u00e1rosod\u00e1shoz \u00e9s f\u00e1jdalomhoz vezet \u2013 ismertette. A betegs\u00e9g kialakul\u00e1s\u00e1n\u00e1l fontos faktor az \u00e9letkor mellett az elh\u00edz\u00e1s is. Min\u00e9l nagyobb a tests\u00faly, ann\u00e1l nagyobb es\u00e9llyel alakul ki porckop\u00e1s, ami k\u00fcl\u00f6nb\u00f6z\u0151 mechanikus hat\u00e1sokra fiatal korban is megjelenhet \u2013 mutatott r\u00e1, k\u00fcl\u00f6n kiemelve a versenysport k\u00e1ros hat\u00e1s\u00e1t a porcokra. Kit\u00e9rt m\u00e9g a lumb\u00e1g\u00f3ra \u00e9s az isi\u00e1szra is, illetve sz\u00f3lt a gy\u00f3gytorna \u00e9s egy\u00e9b fizioter\u00e1pia szerep\u00e9r\u0151l.<\/p>\n<div class=\"keretes\">Dr. Po\u00f3r Gyula orvos, reumatol\u00f3gus, belgy\u00f3gy\u00e1sz, egyetemi tan\u00e1r, a Magyar Tudom\u00e1nyos Akad\u00e9mia levelez\u0151 tagja. 1977-ben szerzett orvosi diplom\u00e1t a Semmelweis Orvostudom\u00e1nyi Egyetemen. 2000-t\u0151l az Orsz\u00e1gos Reumatol\u00f3giai \u00e9s Fizioter\u00e1pi\u00e1s Int\u00e9zet (ORFI) f\u0151igazgat\u00f3ja, 2003-t\u00f3l a III. Sz. Belgy\u00f3gy\u00e1szati Klinika Reumatol\u00f3giai \u00e9s Fizioter\u00e1pi\u00e1s Tansz\u00e9ki Csoportj\u00e1nak egyetemi tan\u00e1ra. A Magyar Belgy\u00f3gy\u00e1sz T\u00e1rsas\u00e1g, a Magyar Orvost\u00e1rsas\u00e1gok \u00e9s Egyes\u00fcletek Sz\u00f6vets\u00e9ge \u00e9s a Magyar Osteoporosis \u00e9s Osteoarthrol\u00f3giai T\u00e1rsas\u00e1g tagja, ut\u00f3bbinak aleln\u00f6ke is. 2004 \u00e9s 2012 k\u00f6z\u00f6tt a Magyar Reumatol\u00f3gusok Egyes\u00fclet\u00e9nek eln\u00f6ke volt. T\u00f6bb mint h\u00e1romsz\u00e1z\u00f6tven tudom\u00e1nyos publik\u00e1ci\u00f3 szerz\u0151je vagy t\u00e1rsszerz\u0151je. Kutat\u00e1si ter\u00fclete a csontritkul\u00e1s \u00e9s m\u00e1s mozg\u00e1sszervi csontbetegs\u00e9gek, az \u00edz\u00fcleti gyullad\u00e1sok \u00e9s a k\u00f6rnyezet-eg\u00e9szs\u00e9g\u00fcgy. Munk\u00e1ss\u00e1ga jelent\u0151s a k\u00f6szv\u00e9nyes vesek\u00e1rosod\u00e1s korai diagnosztik\u00e1ja ter\u00fclet\u00e9n.<\/div>\n<p>Dr. Po\u00f3r Gyula el\u0151ad\u00e1s\u00e1ban r\u00e1mutatott, hogy a gyullad\u00e1sos \u00edz\u00fcleti betegs\u00e9gekn\u00e9l az \u00edz\u00fcleti porc \u00e9s a csontsz\u00f6vet elpusztul \u00e9s egy\u00e9b gyullad\u00e1sos szervi elv\u00e1ltoz\u00e1sok is kialakulnak. Minden \u00edz\u00fcleti gyullad\u00e1s komoly kardiovaszkul\u00e1ris, sz\u00edv-\u00e9s \u00e9rrendszeri faktort jelent \u2013 figyelmeztetett. A sok\u00edz\u00fcleti gyullad\u00e1s (reumatoid artritisz) az \u00edz\u00fcletek id\u00fclt gyullad\u00e1sos megbeteged\u00e9se, az \u00edz\u00fcletek k\u00f6z\u00fcl els\u0151sorban a csukl\u00f3ban, a k\u00e9z \u00e9s a l\u00e1bujj \u00edz\u00fcleteiben, a bok\u00e1ban alakul ki. A f\u00e1jdalmas helyeken az \u00edz\u00fcletek megduzzadnak, nyom\u00e1sra \u00e9rz\u00e9kenyek \u2013 sorolta a t\u00fcneteket. Ez jellemz\u0151en a fiatalokn\u00e1l \u00e9s a k\u00f6z\u00e9pkor\u00fa n\u0151kn\u00e9l alakul ki, de el\u0151fordulhat gyerekkorban is. A ter\u00e1pi\u00e1s lehet\u0151s\u00e9gek k\u00f6z\u00fcl kiemelte a biol\u00f3giai ter\u00e1pi\u00e1t, mint leghat\u00e9konyabb kezel\u00e9si m\u00f3dot.<\/p>\n<p>A k\u00f3rk\u00e9pek harmadik nagy csoportj\u00e1t alkotj\u00e1k a metabolikus (anyagcsere) h\u00e1tter\u0171 mozg\u00e1sszervi betegs\u00e9gek. Ha ez a csontozatban zajlik, akkor csontritkul\u00e1sr\u00f3l (oszteopor\u00f3zis), ha pedig az \u00edz\u00fcletekben, akkor k\u00f6szv\u00e9nyr\u0151l besz\u00e9l\u00fcnk. A csontritkul\u00e1sr\u00f3l sz\u00f3lva elmondta, teljesen t\u00fcnetmentesen zajlik, ez\u00e9rt kiemelt fontoss\u00e1g\u00fa a csonts\u0171r\u0171s\u00e9g vizsg\u00e1lat elv\u00e9gz\u00e9se. Vannak bizonyos t\u00e9nyez\u0151k, amik n\u00f6velhetik a csontritkul\u00e1s es\u00e9ly\u00e9t, ilyen p\u00e9ld\u00e1ul a pajzsmirigy vagy a mell\u00e9kvesek\u00e9reg t\u00falm\u0171k\u00f6d\u00e9se, az 1-es t\u00edpus\u00fa diab\u00e9tesz, a kr\u00f3nikus vese-, b\u00e9l- \u00e9s m\u00e1jgyullad\u00e1s, de bizonyos gy\u00f3gyszerek szed\u00e9s\u00e9t is ide sorolta. Az oszteopor\u00f3zison bel\u00fcl is t\u00f6bb t\u00edpust k\u00fcl\u00f6nb\u00f6ztet\u00fcnk meg: a menopauza ut\u00e1ni csontritkul\u00e1st, illetve az id\u0151skori csontritkul\u00e1st \u2013 emelte ki.<\/p>\n<p>A k\u00f6szv\u00e9ny az \u00edz\u00fcleti gyullad\u00e1s rohamokban jelentkez\u0151 form\u00e1ja, amelyet a szervezet magas h\u00fagysavszintje okoz. Ilyenkor a h\u00fagysavkrist\u00e1lyok kicsap\u00f3dnak, amelyek gyullad\u00e1st provok\u00e1lnak az \u00edz\u00fcletben. Ez jellemz\u0151en a k\u00f6z\u00e9pkor\u00fa f\u00e9rfiak betegs\u00e9ge, amely az \u00edz\u00fcleti probl\u00e9m\u00e1k mellett belgy\u00f3gy\u00e1szati sz\u00f6v\u0151dm\u00e9nyeket is okoz: vesek\u00f6vet, h\u00fagysavk\u00f6vet, kr\u00f3nikus vesegyullad\u00e1st, de a sz\u00edv-\u00e9s \u00e9rrendszeri betegs\u00e9gek, az infarktus, a stroke, a hipert\u00f3nia gyakoris\u00e1ga is nagyobb n\u00e1luk \u2013 hangs\u00falyozta el\u0151ad\u00e1s\u00e1ban dr. Po\u00f3r Gyula. Megfelel\u0151 kezel\u00e9ssel azonban a beteg t\u00fcnet- \u00e9s f\u00e1jdalommentesen \u00e9lheti az \u00e9let\u00e9t \u2013 tette hozz\u00e1.<\/p>\n<p>Az eg\u00e9szs\u00e9g- \u00e9s orvostudom\u00e1ny ir\u00e1nt \u00e9rdekl\u0151d\u0151 lakoss\u00e1got megsz\u00f3l\u00edt\u00f3 12 alkalmas el\u0151ad\u00e1s-sorozatra, amelynek a Sz\u00fcl\u00e9szeti \u00e9s N\u0151gy\u00f3gy\u00e1szati Klinika el\u0151ad\u00f3terme ad helyet \u2013 a meghirdet\u00e9st k\u00f6vet\u0151en napok alatt beteltek a helyek. A Szenior Akad\u00e9mia k\u00f6vetkez\u0151 alkalma november 18-\u00e1n lesz, ahol dr. Karlinger Kinga \u201eAz MRI, a modern diagnosztika alapja\u201dc\u00edmmel tart el\u0151ad\u00e1st.<\/p>\n<div id=\"GroupWiseSection_1573564418000_dobozi.palma@semmelweis-univ.hu_08797E0118BF0000B518000000000000_\" class=\"GroupWiseMessageBody active\">\n<div>A teljes el\u0151ad\u00e1s diasora <a href=\"https:\/\/semmelweis.hu\/hirek\/files\/2019\/11\/Poor-Gy_Seinior-akademia.pdf\">ide kattintva<\/a> let\u00f6lthet\u0151 (pdf). A <a href=\"https:\/\/semmelweis.hu\/szeniorakademia\/\" target=\"_blank\" rel=\"noopener noreferrer\">Szenior Akad\u00e9mia honlapja itt olvashat\u00f3<\/a>.\u00a0<\/div>\n<\/div>\n<p>\nB\u00f3di Bernadett<br \/>\nFot\u00f3: Kov\u00e1cs Attila &#8211; Semmelweis Egyetem<\/p>\n","protected":false},"excerpt":{"rendered":"<p>A Szenior Akad\u00e9mia hetedik alkalm\u00e1n a leggyakoribb mozg\u00e1sszervi betegs\u00e9gekkel ismerkedhettek meg az \u00e9rdekl\u0151d\u0151k.<\/p>\n","protected":false},"author":101282,"featured_media":91509,"comment_status":"closed","ping_status":"closed","sticky":false,"template":"","format":"standard","meta":{"_acf_changed":false,"footnotes":""},"categories":[154,168],"tags":[4240,4218,4249],"class_list":["post-91483","post","type-post","status-publish","format-standard","has-post-thumbnail","hentry","category-egeszseg","category-kiemelt","tag-jubileumi-hirek","tag-semmelweis-250","tag-szenior-akademia"],"acf":[],"_links":{"self":[{"href":"https:\/\/semmelweis.hu\/hirek\/wp-json\/wp\/v2\/posts\/91483","targetHints":{"allow":["GET"]}}],"collection":[{"href":"https:\/\/semmelweis.hu\/hirek\/wp-json\/wp\/v2\/posts"}],"about":[{"href":"https:\/\/semmelweis.hu\/hirek\/wp-json\/wp\/v2\/types\/post"}],"author":[{"embeddable":true,"href":"https:\/\/semmelweis.hu\/hirek\/wp-json\/wp\/v2\/users\/101282"}],"replies":[{"embeddable":true,"href":"https:\/\/semmelweis.hu\/hirek\/wp-json\/wp\/v2\/comments?post=91483"}],"version-history":[{"count":9,"href":"https:\/\/semmelweis.hu\/hirek\/wp-json\/wp\/v2\/posts\/91483\/revisions"}],"predecessor-version":[{"id":92342,"href":"https:\/\/semmelweis.hu\/hirek\/wp-json\/wp\/v2\/posts\/91483\/revisions\/92342"}],"wp:featuredmedia":[{"embeddable":true,"href":"https:\/\/semmelweis.hu\/hirek\/wp-json\/wp\/v2\/media\/91509"}],"wp:attachment":[{"href":"https:\/\/semmelweis.hu\/hirek\/wp-json\/wp\/v2\/media?parent=91483"}],"wp:term":[{"taxonomy":"category","embeddable":true,"href":"https:\/\/semmelweis.hu\/hirek\/wp-json\/wp\/v2\/categories?post=91483"},{"taxonomy":"post_tag","embeddable":true,"href":"https:\/\/semmelweis.hu\/hirek\/wp-json\/wp\/v2\/tags?post=91483"}],"curies":[{"name":"wp","href":"https:\/\/api.w.org\/{rel}","templated":true}]}}