{"id":91398,"date":"2019-11-14T14:33:54","date_gmt":"2019-11-14T13:33:54","guid":{"rendered":"http:\/\/semmelweis.hu\/hirek\/?p=91398"},"modified":"2019-11-14T14:33:54","modified_gmt":"2019-11-14T13:33:54","slug":"eredmenyesen-szerepelt-a-karate-vilagbajnoksagon-a-borklinika-szakapoloja","status":"publish","type":"post","link":"https:\/\/semmelweis.hu\/hirek\/2019\/11\/14\/eredmenyesen-szerepelt-a-karate-vilagbajnoksagon-a-borklinika-szakapoloja\/","title":{"rendered":"Eredm\u00e9nyesen szerepelt a karate vil\u00e1gbajnoks\u00e1gon a B\u0151rklinika szak\u00e1pol\u00f3ja"},"content":{"rendered":"<div class=\"lead\">A 8. Fudokan Karate Vil\u00e1gbajnoks\u00e1gon k\u00e9t versenysz\u00e1mban is vil\u00e1gbajnoki c\u00edmet szerzett Kis T\u00edmea, a B\u0151r-Nemik\u00f3rtani \u00e9s B\u0151ronkol\u00f3giai Klinika szak\u00e1pol\u00f3ja. Kis T\u00edmea m\u00e1r 25 \u00e9ve foglalkozik onkol\u00f3giai betegekkel, j\u00falius \u00f3ta dolgozik a klinika Onkol\u00f3giai oszt\u00e1ly\u00e1n.<\/div>\n<p><a href=\"https:\/\/semmelweis.hu\/hirek\/files\/2019\/11\/74528888_2838501662851439_506986679878287360_n.jpg\"><img loading=\"lazy\" decoding=\"async\" class=\"alignleft size-full wp-image-91401\" src=\"https:\/\/semmelweis.hu\/hirek\/files\/2019\/11\/74528888_2838501662851439_506986679878287360_n.jpg\" alt=\"\" width=\"325\" height=\"756\" srcset=\"https:\/\/semmelweis.hu\/hirek\/files\/2019\/11\/74528888_2838501662851439_506986679878287360_n.jpg 325w, https:\/\/semmelweis.hu\/hirek\/files\/2019\/11\/74528888_2838501662851439_506986679878287360_n-172x400.jpg 172w\" sizes=\"auto, (max-width: 325px) 100vw, 325px\" \/><\/a>Kis T\u00edmea, a B\u0151r-Nemik\u00f3rtani \u00e9s B\u0151ronkol\u00f3giai Klinika szak\u00e1pol\u00f3ja a vil\u00e1gbajnoks\u00e1gon h\u00e1rom versenysz\u00e1m k\u00f6z\u00fcl kett\u0151ben, formagyakorlatban \u00e9s fegyveres formagyakorlatban is arany\u00e9rmet, azaz vil\u00e1gbajnoki c\u00edmet szerezett. Mint mondta, m\u00e1r 12 \u00e9ves kora \u00f3ta \u0171zi a harcm\u0171v\u00e9szetet, a testi \u00e9s a lelki nevel\u00e9sre egyar\u00e1nt kiv\u00e1l\u00f3an alkalmas karate minden \u00e9letkorban tanulhat\u00f3, eg\u00e9szs\u00e9gmeg\u0151rz\u0151 mozg\u00e1srendszer. T\u00f6bb Eur\u00f3pa-bajnoki \u00e9s vil\u00e1gbajnoki c\u00edmet tudhat mag\u00e1\u00e9nak. A 2016-os krakk\u00f3i Fudokan Eur\u00f3pa-bajnoks\u00e1gon bronz\u00e9rmes lett, 2017-ben a kolozsv\u00e1ri vil\u00e1gbajnoks\u00e1gon is eredm\u00e9nyesen szerepelt: egy arany, egy ez\u00fcst \u00e9s egy bronz\u00e9remmel t\u00e9rt haza. 2018-ban, Portorozsban egy Eur\u00f3pa-bajnoki arany, k\u00e9t ez\u00fcst \u00e9s egy bronz\u00e9rmet szerzett, az idei vil\u00e1gbajnoks\u00e1gon pedig ism\u00e9t a dobog\u00f3 fels\u0151 fok\u00e1ra \u00e1llhatott. Kis T\u00edmea kiemelte, a tatamira (sz\u0151nyeg) ugyan egyed\u00fcl l\u00e9p fel, de egy eg\u00e9sz csapat munk\u00e1ja \u00e1ll m\u00f6g\u00f6tte: a sportt\u00e1rsai, akik seg\u00edtik az edz\u00e9smunk\u00e1t, a mestere, aki t\u00e1mogatja, tan\u00edtja \u00e9s a koll\u00e9gan\u0151i, akik lehet\u0151v\u00e9 teszik, hogy eljusson az edz\u00e9sekre, drukkolnak, vele \u00f6r\u00fclnek.<\/p>\n<p>Kis T\u00edmea m\u00e1r 25 \u00e9ve foglalkozik onkol\u00f3giai betegekkel, j\u00falius \u00f3ta dolgozik a B\u0151r-, Nemik\u00f3rtani \u00e9s B\u0151ronkol\u00f3giai Klinika Onkol\u00f3giai oszt\u00e1ly\u00e1n, ahol a k\u00fcl\u00f6nb\u00f6z\u0151 b\u0151rdaganatok gy\u00f3gykezel\u00e9s\u00e9t v\u00e9gzik. Mint mondta, sok\u00e1ig orvosnak k\u00e9sz\u00fclt, de fizik\u00e1b\u00f3l nem volt el\u00e9g er\u0151s. \u00dagy \u00e9rzi, az onkol\u00f3giai betegell\u00e1t\u00e1sban megtal\u00e1lta az \u0151 hivat\u00e1s\u00e1t, m\u00e1r el sem tudna k\u00e9pzelni mag\u00e1nak m\u00e1st. Kor\u00e1bban az I. Sz Belgy\u00f3gy\u00e1szati Klinika Hematol\u00f3giai oszt\u00e1ly\u00e1n is dolgozott f\u00e9l \u00e9vet. <\/p>\n<p>Kis T\u00edmea kiemelte, heti t\u00f6bbsz\u00f6ri edz\u00e9ssel k\u00e9sz\u00fcl a megm\u00e9rettet\u00e9sekre; az edz\u00e9seken fejl\u0151dik a figyelem, a koncentr\u00e1ci\u00f3, a mozg\u00e1skoordin\u00e1ci\u00f3, edz\u0151dik a test \u00e9s a l\u00e9lek, \u00edgy ez sz\u00e1m\u00e1ra egyfajta felt\u00f6lt\u0151d\u00e9st is jelent, szabadidej\u00e9ben pedig emellett sz\u00edvesen fest is.<\/p>\n<p>B\u00f3di Bernadett<br \/>\nFot\u00f3 forr\u00e1sa: Kis T\u00edmea<\/p>\n","protected":false},"excerpt":{"rendered":"<p>K\u00e9t versenysz\u00e1mban is vil\u00e1gbajnoki c\u00edmet szerzett Kis T\u00edmea, a B\u0151r-Nemik\u00f3rtani \u00e9s B\u0151ronkol\u00f3giai Klinika szak\u00e1pol\u00f3ja.<\/p>\n","protected":false},"author":101282,"featured_media":91402,"comment_status":"closed","ping_status":"closed","sticky":false,"template":"","format":"standard","meta":{"_acf_changed":false,"footnotes":""},"categories":[157],"tags":[155],"class_list":["post-91398","post","type-post","status-publish","format-standard","has-post-thumbnail","hentry","category-semmelweis-vilag","tag-sport"],"acf":[],"_links":{"self":[{"href":"https:\/\/semmelweis.hu\/hirek\/wp-json\/wp\/v2\/posts\/91398","targetHints":{"allow":["GET"]}}],"collection":[{"href":"https:\/\/semmelweis.hu\/hirek\/wp-json\/wp\/v2\/posts"}],"about":[{"href":"https:\/\/semmelweis.hu\/hirek\/wp-json\/wp\/v2\/types\/post"}],"author":[{"embeddable":true,"href":"https:\/\/semmelweis.hu\/hirek\/wp-json\/wp\/v2\/users\/101282"}],"replies":[{"embeddable":true,"href":"https:\/\/semmelweis.hu\/hirek\/wp-json\/wp\/v2\/comments?post=91398"}],"version-history":[{"count":5,"href":"https:\/\/semmelweis.hu\/hirek\/wp-json\/wp\/v2\/posts\/91398\/revisions"}],"predecessor-version":[{"id":91407,"href":"https:\/\/semmelweis.hu\/hirek\/wp-json\/wp\/v2\/posts\/91398\/revisions\/91407"}],"wp:featuredmedia":[{"embeddable":true,"href":"https:\/\/semmelweis.hu\/hirek\/wp-json\/wp\/v2\/media\/91402"}],"wp:attachment":[{"href":"https:\/\/semmelweis.hu\/hirek\/wp-json\/wp\/v2\/media?parent=91398"}],"wp:term":[{"taxonomy":"category","embeddable":true,"href":"https:\/\/semmelweis.hu\/hirek\/wp-json\/wp\/v2\/categories?post=91398"},{"taxonomy":"post_tag","embeddable":true,"href":"https:\/\/semmelweis.hu\/hirek\/wp-json\/wp\/v2\/tags?post=91398"}],"curies":[{"name":"wp","href":"https:\/\/api.w.org\/{rel}","templated":true}]}}