{"id":90163,"date":"2019-10-17T11:05:07","date_gmt":"2019-10-17T09:05:07","guid":{"rendered":"http:\/\/semmelweis.hu\/hirek\/?p=90163"},"modified":"2019-10-17T11:29:25","modified_gmt":"2019-10-17T09:29:25","slug":"tudomanyos-szimpoziummal-emlekeztek-dr-knoll-jozsefre","status":"publish","type":"post","link":"https:\/\/semmelweis.hu\/hirek\/2019\/10\/17\/tudomanyos-szimpoziummal-emlekeztek-dr-knoll-jozsefre\/","title":{"rendered":"Tudom\u00e1nyos szimp\u00f3ziummal eml\u00e9keztek dr. Knoll J\u00f3zsefre"},"content":{"rendered":"<div class=\"lead\">Rendk\u00edv\u00fcl motiv\u00e1lt kutat\u00f3 volt, aki v\u00e9gtelen\u00fcl szerette a tudom\u00e1nyt, \u00e9s ennek rendszeresen hangot is adott \u2013 \u00edgy jellemezte a tavaly elhunyt dr. Knoll J\u00f3zsefet, a deprenil kifejleszt\u0151j\u00e9t dr. Ferdinandy P\u00e9ter rektorhelyettes a kutat\u00f3 eml\u00e9k\u00e9re rendezett tudom\u00e1nyos szimp\u00f3ziumon. A konferenci\u00e1n dr. Knoll J\u00f3zsef volt munkat\u00e1rsai \u00e9s m\u00e1s deprenil-kutat\u00f3k sz\u00e1moltak be tudom\u00e1nyos tev\u00e9kenys\u00e9g\u00e9nek jelent\u0151s\u00e9g\u00e9r\u0151l \u00e9s az \u00e1ltala felfedezett anyag tov\u00e1bbi lehets\u00e9ges alkalmaz\u00e1si m\u00f3djair\u00f3l.<\/div>\n<p>Tavaly \u00e1prilisban, \u00e9let\u00e9nek 93. \u00e9v\u00e9ben hunyt el <a href=\"https:\/\/semmelweis.hu\/hirek\/2018\/04\/18\/elhunyt-dr-knoll-jozsef\/\" target=\"_blank\" rel=\"noopener noreferrer\">Dr. Knoll J\u00f3zsef<\/a>, a Semmelweis Egyetem professzor emeritusa, aki 30 \u00e9ven \u00e1t vezette a Farmakol\u00f3giai \u00e9s Farmakoter\u00e1pi\u00e1s Int\u00e9zetet, \u00e9s akinek nev\u00e9hez f\u0171z\u0151dik az eddigi legf\u00e9nyesebb karriert befut\u00f3 magyar gy\u00f3gyszer, a deprenil, vagy m\u00e1s n\u00e9ven szelegilin. A Semmelweis Szalonban rendezett, \u201eA deprenil j\u00f6v\u0151je a farmakoter\u00e1pi\u00e1ban\u201d c\u00edm\u0171 tudom\u00e1nyos konferenci\u00e1n, ahol az \u00e9let\u00e9re \u00e9s munk\u00e1ss\u00e1g\u00e1ra eml\u00e9keztek, a k\u00f6sz\u00f6nt\u0151 besz\u00e9det dr. Ferdinandy P\u00e9ter tudom\u00e1nyos \u00e9s innov\u00e1ci\u00f3s rektorhelyettes, a Farmakol\u00f3giai \u00e9s Farmakoter\u00e1pi\u00e1s Int\u00e9zet vezet\u0151je tartotta. Bevezet\u0151j\u00e9ben r\u00e1mutatott arra, hogy a deprenil nev\u0171 gy\u00f3gyszerhat\u00f3anyag jelenleg a vil\u00e1g t\u00f6bb mint 60 orsz\u00e1g\u00e1ban forgalomban van, \u00e9s t\u00f6bbek k\u00f6z\u00f6tt a Parkinson-k\u00f3rban \u00e9s depresszi\u00f3ban szenved\u0151 betegek milli\u00f3inak tette \u00e9s teszi k\u00f6nnyebb\u00e9 az \u00e9let\u00e9t, egy\u00e9b alkalmaz\u00e1si ter\u00fcleteit pedig jelenleg is kutatj\u00e1k.<\/p>\n<p><a href=\"https:\/\/semmelweis.hu\/hirek\/files\/2019\/10\/RS102553_IMG_4365-scr.jpg\"><img loading=\"lazy\" decoding=\"async\" class=\"aligncenter size-full wp-image-90197\" src=\"https:\/\/semmelweis.hu\/hirek\/files\/2019\/10\/RS102553_IMG_4365-scr.jpg\" alt=\"\" width=\"950\" height=\"633\" srcset=\"https:\/\/semmelweis.hu\/hirek\/files\/2019\/10\/RS102553_IMG_4365-scr.jpg 950w, https:\/\/semmelweis.hu\/hirek\/files\/2019\/10\/RS102553_IMG_4365-scr-400x267.jpg 400w, https:\/\/semmelweis.hu\/hirek\/files\/2019\/10\/RS102553_IMG_4365-scr-768x512.jpg 768w, https:\/\/semmelweis.hu\/hirek\/files\/2019\/10\/RS102553_IMG_4365-scr-900x600.jpg 900w, https:\/\/semmelweis.hu\/hirek\/files\/2019\/10\/RS102553_IMG_4365-scr-600x400.jpg 600w, https:\/\/semmelweis.hu\/hirek\/files\/2019\/10\/RS102553_IMG_4365-scr-753x502.jpg 753w, https:\/\/semmelweis.hu\/hirek\/files\/2019\/10\/RS102553_IMG_4365-scr-203x135.jpg 203w\" sizes=\"auto, (max-width: 950px) 100vw, 950px\" \/><\/a><\/p>\n<p>Szem\u00e9lyes tapasztalatait felid\u00e9zve dr. Knoll J\u00f3zseffel kapcsolatban, dr. Ferdinandy P\u00e9ter elmondta, hogy a gy\u00f3gyszerkutat\u00f3t jobban megismerve h\u00e1rom meglep\u0151 dolgot \u00e1llap\u00edtott meg. Amikor megismertem a 80-as \u00e9vei v\u00e9g\u00e9n j\u00e1rt, de rendk\u00edv\u00fcli motiv\u00e1ci\u00f3val v\u00e9gezte munk\u00e1j\u00e1t, nagyon fiatalos volt, a tudom\u00e1nyt pedig v\u00e9gtelen\u00fcl szerette, \u00e9s ennek a szeretetnek folyamatosan hangot is adott \u2013 eml\u00e9kezett vissza a rektorhelyettes. A m\u00e1sodik meglepet\u00e9s az volt, hogy b\u00e1r holocaust-t\u00fal\u00e9l\u0151 volt \u00e9s az eg\u00e9sz csal\u00e1dj\u00e1t elvesztette a 2. vil\u00e1gh\u00e1bor\u00fa idej\u00e9n, \u00e1lland\u00f3an pozit\u00edv energi\u00e1val volt tele, bizony\u00edt\u00e9k\u00e1t adva annak, hogy a pozit\u00edv hozz\u00e1\u00e1ll\u00e1s bel\u00fclr\u0151l j\u00f6n, nem pedig k\u00fcls\u0151 esem\u00e9nyek f\u00fcggv\u00e9nye. Harmadr\u00e9szt pedig eg\u00e9sz \u00e9let\u00e9ben haz\u00e1j\u00e1ban, Magyarorsz\u00e1gon tev\u00e9kenykedett, \u00e9s m\u00e9g p\u00e1ly\u00e1ja v\u00e9ge fel\u00e9, 90 \u00e9ves kora felett is tudom\u00e1nyos \u00e1tt\u00f6r\u00e9seket \u00e9rt el kutat\u00e1saival, melyek \u00faj szabadalmakhoz vezettek \u00e9s ezekre alapozva jelenleg is kutat\u00e1sok folynak a deprenil lehets\u00e9ges \u00faj alkalmaz\u00e1si m\u00f3djaival kapcsolatban \u2013 jegyezte meg dr. Ferdinandy P\u00e9ter.<\/p>\n<p><a href=\"https:\/\/semmelweis.hu\/hirek\/files\/2019\/10\/RS102543_IMG_4389-scr.jpg\"><img loading=\"lazy\" decoding=\"async\" class=\"wp-image-90193 alignleft\" src=\"https:\/\/semmelweis.hu\/hirek\/files\/2019\/10\/RS102543_IMG_4389-scr.jpg\" alt=\"\" width=\"404\" height=\"262\" srcset=\"https:\/\/semmelweis.hu\/hirek\/files\/2019\/10\/RS102543_IMG_4389-scr.jpg 950w, https:\/\/semmelweis.hu\/hirek\/files\/2019\/10\/RS102543_IMG_4389-scr-400x260.jpg 400w, https:\/\/semmelweis.hu\/hirek\/files\/2019\/10\/RS102543_IMG_4389-scr-768x499.jpg 768w, https:\/\/semmelweis.hu\/hirek\/files\/2019\/10\/RS102543_IMG_4389-scr-900x585.jpg 900w, https:\/\/semmelweis.hu\/hirek\/files\/2019\/10\/RS102543_IMG_4389-scr-600x390.jpg 600w, https:\/\/semmelweis.hu\/hirek\/files\/2019\/10\/RS102543_IMG_4389-scr-753x489.jpg 753w\" sizes=\"auto, (max-width: 404px) 100vw, 404px\" \/><\/a>Dr. Miklya Ildik\u00f3, a Farmakol\u00f3giai \u00e9s Farmakoter\u00e1pi\u00e1s Int\u00e9zet docense \u00e9s dr. Knoll J\u00f3zsef legk\u00f6zelebbi munkat\u00e1rsa el\u0151ad\u00e1s\u00e1ban a deprenil-kutat\u00e1s t\u00f6rt\u00e9net\u00e9nek m\u00e9rf\u00f6ldk\u00f6veit mutatta be. V\u00e9gigvette, ahogyan a kezdetekt\u0151l, az 1960-as \u00e9vekt\u0151l dr. Knoll J\u00f3zsef \u00e9s csapata kifejlesztette \u00e9s szintetiz\u00e1lta a deprenil vegy\u00fcletet, majd az els\u0151 kutat\u00e1sok kimutatt\u00e1k jelent\u0151s antidepressz\u00e1ns hat\u00e1s\u00e1t, valamint elkezdt\u00e9k vil\u00e1gszerte alkalmazni a Parkinson-k\u00f3r kezel\u00e9s\u00e9re. Ezt k\u00f6vet\u0151en, a 70-es \u00e9s 80-as \u00e9vekben t\u00f6bb egy\u00e9b hat\u00e1s\u00e1t is kimutatt\u00e1k, p\u00e9ld\u00e1ul, hogy energetiz\u00e1l\u00f3an hat az agyra, jav\u00edtja a fizikai \u00e9s a kognit\u00edv k\u00e9pess\u00e9geket, azaz \u00e9lettartam-meghosszabb\u00edt\u00f3 alkalmaz\u00e1sa is lehets\u00e9ges. Ekkor er\u0151s\u00edtett\u00e9k meg kutat\u00e1sok azt is, hogy a deprenil az Alzheimer-k\u00f3r kezel\u00e9s\u00e9re is hat\u00e9konyan alkalmazhat\u00f3. A 90-es \u00e9vekt\u0151l kezdve t\u00f6bb sz\u00e1rmazott vegy\u00fcletet is kifejlesztettek, a jap\u00e1n Fujimoto Pharma Corporation p\u00e9ld\u00e1ul mintegy 70 ilyet szintetiz\u00e1lt, m\u00e1s kutat\u00e1sok a vegy\u00fclet neuroprotekt\u00edv hat\u00e1s\u00e1t vizsg\u00e1lt\u00e1k, valamint kifejlesztett\u00e9k az els\u0151, deprenilen alapul\u00f3, b\u0151r\u00f6n \u00e1t alkalmazhat\u00f3 antidepressz\u00e1ns tapaszt. A 2010 \u00f3ta eltelt \u00e9vekben, \u00e9s jelenleg is tov\u00e1bb vizsg\u00e1lj\u00e1k a vegy\u00fclet hat\u00e1s\u00e1t mint \u00f6reged\u00e9s elleni szer, \u00e9s a deprenil \u00e9s m\u00e1s hasonl\u00f3 \u00fan. serkent\u0151 (enhancer) anyagok tumorg\u00e1tl\u00f3 hat\u00e1sait. B\u00e1r dr. Knoll J\u00f3zsef t\u00f6bb mint 50 \u00e9ve fejlesztette ki a deprenilt, m\u00e9g ma is \u00e9l\u00e9nk a tudom\u00e1nyos \u00e9rdekl\u0151d\u00e9s ir\u00e1nta, \u00e9s rendszeresen \u00faj lehets\u00e9ges alkalmaz\u00e1si ter\u00fcleteket fedeznek fel \u2013 mutatott r\u00e1 dr. Miklya Ildik\u00f3.<\/p>\n<p><a href=\"https:\/\/semmelweis.hu\/hirek\/files\/2019\/10\/RS102537_IMG_4412-scr.jpg\"><img loading=\"lazy\" decoding=\"async\" class=\"alignright  wp-image-90190\" src=\"https:\/\/semmelweis.hu\/hirek\/files\/2019\/10\/RS102537_IMG_4412-scr.jpg\" alt=\"\" width=\"338\" height=\"225\" srcset=\"https:\/\/semmelweis.hu\/hirek\/files\/2019\/10\/RS102537_IMG_4412-scr.jpg 950w, https:\/\/semmelweis.hu\/hirek\/files\/2019\/10\/RS102537_IMG_4412-scr-400x267.jpg 400w, https:\/\/semmelweis.hu\/hirek\/files\/2019\/10\/RS102537_IMG_4412-scr-768x512.jpg 768w, https:\/\/semmelweis.hu\/hirek\/files\/2019\/10\/RS102537_IMG_4412-scr-900x600.jpg 900w, https:\/\/semmelweis.hu\/hirek\/files\/2019\/10\/RS102537_IMG_4412-scr-600x400.jpg 600w, https:\/\/semmelweis.hu\/hirek\/files\/2019\/10\/RS102537_IMG_4412-scr-753x502.jpg 753w, https:\/\/semmelweis.hu\/hirek\/files\/2019\/10\/RS102537_IMG_4412-scr-203x135.jpg 203w\" sizes=\"auto, (max-width: 338px) 100vw, 338px\" \/><\/a>A szimp\u00f3ziumon k\u00e9t k\u00fclf\u00f6ldi vend\u00e9g is el\u0151ad\u00e1st tartott: Muraoka Shizuko a Fujimoto Pharma k\u00e9pviselet\u00e9ben a deprenil t\u00f6rt\u00e9net\u00e9r\u0151l Jap\u00e1nban, valamint a c\u00e9g dr. Knoll J\u00f3zseffel val\u00f3 egy\u00fcttm\u0171k\u00f6d\u00e9s\u00e9r\u0151l sz\u00e1molt be, Fabio Di Lisa kutat\u00f3 Olaszorsz\u00e1gb\u00f3l pedig arr\u00f3l besz\u00e9lt, hogyan haszn\u00e1lhat\u00f3 a vegy\u00fclet a sz\u00edv- \u00e9s v\u00e1zizombetegs\u00e9gek kezel\u00e9s\u00e9ben. Dr. Zelena D\u00f3ra, a P\u00e9csi Tudom\u00e1nyegyetem \u00c9lettani Int\u00e9zet\u00e9nek docense, a K\u00eds\u00e9rleti Orvostudom\u00e1nyi Kutat\u00f3int\u00e9zet munkat\u00e1rsa arr\u00f3l tartott el\u0151ad\u00e1st, mik\u00e9nt hat a deprenil a stresszre, dr. Ferdinandy P\u00e9ter pedig a vegy\u00fclet \u00e9s az elh\u00edz\u00e1s kapcsolat\u00e1r\u00f3l sz\u00e1molt be. A Semmelweis Egyetemet k\u00e9pviselte m\u00e9g dr. Baghy Korn\u00e9lia, az I.Sz. Patol\u00f3giai \u00e9s K\u00eds\u00e9rleti R\u00e1kkuttat\u00f3 Int\u00e9zet kutat\u00f3ja, valamint dr. H\u00e1rsing L\u00e1szl\u00f3, a Farmakol\u00f3giai Int\u00e9zet tudom\u00e1nyos tan\u00e1csad\u00f3ja: el\u0151bbi a deprenil tumorg\u00e1tl\u00f3 hat\u00e1s\u00e1r\u00f3l besz\u00e9lt, ut\u00f3bbi pedig a jel\u00e1tvitelt serkent\u0151 anyagok mechanizmus\u00e1r\u00f3l tartott el\u0151ad\u00e1st.<\/p>\n<p>Deme Tam\u00e1s<br \/>\nFot\u00f3: Kov\u00e1cs Attila &#8211; Semmelweis Egyetem<\/p>\n","protected":false},"excerpt":{"rendered":"<p>Kutat\u00f3k \u00e9s volt munkat\u00e1rsak eml\u00e9keztek meg a deprenil kifejleszt\u0151j\u00e9nek tev\u00e9kenys\u00e9g\u00e9r\u0151l \u00e9s kutat\u00e1sainak jelent\u0151s\u00e9g\u00e9r\u0151l. <\/p>\n","protected":false},"author":155,"featured_media":90202,"comment_status":"closed","ping_status":"closed","sticky":false,"template":"","format":"standard","meta":{"_acf_changed":false,"footnotes":""},"categories":[161,168],"tags":[],"class_list":["post-90163","post","type-post","status-publish","format-standard","has-post-thumbnail","hentry","category-tudomany","category-kiemelt"],"acf":[],"_links":{"self":[{"href":"https:\/\/semmelweis.hu\/hirek\/wp-json\/wp\/v2\/posts\/90163","targetHints":{"allow":["GET"]}}],"collection":[{"href":"https:\/\/semmelweis.hu\/hirek\/wp-json\/wp\/v2\/posts"}],"about":[{"href":"https:\/\/semmelweis.hu\/hirek\/wp-json\/wp\/v2\/types\/post"}],"author":[{"embeddable":true,"href":"https:\/\/semmelweis.hu\/hirek\/wp-json\/wp\/v2\/users\/155"}],"replies":[{"embeddable":true,"href":"https:\/\/semmelweis.hu\/hirek\/wp-json\/wp\/v2\/comments?post=90163"}],"version-history":[{"count":5,"href":"https:\/\/semmelweis.hu\/hirek\/wp-json\/wp\/v2\/posts\/90163\/revisions"}],"predecessor-version":[{"id":90188,"href":"https:\/\/semmelweis.hu\/hirek\/wp-json\/wp\/v2\/posts\/90163\/revisions\/90188"}],"wp:featuredmedia":[{"embeddable":true,"href":"https:\/\/semmelweis.hu\/hirek\/wp-json\/wp\/v2\/media\/90202"}],"wp:attachment":[{"href":"https:\/\/semmelweis.hu\/hirek\/wp-json\/wp\/v2\/media?parent=90163"}],"wp:term":[{"taxonomy":"category","embeddable":true,"href":"https:\/\/semmelweis.hu\/hirek\/wp-json\/wp\/v2\/categories?post=90163"},{"taxonomy":"post_tag","embeddable":true,"href":"https:\/\/semmelweis.hu\/hirek\/wp-json\/wp\/v2\/tags?post=90163"}],"curies":[{"name":"wp","href":"https:\/\/api.w.org\/{rel}","templated":true}]}}