{"id":89927,"date":"2019-10-11T08:53:06","date_gmt":"2019-10-11T06:53:06","guid":{"rendered":"http:\/\/semmelweis.hu\/hirek\/?p=89927"},"modified":"2019-10-11T09:39:17","modified_gmt":"2019-10-11T07:39:17","slug":"jubileumi-semmelweis-szimpozium-vilaghiru-eloadok-es-transzlacios-medicina-video","status":"publish","type":"post","link":"https:\/\/semmelweis.hu\/hirek\/2019\/10\/11\/jubileumi-semmelweis-szimpozium-vilaghiru-eloadok-es-transzlacios-medicina-video\/","title":{"rendered":"Jubileumi Semmelweis Szimp\u00f3zium: Vil\u00e1gh\u00edr\u0171 el\u0151ad\u00f3k \u00e9s transzl\u00e1ci\u00f3s medicina (vide\u00f3)"},"content":{"rendered":"<p>A <a href=\"https:\/\/semmelweis.hu\/symposium\/\" target=\"_blank\" rel=\"noopener noreferrer\">Semmelweis Szimp\u00f3zium<\/a> a Semmelweis Egyetem legrangosabb, \u00e9vente megrendezett tudom\u00e1nyos esem\u00e9nye. A 250. jubileumi \u00e9vben, november 5-7. k\u00f6z\u00f6tt sz\u00e1mos vil\u00e1gh\u00edr\u0171 el\u0151ad\u00f3 \u00e9rkezik az Elm\u00e9leti Orvostudom\u00e1nyi K\u00f6zpontba. A tudom\u00e1nyos program k\u00f6z\u00e9ppontj\u00e1ban a transzl\u00e1ci\u00f3s medicina, ezen bel\u00fcl is a kardiovaszkul\u00e1ris betegs\u00e9gek megel\u0151z\u00e9se, diagnosztik\u00e1ja, ter\u00e1pi\u00e1ja \u00e9s rehabilit\u00e1ci\u00f3ja \u00e1ll. <a href=\"https:\/\/semmelweis.hu\/symposium\/en\/semmelweis-symposium-2019\/program-schedule\/\" target=\"_blank\" rel=\"noopener noreferrer\">A r\u00e9szletes angol nyelv\u0171 program ide kattintva<\/a> tal\u00e1lhat\u00f3 meg.\u00a0<\/p>\n<p><iframe loading=\"lazy\" title=\"Semmelweis Symposium 2019\" width=\"753\" height=\"424\" src=\"https:\/\/www.youtube.com\/embed\/NSOwP_iOCKc?feature=oembed\" frameborder=\"0\" allow=\"accelerometer; autoplay; encrypted-media; gyroscope; picture-in-picture\" allowfullscreen><\/iframe><\/p>\n","protected":false},"excerpt":{"rendered":"<p>A kardiovaszkul\u00e1ris betegs\u00e9gek megel\u0151z\u00e9se, diagnosztik\u00e1ja, ter\u00e1pi\u00e1ja \u00e9s rehabilit\u00e1ci\u00f3ja az idei t\u00e9ma.<\/p>\n","protected":false},"author":101132,"featured_media":89933,"comment_status":"closed","ping_status":"closed","sticky":false,"template":"","format":"standard","meta":{"_acf_changed":false,"footnotes":""},"categories":[161,168],"tags":[4240,4218,4091,4246],"class_list":["post-89927","post","type-post","status-publish","format-standard","has-post-thumbnail","hentry","category-tudomany","category-kiemelt","tag-jubileumi-hirek","tag-semmelweis-250","tag-semmelweis-szimpozium","tag-video"],"acf":[],"_links":{"self":[{"href":"https:\/\/semmelweis.hu\/hirek\/wp-json\/wp\/v2\/posts\/89927","targetHints":{"allow":["GET"]}}],"collection":[{"href":"https:\/\/semmelweis.hu\/hirek\/wp-json\/wp\/v2\/posts"}],"about":[{"href":"https:\/\/semmelweis.hu\/hirek\/wp-json\/wp\/v2\/types\/post"}],"author":[{"embeddable":true,"href":"https:\/\/semmelweis.hu\/hirek\/wp-json\/wp\/v2\/users\/101132"}],"replies":[{"embeddable":true,"href":"https:\/\/semmelweis.hu\/hirek\/wp-json\/wp\/v2\/comments?post=89927"}],"version-history":[{"count":7,"href":"https:\/\/semmelweis.hu\/hirek\/wp-json\/wp\/v2\/posts\/89927\/revisions"}],"predecessor-version":[{"id":89935,"href":"https:\/\/semmelweis.hu\/hirek\/wp-json\/wp\/v2\/posts\/89927\/revisions\/89935"}],"wp:featuredmedia":[{"embeddable":true,"href":"https:\/\/semmelweis.hu\/hirek\/wp-json\/wp\/v2\/media\/89933"}],"wp:attachment":[{"href":"https:\/\/semmelweis.hu\/hirek\/wp-json\/wp\/v2\/media?parent=89927"}],"wp:term":[{"taxonomy":"category","embeddable":true,"href":"https:\/\/semmelweis.hu\/hirek\/wp-json\/wp\/v2\/categories?post=89927"},{"taxonomy":"post_tag","embeddable":true,"href":"https:\/\/semmelweis.hu\/hirek\/wp-json\/wp\/v2\/tags?post=89927"}],"curies":[{"name":"wp","href":"https:\/\/api.w.org\/{rel}","templated":true}]}}