{"id":8990,"date":"2011-12-01T09:31:50","date_gmt":"2011-12-01T08:31:50","guid":{"rendered":"http:\/\/semmelweis-egyetem.hu\/hirek\/?p=8990"},"modified":"2017-08-29T11:24:15","modified_gmt":"2017-08-29T09:24:15","slug":"mediaosszefogas-a-megelozesert-december-1-az-aids-ellenes-kuzdelem-vilagnapja","status":"publish","type":"post","link":"https:\/\/semmelweis.hu\/hirek\/2011\/12\/01\/mediaosszefogas-a-megelozesert-december-1-az-aids-ellenes-kuzdelem-vilagnapja\/","title":{"rendered":"M\u00e9dia\u00f6sszefog\u00e1s a megel\u0151z\u00e9s\u00e9rt: December 1. az AIDS Ellenes K\u00fczdelem Vil\u00e1gnapja"},"content":{"rendered":"<p>Ma Magyarorsz\u00e1gon minden HIV pozit\u00edv szem\u00e9ly ingyenesen jut hozz\u00e1 a megfelel\u0151 kezel\u00e9shez. Azonban a megel\u0151z\u00e9sre kell a legt\u00f6bb figyelmet ford\u00edtani \u2013 fogalmazott Sz\u00f3cska Mikl\u00f3s a Semmelweis Egyetem B\u0151r-, Nemik\u00f3rtani \u00e9s B\u0151ronkol\u00f3giai Klinikik\u00e1n tartott sajt\u00f3t\u00e1j\u00e9koztat\u00f3n.<\/p>\n<p>A c\u00e9lunk az, hogy t\u00e1rsadalmi \u00f6sszefog\u00e1s alakuljon a n\u00e9peg\u00e9szs\u00e9g\u00fcgyi szempontb\u00f3l fontos \u00fcgyekben \u2013 emelte ki az eg\u00e9szs\u00e9g\u00fcgy\u00e9rt felel\u0151s \u00e1llamtitk\u00e1r. Id\u00e9n a vezet\u0151 telev\u00edzi\u00f3k \u00e9s a k\u00e9t legnagyobb internetes port\u00e1l december 1-\u00e9n az AIDS Elleni Vil\u00e1gnapon a vil\u00e1gnap szimb\u00f3lum\u00e1t, a piros szalagot viselik, r\u00e9szt vesznek a figyelemfelh\u00edv\u00e1sban.<\/p>\n<p><a href=\"https:\/\/semmelweis.hu\/hirek\/files\/2011\/12\/20111130KAR_4583_AK.jpg\"><img loading=\"lazy\" decoding=\"async\" class=\"alignleft size-large wp-image-8995\" src=\"https:\/\/semmelweis.hu\/hirek\/files\/2011\/12\/20111130KAR_4583_AK-600x397.jpg\" alt=\"\" width=\"600\" height=\"397\" srcset=\"https:\/\/semmelweis.hu\/hirek\/files\/2011\/12\/20111130KAR_4583_AK-600x397.jpg 600w, https:\/\/semmelweis.hu\/hirek\/files\/2011\/12\/20111130KAR_4583_AK-300x198.jpg 300w\" sizes=\"auto, (max-width: 600px) 100vw, 600px\" \/><\/a><\/p>\n<p>&nbsp;<\/p>\n<p>Magyarorsz\u00e1gon a HIV-vel fert\u0151z\u00f6ttek ingyenesen juthatnak ell\u00e1t\u00e1shoz \u00e9s kaphatj\u00e1k meg a sz\u00fcks\u00e9ges gy\u00f3gyszereket, melyek az \u00e9let\u00fcket jelent\u0151sen meghosszab\u00edtj\u00e1k &#8211; eml\u00e9keztetett az \u00e1llamtitk\u00e1r. Haz\u00e1nkban nem sz\u00e1m\u00edt n\u00e9pbetegs\u00e9gnek az AIDS, \u00edgy viszonylag j\u00f3 helyzetben vagyunk, de oda kell figyeln\u00fcnk \u00e9s nagy hangs\u00falyt kell fektetn\u00fcnk a prevenci\u00f3ra \u2013 tette hozz\u00e1.<\/p>\n<p><a href=\"https:\/\/semmelweis.hu\/hirek\/files\/2011\/12\/bor3.jpg\"><img loading=\"lazy\" decoding=\"async\" class=\"alignleft size-medium wp-image-8997\" src=\"https:\/\/semmelweis.hu\/hirek\/files\/2011\/12\/bor3-300x204.jpg\" alt=\"\" width=\"300\" height=\"204\" srcset=\"https:\/\/semmelweis.hu\/hirek\/files\/2011\/12\/bor3-300x204.jpg 300w, https:\/\/semmelweis.hu\/hirek\/files\/2011\/12\/bor3-586x400.jpg 586w, https:\/\/semmelweis.hu\/hirek\/files\/2011\/12\/bor3-175x120.jpg 175w\" sizes=\"auto, (max-width: 300px) 100vw, 300px\" \/><\/a>Vil\u00e1gviszonylatban az \u00faj fert\u0151z\u00e9sek sz\u00e1ma cs\u00f6kken\u0151 tendenci\u00e1t mutat. Haz\u00e1nkban tavaly 182 \u00faj beteget regisztr\u00e1ltak. Mi\u00f3ta Magyarorsz\u00e1gon a regisztr\u00e1ci\u00f3t vezetik, \u00f6sszesen 2500 megbeteged\u00e9sr\u0151l tudunk \u2013 mutatott r\u00e1 dr. Pusztai Zs\u00f3fia.<\/p>\n<p>Dr. K\u00e1rp\u00e1ti Sarolta elmondta: sokan az\u00e9rt nem jutnak megfelel\u0151 kezel\u00e9shez, mert nem v\u00e1llalj\u00e1k betegs\u00e9g\u00fcket, mivel az ell\u00e1t\u00e1st csak n\u00e9vre sz\u00f3l\u00f3an lehet ig\u00e9nybe venni. A t\u00e1rsadalom viszont kirekeszti a HIV-fert\u0151z\u00f6tteket, pedig a folyamatosan fejl\u0151d\u0151 kezel\u00e9sek m\u00e1ra ak\u00e1r 30-40 \u00e9vvel is meghosszabb\u00edthatn\u00e1k a betegek \u00e9let\u00e9t \u2013 h\u00edvta fel a figyelmet.<\/p>\n<p>Az AIDS a t\u00edz leggyakoribb hal\u00e1lok egyike a vil\u00e1gon. Ma k\u00f6r\u00fclbel\u00fcl 33,3 milli\u00f3 ember HIV fert\u0151z\u00f6tt \u00e9s sz\u00e1muk naponta t\u00f6bb mint 7000-rel n\u00f6vekszik. Az AIDS betegek 40%-a 30-39 \u00e9ves korcsoportba, 23%-a a 40-49 \u00e9ves korcsoportba tartozik. Magyarorsz\u00e1gon becsl\u00e9sek szerint 3000 f\u0151re tehet\u0151 azon szem\u00e9lyek sz\u00e1ma, akik egy\u00fctt \u00e9lnek a HIV v\u00edrussal, egyharmaduk pedig nem is tud a fert\u0151z\u00e9s t\u00e9ny\u00e9r\u0151l. Haz\u00e1nkban 1985 \u00e9s 2011 harmadik negyed\u00e9ve k\u00f6z\u00f6tt \u00f6sszesen 2075 HIV-fert\u0151z\u00f6tt szem\u00e9lyt regisztr\u00e1ltak. 1986 \u2013 2011 harmadik negyed\u00e9ve k\u00f6z\u00f6tt 648 szem\u00e9ly betegedett meg, \u00e9s 324 f\u0151 halt meg AIDS-ben.<\/p>\n<p><a href=\"https:\/\/semmelweis.hu\/hirek\/files\/2011\/12\/20111130KAR_4437_AK.jpg\"><img loading=\"lazy\" decoding=\"async\" class=\"size-medium wp-image-8992 alignright\" src=\"https:\/\/semmelweis.hu\/hirek\/files\/2011\/12\/20111130KAR_4437_AK-300x201.jpg\" alt=\"\" width=\"300\" height=\"201\" srcset=\"https:\/\/semmelweis.hu\/hirek\/files\/2011\/12\/20111130KAR_4437_AK-300x201.jpg 300w, https:\/\/semmelweis.hu\/hirek\/files\/2011\/12\/20111130KAR_4437_AK-595x400.jpg 595w, https:\/\/semmelweis.hu\/hirek\/files\/2011\/12\/20111130KAR_4437_AK-600x400.jpg 600w\" sizes=\"auto, (max-width: 300px) 100vw, 300px\" \/><\/a>Az Eg\u00e9szs\u00e9g\u00fcgy\u00e9rt Felel\u0151s \u00c1llamtitk\u00e1rs\u00e1g kidolgozott egy strat\u00e9gi\u00e1t a 2011. \u00e9s 2015. k\u00f6z\u00f6tti id\u0151szakra, melynek c\u00e9lja az \u00faj HIV fert\u0151z\u00e9sek sz\u00e1m\u00e1nak cs\u00f6kkent\u00e9se \u2013 t\u00e1j\u00e9koztatott Sz\u00f3cska Mikl\u00f3s. Legut\u00f3bb k\u00e9t kereskedelmi t\u00e9v\u00e9csatorna tehets\u00e9gkutat\u00f3 m\u0171sorainak szerepl\u0151i vettek r\u00e9szt a kamp\u00e1nyban \u00e9s h\u00edvt\u00e1k fel a figyelmet a betegs\u00e9gek \u2013 f\u0151k\u00e9nt az HIV fert\u0151z\u00e9s \u2013 korai st\u00e1diumban t\u00f6rt\u00e9n\u0151 felismer\u00e9s\u00e9nek jelent\u0151s\u00e9g\u00e9re \u2013 mondta el a szakpolitikus.<\/p>\n<p>Az \u00e1llamtitk\u00e1r al\u00e1h\u00fazta: id\u00e9n nagyobb \u00f6sszefog\u00e1sra ker\u00fcl sor, hiszen t\u00f6bb t\u00e9v\u00e9csatorna &#8211; az RTL Klub, Tv2, Mtv \u00e9s a Duna tv \u2013 \u00e9s k\u00e9t nagy hazai h\u00edrport\u00e1l &#8211; az origo \u00e9s az index &#8211; is r\u00e9szt v\u00e1llal a programban, p\u00e9ld\u00e1ul tematikus m\u0171sorok sug\u00e1rz\u00e1s\u00e1val, illetve t\u00e1j\u00e9koztat\u00f3 anyagok megjelentet\u00e9s\u00e9vel. Ez\u00e1ltal a fokozottan vesz\u00e9lyeztetett koroszt\u00e1lyokhoz is eljuthat az \u00fczenet.<\/p>\n<p>Forr\u00e1s: kormany.hu<\/p>\n","protected":false},"excerpt":{"rendered":"<p>Ma Magyarorsz\u00e1gon minden HIV pozit\u00edv szem\u00e9ly ingyenesen jut hozz\u00e1 a megfelel\u0151 kezel\u00e9shez. Azonban a megel\u0151z\u00e9sre kell a legt\u00f6bb figyelmet ford\u00edtani \u2013 fogalmazott Sz\u00f3cska Mikl\u00f3s a Semmelweis Egyetem B\u0151r-, Nemik\u00f3rtani \u00e9s B\u0151ronkol\u00f3giai Klinikik\u00e1n tartott sajt\u00f3t\u00e1j\u00e9koztat\u00f3n. A c\u00e9lunk az, hogy t\u00e1rsadalmi \u00f6sszefog\u00e1s alakuljon a n\u00e9peg\u00e9szs\u00e9g\u00fcgyi szempontb\u00f3l fontos \u00fcgyekben \u2013 emelte ki az eg\u00e9szs\u00e9g\u00fcgy\u00e9rt felel\u0151s \u00e1llamtitk\u00e1r. Id\u00e9n a &hellip;<\/p>\n","protected":false},"author":10,"featured_media":8992,"comment_status":"closed","ping_status":"open","sticky":false,"template":"","format":"standard","meta":{"_acf_changed":false,"footnotes":""},"categories":[154,168],"tags":[162],"class_list":["post-8990","post","type-post","status-publish","format-standard","has-post-thumbnail","hentry","category-egeszseg","category-kiemelt","tag-eletmod-eletmod"],"acf":[],"_links":{"self":[{"href":"https:\/\/semmelweis.hu\/hirek\/wp-json\/wp\/v2\/posts\/8990","targetHints":{"allow":["GET"]}}],"collection":[{"href":"https:\/\/semmelweis.hu\/hirek\/wp-json\/wp\/v2\/posts"}],"about":[{"href":"https:\/\/semmelweis.hu\/hirek\/wp-json\/wp\/v2\/types\/post"}],"author":[{"embeddable":true,"href":"https:\/\/semmelweis.hu\/hirek\/wp-json\/wp\/v2\/users\/10"}],"replies":[{"embeddable":true,"href":"https:\/\/semmelweis.hu\/hirek\/wp-json\/wp\/v2\/comments?post=8990"}],"version-history":[{"count":2,"href":"https:\/\/semmelweis.hu\/hirek\/wp-json\/wp\/v2\/posts\/8990\/revisions"}],"predecessor-version":[{"id":61295,"href":"https:\/\/semmelweis.hu\/hirek\/wp-json\/wp\/v2\/posts\/8990\/revisions\/61295"}],"wp:featuredmedia":[{"embeddable":true,"href":"https:\/\/semmelweis.hu\/hirek\/wp-json\/wp\/v2\/media\/8992"}],"wp:attachment":[{"href":"https:\/\/semmelweis.hu\/hirek\/wp-json\/wp\/v2\/media?parent=8990"}],"wp:term":[{"taxonomy":"category","embeddable":true,"href":"https:\/\/semmelweis.hu\/hirek\/wp-json\/wp\/v2\/categories?post=8990"},{"taxonomy":"post_tag","embeddable":true,"href":"https:\/\/semmelweis.hu\/hirek\/wp-json\/wp\/v2\/tags?post=8990"}],"curies":[{"name":"wp","href":"https:\/\/api.w.org\/{rel}","templated":true}]}}