{"id":89889,"date":"2019-11-03T07:21:54","date_gmt":"2019-11-03T06:21:54","guid":{"rendered":"http:\/\/semmelweis.hu\/hirek\/?p=89889"},"modified":"2019-10-31T15:22:26","modified_gmt":"2019-10-31T14:22:26","slug":"az-en-egyetemem-dr-kormos-andrea-es-a-kozponti-igazgatasi-epulet","status":"publish","type":"post","link":"https:\/\/semmelweis.hu\/hirek\/2019\/11\/03\/az-en-egyetemem-dr-kormos-andrea-es-a-kozponti-igazgatasi-epulet\/","title":{"rendered":"Az \u00e9n egyetemem \u2013 dr. Kormos Andrea \u00e9s a K\u00f6zponti Igazgat\u00e1si \u00c9p\u00fclet"},"content":{"rendered":"<p>\u201eMinden nap, amikor bel\u00e9pek ide, b\u00fcszkes\u00e9ggel t\u00f6lt el, hogy egy ilyen patin\u00e1s \u00e9p\u00fcletben dolgozhatok. Minden alkalommal megragad az eleganci\u00e1ja \u00e9s a sz\u00e9ps\u00e9ge \u201d \u2013 mondta a K\u00f6zponti Igazgat\u00e1si \u00c9p\u00fcletr\u0151l (KI\u00c9) dr. Kormos Andrea. A Rektori Kabinet vezet\u0151je 13 \u00e9ve dolgozik a Semmelweis Egyetemen, \u00e9s b\u00fcszke arra, hogy r\u00e9szese lehetett az \u00e9p\u00fclet \u00fajj\u00e1sz\u00fclet\u00e9s\u00e9nek, amikor 2008-2009-ben a megkopott patin\u00e1j\u00fa rektori \u00e9p\u00fclet visszanyerte eredeti bels\u0151 pomp\u00e1j\u00e1t. Ez\u00e9rt is tartja ezt az \u00e9p\u00fcletet legkedvesebb egyetemi helysz\u00edn\u00e9nek.<\/p>\n<p><a href=\"https:\/\/semmelweis.hu\/hirek\/files\/2019\/10\/RS98466_KA-20190712-KA__0473-scr.jpg\"><img loading=\"lazy\" decoding=\"async\" class=\"alignleft  wp-image-89891\" src=\"https:\/\/semmelweis.hu\/hirek\/files\/2019\/10\/RS98466_KA-20190712-KA__0473-scr.jpg\" alt=\"\" width=\"306\" height=\"454\" srcset=\"https:\/\/semmelweis.hu\/hirek\/files\/2019\/10\/RS98466_KA-20190712-KA__0473-scr.jpg 506w, https:\/\/semmelweis.hu\/hirek\/files\/2019\/10\/RS98466_KA-20190712-KA__0473-scr-270x400.jpg 270w\" sizes=\"auto, (max-width: 306px) 100vw, 306px\" \/><\/a>Mint felid\u00e9zte, a fel\u00faj\u00edt\u00e1s k\u00fcl\u00f6nleges id\u0151szak volt az \u00e9p\u00fcletben dolgoz\u00f3k sz\u00e1m\u00e1ra. Az eredeti tervek szerint ugyanis folyamatos irodai munkav\u00e9gz\u00e9s mellett zajlott volna a rekonstrukci\u00f3, vagyis a kivitelez\u0151 szakaszosan z\u00e1rt le egy-egy r\u00e9szt, \u00e1tmenetileg korl\u00e1tozva az \u00e9rintett szervezeti egys\u00e9gek munk\u00e1j\u00e1t, mik\u00f6zben az \u00e9p\u00fclet t\u00f6bbi r\u00e9sze norm\u00e1l m\u00f3don \u00fczemelt. Reggelente munkav\u00e9delmi sisakban, keskeny pall\u00f3kon egyens\u00falyozva jutottak el az irod\u00e1khoz \u2013 eml\u00e9kezett vissza a kabinetvezet\u0151, aki akkoriban a Gazdas\u00e1gi-M\u0171szaki F\u0151igazgat\u00f3s\u00e1gon dolgozott, \u00edgy tev\u00e9kenyen r\u00e9szt vett a fel\u00faj\u00edt\u00e1s megtervez\u00e9s\u00e9ben \u00e9s ir\u00e1ny\u00edt\u00e1s\u00e1ban. Hozz\u00e1tette: hamarosan kider\u00fclt, hogy nem lehet az \u00e9p\u00fcletben egyidej\u0171leg irodai \u00e9s fel\u00faj\u00edt\u00e1si munk\u00e1t is v\u00e9gezni, ez\u00e9rt p\u00e9ld\u00e1s szervezetts\u00e9ggel alig t\u00f6bb mint egy h\u00e9t alatt \u2013 a legfels\u0151 emelet kiv\u00e9tel\u00e9vel \u2013 ki\u00fcr\u00edtett\u00e9k a h\u00e1zat.<\/p>\n<p>A Weber Antal \u00e1ltal tervezett \u00e9p\u00fcletet 1884-ben adt\u00e1k \u00e1t, de a 2000-es \u00e9vekre sokat vesztett kor\u00e1bbi sz\u00e9ps\u00e9g\u00e9b\u0151l, mivel t\u00f6bbsz\u00f6r \u00e1talak\u00edtott\u00e1k, harmonikus bels\u0151 tereit \u00e1t\u00e9p\u00edtett\u00e9k, a l\u00e9pcs\u0151h\u00e1z \u00e9s a folyos\u00f3k d\u00edszfest\u00e9s\u00e9t feh\u00e9rre meszelt\u00e9k. A rekonstrukci\u00f3 sor\u00e1n igyekeztek a bels\u0151 terekben az eredeti enteri\u0151rt helyre\u00e1ll\u00edtani, \u00edgy p\u00e9ld\u00e1ul a falak, p\u00e1rk\u00e1nyok sz\u00edne \u00e9s a d\u00edsz\u00edt\u0151fest\u00e9sek mint\u00e1i az eredeti \u00e1llapotot t\u00fckr\u00f6zik \u2013 mes\u00e9lte a kabinetvezet\u0151. Ma m\u00e1r neh\u00e9z elk\u00e9pzelni, hogy az \u00e9p\u00fclet k\u00f6zponti reprezentat\u00edv terek\u00e9nt szolg\u00e1l\u00f3 aula hely\u00e9n eredetileg egy sz\u0171k \u00e9s s\u00f6t\u00e9t bels\u0151 udvar volt, az \u00e1rk\u00e1dokat pedig tej\u00fcveg ablakok fedt\u00e9k. Az \u00e9p\u00edt\u00e9szek javaslat\u00e1ra \u00fcvegtet\u0151vel fedt\u00e9k le az udvart, \u00edgy lehet\u0151v\u00e9 v\u00e1lt a sz\u00e9p \u00edv\u0171 \u00e1rk\u00e1dok kibont\u00e1sa, \u00e9s egy nagyon sz\u00e9p bels\u0151 t\u00e9r alakult ki, a jelenlegi aula, mely m\u00e9lt\u00f3 helysz\u00edn\u00e9\u00fcl szolg\u00e1l az egyetem \u00fcnnepi rendezv\u00e9nyeinek \u2013 mondta dr. Kormos Andrea.<\/p>\n\r\n        [slb_exclude]\r\n        <div class=\"row galeria-wrapper mx-0 h-auto\">\r\n            <div class=\"col-9 pl-0 pr-2\">\r\n            <span class=\"gallery-item frame\">\r\n\t\t\t\t<div class=\"galeria-left-img\"><a href=\"https:\/\/semmelweis.hu\/hirek\/files\/2019\/10\/RS98450_KA-20190712-KA__0538-scr.jpg\"><img src=https:\/\/semmelweis.hu\/hirek\/files\/2019\/10\/RS98450_KA-20190712-KA__0538-scr.jpg  \r\n                            alt=\"\" \r\n                            class=\"attachment-sote-gallery-big size-sote-gallery-big\" \r\n                            srcset=\"https:\/\/semmelweis.hu\/hirek\/files\/2019\/10\/RS98450_KA-20190712-KA__0538-scr-400x267.jpg 400w, https:\/\/semmelweis.hu\/hirek\/files\/2019\/10\/RS98450_KA-20190712-KA__0538-scr-768x512.jpg 768w, https:\/\/semmelweis.hu\/hirek\/files\/2019\/10\/RS98450_KA-20190712-KA__0538-scr-900x600.jpg 900w, https:\/\/semmelweis.hu\/hirek\/files\/2019\/10\/RS98450_KA-20190712-KA__0538-scr-600x400.jpg 600w, https:\/\/semmelweis.hu\/hirek\/files\/2019\/10\/RS98450_KA-20190712-KA__0538-scr-753x502.jpg 753w, https:\/\/semmelweis.hu\/hirek\/files\/2019\/10\/RS98450_KA-20190712-KA__0538-scr-203x135.jpg 203w, https:\/\/semmelweis.hu\/hirek\/files\/2019\/10\/RS98450_KA-20190712-KA__0538-scr.jpg 950w\" ><\/a><\/div>\r\n            <\/span>\r\n\r\n            <\/div>\r\n\r\n\t\t\t<div class=\"col-3 pl-0 pr-0\">\r\n\t\t\t\t<div class=\"galeria-right-img d-flex justify-content-between flex-column h-100 w-100 px-0 mx-0 \">\r\n                <div class=\"galeria-box\">\r\n\t\t\t\t\t<h3 class=\"galeria-title\">Gal\u00e9ria<\/h3>\r\n\t\t\t\t\t<div class=\"galeria-subtitle\">\r\n\r\n\t\t\t\t\t\t<div class=\"galeria-page-counter\"><span>5<\/span>k\u00e9p<\/div>\r\n                    <\/div> <\/div>\r\n                    <span class=\"gallery-item frame d-none d-md-flex\">\r\n\t\t\t\t\t<div class=\"galeria-small-img mt-0\"><a href=\"https:\/\/semmelweis.hu\/hirek\/files\/2019\/10\/RS98453_KA-20190712-KA__0530-scr.jpg\"><img src=https:\/\/semmelweis.hu\/hirek\/files\/2019\/10\/RS98453_KA-20190712-KA__0530-scr.jpg \r\n                                alt=\"\"  \r\n                                class=\"attachment-sote-gallery-small size-sote-gallery-small\" \r\n                                srcset=\"https:\/\/semmelweis.hu\/hirek\/files\/2019\/10\/RS98453_KA-20190712-KA__0530-scr-400x267.jpg 400w, https:\/\/semmelweis.hu\/hirek\/files\/2019\/10\/RS98453_KA-20190712-KA__0530-scr-768x512.jpg 768w, https:\/\/semmelweis.hu\/hirek\/files\/2019\/10\/RS98453_KA-20190712-KA__0530-scr-900x600.jpg 900w, https:\/\/semmelweis.hu\/hirek\/files\/2019\/10\/RS98453_KA-20190712-KA__0530-scr-600x400.jpg 600w, https:\/\/semmelweis.hu\/hirek\/files\/2019\/10\/RS98453_KA-20190712-KA__0530-scr-753x502.jpg 753w, https:\/\/semmelweis.hu\/hirek\/files\/2019\/10\/RS98453_KA-20190712-KA__0530-scr-203x135.jpg 203w, https:\/\/semmelweis.hu\/hirek\/files\/2019\/10\/RS98453_KA-20190712-KA__0530-scr.jpg 950w\" ><\/a><\/div>\r\n                    <\/span>\r\n                    <span class=\"gallery-item frame d-none d-md-flex\">\r\n\t\t\t\t\t<div class=\"galeria-small-img mt-0\"><a href=\"https:\/\/semmelweis.hu\/hirek\/files\/2019\/10\/RS98478_KA-20190712-KA__0414-scr.jpg\"><img src=https:\/\/semmelweis.hu\/hirek\/files\/2019\/10\/RS98478_KA-20190712-KA__0414-scr.jpg \r\n                                alt=\"\" \r\n                                class=\"attachment-sote-gallery-small size-sote-gallery-small\" \r\n                                srcset=\"https:\/\/semmelweis.hu\/hirek\/files\/2019\/10\/RS98478_KA-20190712-KA__0414-scr-400x267.jpg 400w, https:\/\/semmelweis.hu\/hirek\/files\/2019\/10\/RS98478_KA-20190712-KA__0414-scr-768x512.jpg 768w, https:\/\/semmelweis.hu\/hirek\/files\/2019\/10\/RS98478_KA-20190712-KA__0414-scr-900x600.jpg 900w, https:\/\/semmelweis.hu\/hirek\/files\/2019\/10\/RS98478_KA-20190712-KA__0414-scr-600x400.jpg 600w, https:\/\/semmelweis.hu\/hirek\/files\/2019\/10\/RS98478_KA-20190712-KA__0414-scr-753x502.jpg 753w, https:\/\/semmelweis.hu\/hirek\/files\/2019\/10\/RS98478_KA-20190712-KA__0414-scr-203x135.jpg 203w, https:\/\/semmelweis.hu\/hirek\/files\/2019\/10\/RS98478_KA-20190712-KA__0414-scr.jpg 950w\" ><\/a><\/div>\r\n                    <\/span>\r\n\r\n                <\/div>\r\n\r\n            <\/div>\r\n\r\n            <span class=\"gallery-item\"><div class=\"hidden\"><a href=\"https:\/\/semmelweis.hu\/hirek\/files\/2019\/10\/RS98447_KA-20190712-KA__0545-scr.jpg\">\r\n        <img src=https:\/\/semmelweis.hu\/hirek\/files\/2019\/10\/RS98447_KA-20190712-KA__0545-scr.jpg alt=\"\" class=\"attachment-sote-gallery-big size-sote-gallery-big\" srcset=\"https:\/\/semmelweis.hu\/hirek\/files\/2019\/10\/RS98447_KA-20190712-KA__0545-scr-400x267.jpg 400w, https:\/\/semmelweis.hu\/hirek\/files\/2019\/10\/RS98447_KA-20190712-KA__0545-scr-768x512.jpg 768w, https:\/\/semmelweis.hu\/hirek\/files\/2019\/10\/RS98447_KA-20190712-KA__0545-scr-900x600.jpg 900w, https:\/\/semmelweis.hu\/hirek\/files\/2019\/10\/RS98447_KA-20190712-KA__0545-scr-600x400.jpg 600w, https:\/\/semmelweis.hu\/hirek\/files\/2019\/10\/RS98447_KA-20190712-KA__0545-scr-753x502.jpg 753w, https:\/\/semmelweis.hu\/hirek\/files\/2019\/10\/RS98447_KA-20190712-KA__0545-scr-203x135.jpg 203w, https:\/\/semmelweis.hu\/hirek\/files\/2019\/10\/RS98447_KA-20190712-KA__0545-scr.jpg 950w\" >\r\n        <\/a><\/div><\/span><span class=\"gallery-item\"><div class=\"hidden\"><a href=\"https:\/\/semmelweis.hu\/hirek\/files\/2019\/10\/RS98448_KA-20190712-KA__0543-scr.jpg\">\r\n        <img src=https:\/\/semmelweis.hu\/hirek\/files\/2019\/10\/RS98448_KA-20190712-KA__0543-scr.jpg alt=\"\" class=\"attachment-sote-gallery-big size-sote-gallery-big\" srcset=\"https:\/\/semmelweis.hu\/hirek\/files\/2019\/10\/RS98448_KA-20190712-KA__0543-scr-267x400.jpg 267w, https:\/\/semmelweis.hu\/hirek\/files\/2019\/10\/RS98448_KA-20190712-KA__0543-scr.jpg 500w\" >\r\n        <\/a><\/div><\/span>\r\n            <\/div>\r\n\r\n            [\/slb_exclude]\r\n\t\n<p>Az aula fal\u00e1t k\u00fcl\u00f6nleges \u00fcvegk\u00e9pek d\u00edsz\u00edtik, melyek az egyetem m\u00faltj\u00e1t id\u00e9zik fel. K\u00fcl\u00f6n\u00f6sen sz\u00e9p az orvoskar els\u0151 pecs\u00e9tj\u00e9nek lenyomat\u00e1t \u00e1br\u00e1zol\u00f3 \u00fcvegfestm\u00e9ny, melyen az uralkod\u00f3 Sz\u0171z M\u00e1ria oltalm\u00e1ba aj\u00e1nlja az egyetemet. Dr. Kormos Andrea kellemes eml\u00e9kk\u00e9nt eleven\u00edti fel szem\u00e9lyes k\u00f6zrem\u0171k\u00f6d\u00e9s\u00e9t a k\u00e9pek t\u00e9m\u00e1inak kiv\u00e1laszt\u00e1s\u00e1ban.<\/p>\n<p>A Rektori \u00e9p\u00fclet egyetem\u00fcnk szimbolikus \u00e9p\u00fclete. 135 \u00e9ve az orvosi kar k\u00f6zponti \u00e9p\u00fcletek\u00e9nt, az orvosk\u00e9pz\u00e9s mindenkori vezet\u0151inek hivatalak\u00e9nt funkcion\u00e1l, bels\u0151 eleganci\u00e1j\u00e1val m\u00e9lt\u00f3 m\u00f3don t\u00fckr\u00f6zi a Semmelweis Egyetem tekint\u00e9ly\u00e9t. Ennek az \u00e9p\u00fcletnek nagyon komoly m\u00faltja van, inspir\u00e1l\u00f3 a jelene \u00e9s \u00edg\u00e9retes a j\u00f6v\u0151je is \u2013 foglalta \u00f6ssze v\u00e9lem\u00e9ny\u00e9t dr. Kormos Andrea, aki rem\u00e9ny\u00e9t fejezte ki, hogy id\u00e9n, az egyetem alap\u00edt\u00e1s\u00e1nak 250. jubileumi \u00e9v\u00e9ben elkezd\u0151dhet az \u00e9p\u00fclet k\u00fcls\u0151 rekonstrukci\u00f3ja is.<\/p>\n<p>Keresztes Eszter<br \/>\nFot\u00f3: Kov\u00e1cs Attila &#8211; Semmelweis Egyetem<\/p>\n<p><em>Cikksorozatunkban egyetemi polg\u00e1rokat k\u00e9r\u00fcnk arra, hogy mutass\u00e1k meg a kedvenc egyetemi helysz\u00edn\u00fcket. Az alap\u00edt\u00e1s 250. jubileuma alkalm\u00e1b\u00f3l ind\u00edtott sorozat tov\u00e1bbi r\u00e9szei megtekinthet\u0151k <a href=\"https:\/\/semmelweis.hu\/250\/\" target=\"_blank\" rel=\"noopener noreferrer\">a Semmelweis 250 honlapon<\/a>.<\/em><\/p>\n","protected":false},"excerpt":{"rendered":"<p>A Rektori Kabinet vezet\u0151je b\u00fcszke arra, hogy r\u00e9szese lehetett az \u00e9p\u00fclet \u00fajj\u00e1sz\u00fclet\u00e9s\u00e9nek.<\/p>\n","protected":false},"author":101132,"featured_media":89892,"comment_status":"closed","ping_status":"closed","sticky":false,"template":"","format":"standard","meta":{"_acf_changed":false,"footnotes":""},"categories":[157,168],"tags":[4221,4237,4218],"class_list":["post-89889","post","type-post","status-publish","format-standard","has-post-thumbnail","hentry","category-semmelweis-vilag","category-kiemelt","tag-az-en-egyetemem","tag-jubileumi-cikksorozat","tag-semmelweis-250"],"acf":[],"_links":{"self":[{"href":"https:\/\/semmelweis.hu\/hirek\/wp-json\/wp\/v2\/posts\/89889","targetHints":{"allow":["GET"]}}],"collection":[{"href":"https:\/\/semmelweis.hu\/hirek\/wp-json\/wp\/v2\/posts"}],"about":[{"href":"https:\/\/semmelweis.hu\/hirek\/wp-json\/wp\/v2\/types\/post"}],"author":[{"embeddable":true,"href":"https:\/\/semmelweis.hu\/hirek\/wp-json\/wp\/v2\/users\/101132"}],"replies":[{"embeddable":true,"href":"https:\/\/semmelweis.hu\/hirek\/wp-json\/wp\/v2\/comments?post=89889"}],"version-history":[{"count":3,"href":"https:\/\/semmelweis.hu\/hirek\/wp-json\/wp\/v2\/posts\/89889\/revisions"}],"predecessor-version":[{"id":89898,"href":"https:\/\/semmelweis.hu\/hirek\/wp-json\/wp\/v2\/posts\/89889\/revisions\/89898"}],"wp:featuredmedia":[{"embeddable":true,"href":"https:\/\/semmelweis.hu\/hirek\/wp-json\/wp\/v2\/media\/89892"}],"wp:attachment":[{"href":"https:\/\/semmelweis.hu\/hirek\/wp-json\/wp\/v2\/media?parent=89889"}],"wp:term":[{"taxonomy":"category","embeddable":true,"href":"https:\/\/semmelweis.hu\/hirek\/wp-json\/wp\/v2\/categories?post=89889"},{"taxonomy":"post_tag","embeddable":true,"href":"https:\/\/semmelweis.hu\/hirek\/wp-json\/wp\/v2\/tags?post=89889"}],"curies":[{"name":"wp","href":"https:\/\/api.w.org\/{rel}","templated":true}]}}