{"id":89311,"date":"2019-09-27T07:00:51","date_gmt":"2019-09-27T05:00:51","guid":{"rendered":"http:\/\/semmelweis.hu\/hirek\/?p=89311"},"modified":"2019-09-27T07:44:57","modified_gmt":"2019-09-27T05:44:57","slug":"ismet-kutatok-ejszakaja-a-semmelweis-egyetemen-is","status":"publish","type":"post","link":"https:\/\/semmelweis.hu\/hirek\/2019\/09\/27\/ismet-kutatok-ejszakaja-a-semmelweis-egyetemen-is\/","title":{"rendered":"Ism\u00e9t Kutat\u00f3k \u00c9jszak\u00e1ja a Semmelweis Egyetemen is"},"content":{"rendered":"<div class=\"lead\">Az idei \u00e9vben a Semmelweis Egyetem huszon\u00f6t helysz\u00ednen 180 programmal v\u00e1rja az \u00e9rdekl\u0151d\u0151ket a Kutat\u00f3k \u00c9jszak\u00e1j\u00e1n, amelyet imm\u00e1r tizennegyedik \u00e9ve szerveznek meg szeptember utols\u00f3 p\u00e9ntek\u00e9n \u00e9s szombatj\u00e1n. Az Eur\u00f3pa-szerte megrendezett ingyenes esem\u00e9nysorozat c\u00e9lja, hogy sz\u00f3rakoztat\u00f3, inspir\u00e1l\u00f3 el\u0151ad\u00e1sokon, k\u00eds\u00e9rleteken, laborbej\u00e1r\u00e1sokon \u00e9s tov\u00e1bbi j\u00e1t\u00e9kos programokon kereszt\u00fcl minden koroszt\u00e1ly megismerkedhessen a tudom\u00e1nyos kutat\u00e1sok \u00faj eredm\u00e9nyeivel.\u00a0<\/div>\n<p>A Fogorvostudom\u00e1nyi Karon a fog\u00e1szati sz\u0171r\u0151vizsg\u00e1lat mellett a t\u00f6bbi k\u00f6z\u00f6tt gyermekeknek oktatj\u00e1k a helyes fogmos\u00e1si technik\u00e1t, valamint a vil\u00e1gszerte egyre n\u00e9pszer\u0171bb e-cigarett\u00e1val kapcsolatos t\u00e9nyeket \u00e9s t\u00e9vhiteket is igyekeznek tudom\u00e1nyos eredm\u00e9nyekkel megc\u00e1folni, illetve al\u00e1t\u00e1masztani. A Sz\u00fcl\u00e9szeti \u00e9s N\u0151gy\u00f3gy\u00e1szati Klinika \u00dcll\u0151i \u00fati r\u00e9szleg\u00e9n id\u0151utaz\u00e1sra h\u00edvj\u00e1k a r\u00e9sztvev\u0151ket, akik bepillant\u00e1st nyerhetnek a klinikai genetika XXI. sz\u00e1zadi v\u00e1rhat\u00f3 \u00fajdons\u00e1gaiba a szem\u00e9lyre szabott medicin\u00e1t\u00f3l kezdve eg\u00e9szen a biohackingig. A Pet\u0151 Andr\u00e1s Karon az \u00f3vod\u00e1ban alkalmazott kutyater\u00e1pia mellett a r\u00e9sztvev\u0151k megismerkedhetnek a stroke-on \u00e1tesett af\u00e1zi\u00e1s betegek, valamint a megk\u00e9sett mozg\u00e1sfejl\u0151d\u00e9s\u0171 csecsem\u0151k fejleszt\u00e9si lehet\u0151s\u00e9geivel, kipr\u00f3b\u00e1lhatj\u00e1k magukat m\u0171v\u00e9szetter\u00e1pi\u00e1s foglalkoz\u00e1sokon \u00e9s be\u00fclhetnek egy &#8222;j\u00e1t\u00e9kos&#8221; matematika \u00f3r\u00e1ra is, m\u00edg a F\u00fcl-Orr-G\u00e9g\u00e9szeti \u00e9s Fej-Nyakseb\u00e9szeti Klinik\u00e1n val\u00f3di l\u00e9zershow v\u00e1rja a fiatalokat, ahol a seb\u00e9szeti l\u00e9zerek alkalmaz\u00e1sainak lehet\u0151s\u00e9geit mutatj\u00e1k be.<\/p>\n<p>Az Anat\u00f3miai, Sz\u00f6vet- \u00e9s Fejl\u0151d\u00e9stani Int\u00e9zetben a b\u00e1trabbak boncteremben is j\u00e1rhatnak, de azt is megtudhatj\u00e1k, milyen rendelleness\u00e9gek, betegs\u00e9gek eset\u00e9n jelenthetnek a madarak seg\u00edts\u00e9get az emberi agym\u0171k\u00f6d\u00e9s jobb meg\u00e9rt\u00e9s\u00e9hez. A Gy\u00f3gyszer\u00fcgyi Szervez\u00e9si Int\u00e9zetben\u00a0 a gyermekgy\u00f3gy\u00e1szatban haszn\u00e1lt t\u00e1pl\u00e1l\u00f3 kever\u00e9kinf\u00fazi\u00f3k elk\u00e9sz\u00edt\u00e9s\u00e9be, az I. Sz. Gyermekgy\u00f3gy\u00e1szati Klinik\u00e1n pedig egy vil\u00e1g\u00edt\u00f3 fon\u00e1lf\u00e9reg\u00a0 k\u00fcl\u00f6nb\u00f6z\u0151 g\u00e9nm\u00f3dos\u00edtott v\u00e1ltozatainak \u00e9let\u00e9be nyerhetnek bepillant\u00e1st a l\u00e1togat\u00f3k. Az Eg\u00e9szs\u00e9gtudom\u00e1nyi Karon a jelenl\u00e9v\u0151k megtudhatj\u00e1k, hogy miben t\u00e9r el egy eg\u00e9szs\u00e9ges \u00e9s egy hangulatzavarral k\u00fczd\u0151 ember nyelvhaszn\u00e1lata, a Sz\u00fcl\u00e9szeti \u00e9s N\u0151gy\u00f3gy\u00e1szati Klinika Baross utcai r\u00e9szleg\u00e9ben a medd\u0151s\u00e9g \u00e9s az endometri\u00f3zis kezel\u00e9si elj\u00e1r\u00e1saival, a III. Sz. Belgy\u00f3gy\u00e1szati Klinika kutat\u00f3laborat\u00f3rium\u00e1ban pedig egy ritka betegs\u00e9g vizsg\u00e1lat\u00e1nak kapcs\u00e1n a plazmacsere k\u00e9sz\u00fcl\u00e9kkel ismerkedhetnek meg az \u00e9rdekl\u0151d\u0151k.<\/p>\n\r\n        [slb_exclude]\r\n        <div class=\"row galeria-wrapper mx-0 h-auto\">\r\n            <div class=\"col-9 pl-0 pr-2\">\r\n            <span class=\"gallery-item frame\">\r\n\t\t\t\t<div class=\"galeria-left-img\"><a href=\"https:\/\/semmelweis.hu\/hirek\/files\/2019\/09\/RS53514_ka-20160930-KA__7262-scr-m\u00e1solata.jpg\"><img src=https:\/\/semmelweis.hu\/hirek\/files\/2019\/09\/RS53514_ka-20160930-KA__7262-scr-m\u00e1solata.jpg  \r\n                            alt=\"\" \r\n                            class=\"attachment-sote-gallery-big size-sote-gallery-big\" \r\n                            srcset=\"https:\/\/semmelweis.hu\/hirek\/files\/2019\/09\/RS53514_ka-20160930-KA__7262-scr-m\u00e1solata-400x267.jpg 400w, https:\/\/semmelweis.hu\/hirek\/files\/2019\/09\/RS53514_ka-20160930-KA__7262-scr-m\u00e1solata-768x512.jpg 768w, https:\/\/semmelweis.hu\/hirek\/files\/2019\/09\/RS53514_ka-20160930-KA__7262-scr-m\u00e1solata-900x600.jpg 900w, https:\/\/semmelweis.hu\/hirek\/files\/2019\/09\/RS53514_ka-20160930-KA__7262-scr-m\u00e1solata-600x400.jpg 600w, https:\/\/semmelweis.hu\/hirek\/files\/2019\/09\/RS53514_ka-20160930-KA__7262-scr-m\u00e1solata-753x502.jpg 753w, https:\/\/semmelweis.hu\/hirek\/files\/2019\/09\/RS53514_ka-20160930-KA__7262-scr-m\u00e1solata-203x135.jpg 203w, https:\/\/semmelweis.hu\/hirek\/files\/2019\/09\/RS53514_ka-20160930-KA__7262-scr-m\u00e1solata.jpg 950w\" ><\/a><\/div>\r\n            <\/span>\r\n\r\n            <\/div>\r\n\r\n\t\t\t<div class=\"col-3 pl-0 pr-0\">\r\n\t\t\t\t<div class=\"galeria-right-img d-flex justify-content-between flex-column h-100 w-100 px-0 mx-0 \">\r\n                <div class=\"galeria-box\">\r\n\t\t\t\t\t<h3 class=\"galeria-title\">Gal\u00e9ria<\/h3>\r\n\t\t\t\t\t<div class=\"galeria-subtitle\">\r\n\r\n\t\t\t\t\t\t<div class=\"galeria-page-counter\"><span>11<\/span>k\u00e9p<\/div>\r\n                    <\/div> <\/div>\r\n                    <span class=\"gallery-item frame d-none d-md-flex\">\r\n\t\t\t\t\t<div class=\"galeria-small-img mt-0\"><a href=\"https:\/\/semmelweis.hu\/hirek\/files\/2019\/09\/RS53580_ka-20160930-KA__7459-scr-m\u00e1solata.jpg\"><img src=https:\/\/semmelweis.hu\/hirek\/files\/2019\/09\/RS53580_ka-20160930-KA__7459-scr-m\u00e1solata.jpg \r\n                                alt=\"\"  \r\n                                class=\"attachment-sote-gallery-small size-sote-gallery-small\" \r\n                                srcset=\"https:\/\/semmelweis.hu\/hirek\/files\/2019\/09\/RS53580_ka-20160930-KA__7459-scr-m\u00e1solata-400x267.jpg 400w, https:\/\/semmelweis.hu\/hirek\/files\/2019\/09\/RS53580_ka-20160930-KA__7459-scr-m\u00e1solata-768x512.jpg 768w, https:\/\/semmelweis.hu\/hirek\/files\/2019\/09\/RS53580_ka-20160930-KA__7459-scr-m\u00e1solata-900x600.jpg 900w, https:\/\/semmelweis.hu\/hirek\/files\/2019\/09\/RS53580_ka-20160930-KA__7459-scr-m\u00e1solata-600x400.jpg 600w, https:\/\/semmelweis.hu\/hirek\/files\/2019\/09\/RS53580_ka-20160930-KA__7459-scr-m\u00e1solata-753x502.jpg 753w, https:\/\/semmelweis.hu\/hirek\/files\/2019\/09\/RS53580_ka-20160930-KA__7459-scr-m\u00e1solata-203x135.jpg 203w, https:\/\/semmelweis.hu\/hirek\/files\/2019\/09\/RS53580_ka-20160930-KA__7459-scr-m\u00e1solata.jpg 950w\" ><\/a><\/div>\r\n                    <\/span>\r\n                    <span class=\"gallery-item frame d-none d-md-flex\">\r\n\t\t\t\t\t<div class=\"galeria-small-img mt-0\"><a href=\"https:\/\/semmelweis.hu\/hirek\/files\/2019\/09\/RS53393_BI_20160930_412-scr-m\u00e1solata.jpg\"><img src=https:\/\/semmelweis.hu\/hirek\/files\/2019\/09\/RS53393_BI_20160930_412-scr-m\u00e1solata.jpg \r\n                                alt=\"\" \r\n                                class=\"attachment-sote-gallery-small size-sote-gallery-small\" \r\n                                srcset=\"https:\/\/semmelweis.hu\/hirek\/files\/2019\/09\/RS53393_BI_20160930_412-scr-m\u00e1solata-400x267.jpg 400w, https:\/\/semmelweis.hu\/hirek\/files\/2019\/09\/RS53393_BI_20160930_412-scr-m\u00e1solata-768x512.jpg 768w, https:\/\/semmelweis.hu\/hirek\/files\/2019\/09\/RS53393_BI_20160930_412-scr-m\u00e1solata-900x600.jpg 900w, https:\/\/semmelweis.hu\/hirek\/files\/2019\/09\/RS53393_BI_20160930_412-scr-m\u00e1solata-600x400.jpg 600w, https:\/\/semmelweis.hu\/hirek\/files\/2019\/09\/RS53393_BI_20160930_412-scr-m\u00e1solata-753x502.jpg 753w, https:\/\/semmelweis.hu\/hirek\/files\/2019\/09\/RS53393_BI_20160930_412-scr-m\u00e1solata-203x135.jpg 203w, https:\/\/semmelweis.hu\/hirek\/files\/2019\/09\/RS53393_BI_20160930_412-scr-m\u00e1solata.jpg 950w\" ><\/a><\/div>\r\n                    <\/span>\r\n\r\n                <\/div>\r\n\r\n            <\/div>\r\n\r\n            <span class=\"gallery-item\"><div class=\"hidden\"><a href=\"https:\/\/semmelweis.hu\/hirek\/files\/2019\/09\/RS53397_BI_20160930_444-scr-m\u00e1solata.jpg\">\r\n        <img src=https:\/\/semmelweis.hu\/hirek\/files\/2019\/09\/RS53397_BI_20160930_444-scr-m\u00e1solata.jpg alt=\"\" class=\"attachment-sote-gallery-big size-sote-gallery-big\" srcset=\"https:\/\/semmelweis.hu\/hirek\/files\/2019\/09\/RS53397_BI_20160930_444-scr-m\u00e1solata-400x267.jpg 400w, https:\/\/semmelweis.hu\/hirek\/files\/2019\/09\/RS53397_BI_20160930_444-scr-m\u00e1solata-768x512.jpg 768w, https:\/\/semmelweis.hu\/hirek\/files\/2019\/09\/RS53397_BI_20160930_444-scr-m\u00e1solata-900x600.jpg 900w, https:\/\/semmelweis.hu\/hirek\/files\/2019\/09\/RS53397_BI_20160930_444-scr-m\u00e1solata-600x400.jpg 600w, https:\/\/semmelweis.hu\/hirek\/files\/2019\/09\/RS53397_BI_20160930_444-scr-m\u00e1solata-753x502.jpg 753w, https:\/\/semmelweis.hu\/hirek\/files\/2019\/09\/RS53397_BI_20160930_444-scr-m\u00e1solata-203x135.jpg 203w, https:\/\/semmelweis.hu\/hirek\/files\/2019\/09\/RS53397_BI_20160930_444-scr-m\u00e1solata.jpg 950w\" >\r\n        <\/a><\/div><\/span><span class=\"gallery-item\"><div class=\"hidden\"><a href=\"https:\/\/semmelweis.hu\/hirek\/files\/2019\/09\/RS53404_BI_20160930_468-scr-m\u00e1solata.jpg\">\r\n        <img src=https:\/\/semmelweis.hu\/hirek\/files\/2019\/09\/RS53404_BI_20160930_468-scr-m\u00e1solata.jpg alt=\"\" class=\"attachment-sote-gallery-big size-sote-gallery-big\" srcset=\"https:\/\/semmelweis.hu\/hirek\/files\/2019\/09\/RS53404_BI_20160930_468-scr-m\u00e1solata-400x267.jpg 400w, https:\/\/semmelweis.hu\/hirek\/files\/2019\/09\/RS53404_BI_20160930_468-scr-m\u00e1solata-768x513.jpg 768w, https:\/\/semmelweis.hu\/hirek\/files\/2019\/09\/RS53404_BI_20160930_468-scr-m\u00e1solata-900x601.jpg 900w, https:\/\/semmelweis.hu\/hirek\/files\/2019\/09\/RS53404_BI_20160930_468-scr-m\u00e1solata-600x400.jpg 600w, https:\/\/semmelweis.hu\/hirek\/files\/2019\/09\/RS53404_BI_20160930_468-scr-m\u00e1solata-753x503.jpg 753w, https:\/\/semmelweis.hu\/hirek\/files\/2019\/09\/RS53404_BI_20160930_468-scr-m\u00e1solata-203x135.jpg 203w, https:\/\/semmelweis.hu\/hirek\/files\/2019\/09\/RS53404_BI_20160930_468-scr-m\u00e1solata.jpg 950w\" >\r\n        <\/a><\/div><\/span><span class=\"gallery-item\"><div class=\"hidden\"><a href=\"https:\/\/semmelweis.hu\/hirek\/files\/2019\/09\/RS53606_ka-20160930-KA__7523-scr.jpg\">\r\n        <img src=https:\/\/semmelweis.hu\/hirek\/files\/2019\/09\/RS53606_ka-20160930-KA__7523-scr.jpg alt=\"\" class=\"attachment-sote-gallery-big size-sote-gallery-big\" srcset=\"https:\/\/semmelweis.hu\/hirek\/files\/2019\/09\/RS53606_ka-20160930-KA__7523-scr-400x267.jpg 400w, https:\/\/semmelweis.hu\/hirek\/files\/2019\/09\/RS53606_ka-20160930-KA__7523-scr-768x512.jpg 768w, https:\/\/semmelweis.hu\/hirek\/files\/2019\/09\/RS53606_ka-20160930-KA__7523-scr-900x600.jpg 900w, https:\/\/semmelweis.hu\/hirek\/files\/2019\/09\/RS53606_ka-20160930-KA__7523-scr-600x400.jpg 600w, https:\/\/semmelweis.hu\/hirek\/files\/2019\/09\/RS53606_ka-20160930-KA__7523-scr-753x502.jpg 753w, https:\/\/semmelweis.hu\/hirek\/files\/2019\/09\/RS53606_ka-20160930-KA__7523-scr-203x135.jpg 203w, https:\/\/semmelweis.hu\/hirek\/files\/2019\/09\/RS53606_ka-20160930-KA__7523-scr.jpg 950w\" >\r\n        <\/a><\/div><\/span><span class=\"gallery-item\"><div class=\"hidden\"><a href=\"https:\/\/semmelweis.hu\/hirek\/files\/2019\/09\/RS53617_ka-20160930-KA__7557-scr.jpg\">\r\n        <img src=https:\/\/semmelweis.hu\/hirek\/files\/2019\/09\/RS53617_ka-20160930-KA__7557-scr.jpg alt=\"\" class=\"attachment-sote-gallery-big size-sote-gallery-big\" srcset=\"https:\/\/semmelweis.hu\/hirek\/files\/2019\/09\/RS53617_ka-20160930-KA__7557-scr-400x267.jpg 400w, https:\/\/semmelweis.hu\/hirek\/files\/2019\/09\/RS53617_ka-20160930-KA__7557-scr-768x512.jpg 768w, https:\/\/semmelweis.hu\/hirek\/files\/2019\/09\/RS53617_ka-20160930-KA__7557-scr-900x600.jpg 900w, https:\/\/semmelweis.hu\/hirek\/files\/2019\/09\/RS53617_ka-20160930-KA__7557-scr-600x400.jpg 600w, https:\/\/semmelweis.hu\/hirek\/files\/2019\/09\/RS53617_ka-20160930-KA__7557-scr-753x502.jpg 753w, https:\/\/semmelweis.hu\/hirek\/files\/2019\/09\/RS53617_ka-20160930-KA__7557-scr-203x135.jpg 203w, https:\/\/semmelweis.hu\/hirek\/files\/2019\/09\/RS53617_ka-20160930-KA__7557-scr.jpg 950w\" >\r\n        <\/a><\/div><\/span><span class=\"gallery-item\"><div class=\"hidden\"><a href=\"https:\/\/semmelweis.hu\/hirek\/files\/2019\/09\/RS53514_ka-20160930-KA__7262-scr-m\u00e1solata-m\u00e1solata.jpg\">\r\n        <img src=https:\/\/semmelweis.hu\/hirek\/files\/2019\/09\/RS53514_ka-20160930-KA__7262-scr-m\u00e1solata-m\u00e1solata.jpg alt=\"\" class=\"attachment-sote-gallery-big size-sote-gallery-big\" srcset=\"https:\/\/semmelweis.hu\/hirek\/files\/2019\/09\/RS53514_ka-20160930-KA__7262-scr-m\u00e1solata-m\u00e1solata-400x267.jpg 400w, https:\/\/semmelweis.hu\/hirek\/files\/2019\/09\/RS53514_ka-20160930-KA__7262-scr-m\u00e1solata-m\u00e1solata-768x512.jpg 768w, https:\/\/semmelweis.hu\/hirek\/files\/2019\/09\/RS53514_ka-20160930-KA__7262-scr-m\u00e1solata-m\u00e1solata-900x600.jpg 900w, https:\/\/semmelweis.hu\/hirek\/files\/2019\/09\/RS53514_ka-20160930-KA__7262-scr-m\u00e1solata-m\u00e1solata-600x400.jpg 600w, https:\/\/semmelweis.hu\/hirek\/files\/2019\/09\/RS53514_ka-20160930-KA__7262-scr-m\u00e1solata-m\u00e1solata-753x502.jpg 753w, https:\/\/semmelweis.hu\/hirek\/files\/2019\/09\/RS53514_ka-20160930-KA__7262-scr-m\u00e1solata-m\u00e1solata-203x135.jpg 203w, https:\/\/semmelweis.hu\/hirek\/files\/2019\/09\/RS53514_ka-20160930-KA__7262-scr-m\u00e1solata-m\u00e1solata.jpg 950w\" >\r\n        <\/a><\/div><\/span><span class=\"gallery-item\"><div class=\"hidden\"><a href=\"https:\/\/semmelweis.hu\/hirek\/files\/2019\/09\/RS23034_KA-20140926-KA-20140926-IMG_2768-kutatok-ejszakaja-scr-m\u00e1solata-m\u00e1solata.jpg\">\r\n        <img src=https:\/\/semmelweis.hu\/hirek\/files\/2019\/09\/RS23034_KA-20140926-KA-20140926-IMG_2768-kutatok-ejszakaja-scr-m\u00e1solata-m\u00e1solata.jpg alt=\"\" class=\"attachment-sote-gallery-big size-sote-gallery-big\" srcset=\"https:\/\/semmelweis.hu\/hirek\/files\/2019\/09\/RS23034_KA-20140926-KA-20140926-IMG_2768-kutatok-ejszakaja-scr-m\u00e1solata-m\u00e1solata-400x267.jpg 400w, https:\/\/semmelweis.hu\/hirek\/files\/2019\/09\/RS23034_KA-20140926-KA-20140926-IMG_2768-kutatok-ejszakaja-scr-m\u00e1solata-m\u00e1solata-768x512.jpg 768w, https:\/\/semmelweis.hu\/hirek\/files\/2019\/09\/RS23034_KA-20140926-KA-20140926-IMG_2768-kutatok-ejszakaja-scr-m\u00e1solata-m\u00e1solata-900x600.jpg 900w, https:\/\/semmelweis.hu\/hirek\/files\/2019\/09\/RS23034_KA-20140926-KA-20140926-IMG_2768-kutatok-ejszakaja-scr-m\u00e1solata-m\u00e1solata-600x400.jpg 600w, https:\/\/semmelweis.hu\/hirek\/files\/2019\/09\/RS23034_KA-20140926-KA-20140926-IMG_2768-kutatok-ejszakaja-scr-m\u00e1solata-m\u00e1solata-753x502.jpg 753w, https:\/\/semmelweis.hu\/hirek\/files\/2019\/09\/RS23034_KA-20140926-KA-20140926-IMG_2768-kutatok-ejszakaja-scr-m\u00e1solata-m\u00e1solata-203x135.jpg 203w, https:\/\/semmelweis.hu\/hirek\/files\/2019\/09\/RS23034_KA-20140926-KA-20140926-IMG_2768-kutatok-ejszakaja-scr-m\u00e1solata-m\u00e1solata.jpg 950w\" >\r\n        <\/a><\/div><\/span><span class=\"gallery-item\"><div class=\"hidden\"><a href=\"https:\/\/semmelweis.hu\/hirek\/files\/2019\/09\/RS36180_20-scr-m\u00e1solata-m\u00e1solata.jpg\">\r\n        <img src=https:\/\/semmelweis.hu\/hirek\/files\/2019\/09\/RS36180_20-scr-m\u00e1solata-m\u00e1solata.jpg alt=\"\" class=\"attachment-sote-gallery-big size-sote-gallery-big\" srcset=\"https:\/\/semmelweis.hu\/hirek\/files\/2019\/09\/RS36180_20-scr-m\u00e1solata-m\u00e1solata-400x267.jpg 400w, https:\/\/semmelweis.hu\/hirek\/files\/2019\/09\/RS36180_20-scr-m\u00e1solata-m\u00e1solata-768x512.jpg 768w, https:\/\/semmelweis.hu\/hirek\/files\/2019\/09\/RS36180_20-scr-m\u00e1solata-m\u00e1solata-900x600.jpg 900w, https:\/\/semmelweis.hu\/hirek\/files\/2019\/09\/RS36180_20-scr-m\u00e1solata-m\u00e1solata-600x400.jpg 600w, https:\/\/semmelweis.hu\/hirek\/files\/2019\/09\/RS36180_20-scr-m\u00e1solata-m\u00e1solata-753x502.jpg 753w, https:\/\/semmelweis.hu\/hirek\/files\/2019\/09\/RS36180_20-scr-m\u00e1solata-m\u00e1solata-203x135.jpg 203w, https:\/\/semmelweis.hu\/hirek\/files\/2019\/09\/RS36180_20-scr-m\u00e1solata-m\u00e1solata.jpg 950w\" >\r\n        <\/a><\/div><\/span><span class=\"gallery-item\"><div class=\"hidden\"><a href=\"https:\/\/semmelweis.hu\/hirek\/files\/2019\/09\/RS36188_28-scr-m\u00e1solata-m\u00e1solata.jpg\">\r\n        <img src=https:\/\/semmelweis.hu\/hirek\/files\/2019\/09\/RS36188_28-scr-m\u00e1solata-m\u00e1solata.jpg alt=\"\" class=\"attachment-sote-gallery-big size-sote-gallery-big\" srcset=\"https:\/\/semmelweis.hu\/hirek\/files\/2019\/09\/RS36188_28-scr-m\u00e1solata-m\u00e1solata-400x267.jpg 400w, https:\/\/semmelweis.hu\/hirek\/files\/2019\/09\/RS36188_28-scr-m\u00e1solata-m\u00e1solata-768x512.jpg 768w, https:\/\/semmelweis.hu\/hirek\/files\/2019\/09\/RS36188_28-scr-m\u00e1solata-m\u00e1solata-900x600.jpg 900w, https:\/\/semmelweis.hu\/hirek\/files\/2019\/09\/RS36188_28-scr-m\u00e1solata-m\u00e1solata-600x400.jpg 600w, https:\/\/semmelweis.hu\/hirek\/files\/2019\/09\/RS36188_28-scr-m\u00e1solata-m\u00e1solata-753x502.jpg 753w, https:\/\/semmelweis.hu\/hirek\/files\/2019\/09\/RS36188_28-scr-m\u00e1solata-m\u00e1solata-203x135.jpg 203w, https:\/\/semmelweis.hu\/hirek\/files\/2019\/09\/RS36188_28-scr-m\u00e1solata-m\u00e1solata.jpg 950w\" >\r\n        <\/a><\/div><\/span>\r\n            <\/div>\r\n\r\n            [\/slb_exclude]\r\n\t\n<p>A Nagyv\u00e1rad t\u00e9ri Elm\u00e9leti T\u00f6mbben a r\u00e9sztvev\u0151k betekint\u00e9st nyerhetnek az emberi agy azon szeglet\u00e9be, mely az \u00e9rzelmek felismer\u00e9s\u00e9\u00e9rt \u00e9s kialak\u00edt\u00e1s\u00e1\u00e9rt felel, a Nukle\u00e1ris Medicina K\u00f6zpontban az ioniz\u00e1l\u00f3 sug\u00e1rz\u00e1sok mindennapi felhaszn\u00e1l\u00e1s\u00e1t, m\u00edg az Orvosi K\u00e9palkot\u00f3 Klinik\u00e1n a g\u00e9pi m\u00e9ly tanul\u00e1son alapul\u00f3 legmodernebb k\u00e9pfelismer\u0151 algoritmusokat ismerhetik meg. A Pszichi\u00e1triai \u00e9s Pszichoter\u00e1pi\u00e1s Klinik\u00e1n a szkizofr\u00e9ni\u00e1hoz kapcsolhat\u00f3, az \u00e9rzelemfeldolgoz\u00e1s\u00e9rt felel\u0151s agyi h\u00e1l\u00f3zatokr\u00f3l; a Biofizikai \u00e9s Sug\u00e1rbiol\u00f3giai Int\u00e9zetben az atomer\u0151-mikroszk\u00f3p m\u0171k\u00f6d\u00e9s\u00e9t\u0151l kezdve, a szuperfelbont\u00e1s\u00fa mikroszk\u00f3pia alapjain kereszt\u00fcl eg\u00e9szen a molekul\u00e1ris er\u0151m\u00e9r\u0151 l\u00e9zercsipesz gyakorlati felhaszn\u00e1l\u00e1s\u00e1ig kaphatnak betekint\u00e9st az \u00e9rdekl\u0151d\u0151k. A Szem\u00e9szeti Klinika interakt\u00edv el\u0151ad\u00e1sa sor\u00e1n a r\u00e9sztvev\u0151k megismerhetik a l\u00e1t\u00e1sjav\u00edt\u00f3 eszk\u00f6z\u00f6k m\u0171k\u00f6d\u00e9si elv\u00e9t \u00e9s hallhatnak leg\u00fajabb m\u00f3dszerekr\u0151l is. A Szerves Vegytani Int\u00e9zetben a megfelel\u0151en hat\u00e1sos, szelekt\u00edv \u00e9s biztons\u00e1gos molekul\u00e1k megtal\u00e1l\u00e1s\u00e1nak kih\u00edv\u00e1sai mellett a k\u00eds\u00e9rletez\u0151 kedv\u0171ek n\u00e9h\u00e1ny l\u00e1tv\u00e1nyos, \u00e9rdekes k\u00e9miai k\u00eds\u00e9rletet is elv\u00e9gezhetnek, m\u00edg a V\u00e1rosmajori Sz\u00edv- \u00e9s \u00c9rgy\u00f3gy\u00e1szati Klinik\u00e1n az egyik leggyorsabban fejl\u0151d\u0151 orvos-m\u00e9rn\u00f6ki ter\u00fclettel, a 3D tervez\u00e9s \u00e9s 3D nyomtat\u00e1s lehet\u0151s\u00e9geivel is megismerkedhetnek az \u00e9rdekl\u0151d\u0151k.<\/p>\n<p>A Farmakol\u00f3giai \u00e9s Farmakoter\u00e1pi\u00e1s Int\u00e9zetben patk\u00e1nyok sz\u00e1m\u00e1ra kital\u00e1lt k\u00fcl\u00f6nf\u00e9le \u00e9rdekes tanul\u00e1si feladatokat mutatnak be, az \u00e9rdekl\u0151d\u0151k m\u00e9rhetik sz\u00edvfunkci\u00f3jukat a legmodernebb eszk\u00f6z\u00f6kkel, valamint betekint\u00e9st nyerhetnek a sz\u00f6vettani munkafolyamatok menet\u00e9be is. A Genetikai, Sejt- \u00e9s Immunbiol\u00f3giai Int\u00e9zet munkat\u00e1rsai a szem\u00e9lyre szabhat\u00f3 gy\u00f3gyszerel\u00e9st \u00e9s ter\u00e1pi\u00e1kat, valamint a sejtek vizsg\u00e1lati \u00e9s a leuk\u00e9mia c\u00e9lzott kezel\u00e9si lehet\u0151s\u00e9geit mutatj\u00e1k be. A Gy\u00f3gyszerhat\u00e1stani Int\u00e9zetben a depresszi\u00f3 kialakul\u00e1s\u00e1r\u00f3l \u00e9s az a m\u00f6g\u00f6tt \u00e1ll\u00f3 genetikus \u00e9s k\u00f6rnyezeti hat\u00e1sokr\u00f3l, m\u00edg az Orvosi Mikrobiol\u00f3giai Int\u00e9zetben az \u00f3kort\u00f3l a XX. sz\u00e1zadig a szexu\u00e1lis \u00faton terjed\u0151 fert\u0151z\u00e9sek elterjed\u00e9s\u00e9r\u0151l, a korra jellemz\u0151 gy\u00f3gy\u00edt\u00e1sukr\u00f3l is sz\u00f3 esik, valamint m\u0171t\u0151termi bemutat\u00f3 keret\u00e9ben a seb\u00e9szeti gyakorlatban haszn\u00e1lt fontosabb eszk\u00f6z\u00f6ket, csom\u00f3z\u00e1si m\u00f3dszereket \u00e9s varratt\u00edpusokat is kipr\u00f3b\u00e1lhatj\u00e1k az \u00e9rdekl\u0151d\u0151k.<\/p>\n<p>Az \u00c9lettani Int\u00e9zetben a cirkadi\u00e1n ritmus mindennapi \u00e9let\u00fcnkben bet\u00f6lt\u00f6tt szerep\u00e9r\u0151l \u00e9s a m\u00e1trix \u00e9lettanr\u00f3l hallgathatnak meg el\u0151ad\u00e1st a l\u00e1togat\u00f3k, az Orvosi Vegytani, Molekul\u00e1ris Biol\u00f3giai \u00e9s Patobiok\u00e9miai Int\u00e9zetben \u00e9rdekes biok\u00e9miai k\u00eds\u00e9rletek \u00e9s a vegy\u00fcletek jellegzetes t\u00e9rszerkezet\u00e9nek bemutat\u00e1sa mellett pedig arra keresik a v\u00e1laszt, hogy vajon milyen molekul\u00e1ris folyamatok \u00e1llnak a gyullad\u00e1sok m\u00f6g\u00f6tt \u2013 hasonl\u00f3an a Transzl\u00e1ci\u00f3s Medicina Int\u00e9zethez, ahol szint\u00e9n a gyullad\u00e1sos folyamatok \u00faj felfog\u00e1son alapul\u00f3 modellj\u00e9vel ismertetik meg a l\u00e1togat\u00f3kat.\u00a0<\/p>\n<p>A szervez\u0151k \u00fagy v\u00e9lik, hogy a kutat\u00e1s-fejleszt\u00e9s \u00e9s az innov\u00e1ci\u00f3; az \u00faj, tud\u00e1sintenz\u00edv term\u00e9kek el\u0151\u00e1ll\u00edt\u00e1sa Eur\u00f3pa j\u00f6v\u0151beli versenyk\u00e9pess\u00e9g\u00e9nek a z\u00e1loga, \u00e9ppen ez\u00e9rt kiemelt fontoss\u00e1g\u00fa a kutat\u00f3 bemutat\u00e1sa a t\u00e1rsadalomnak \u00e9s a fiatalok figyelm\u00e9nek felh\u00edv\u00e1sa a kutat\u00f3i \u00e9s fejleszt\u0151i karrier lehet\u0151s\u00e9g\u00e9re.<\/p>\n<p><a href=\"https:\/\/www.kutatokejszakaja.hu\/\" target=\"_blank\" rel=\"noopener noreferrer\">A programokra a Kutat\u00f3k \u00c9jszak\u00e1ja honlapon lehet regisztr\u00e1lni.\u00a0<\/a><\/p>\n<p>Vona Zs\u00f3fia<br \/>\nFot\u00f3: Kov\u00e1cs Attila &#8211; Semmelweis Egyetem<\/p>\n","protected":false},"excerpt":{"rendered":"<p>180 programmal v\u00e1rj\u00e1k az \u00e9rdekl\u0151d\u0151ket az egyetem 25 helysz\u00edn\u00e9n az idei esem\u00e9nyen.<\/p>\n","protected":false},"author":101255,"featured_media":89373,"comment_status":"closed","ping_status":"closed","sticky":false,"template":"","format":"standard","meta":{"_acf_changed":false,"footnotes":""},"categories":[157,168],"tags":[2002],"class_list":["post-89311","post","type-post","status-publish","format-standard","has-post-thumbnail","hentry","category-semmelweis-vilag","category-kiemelt","tag-kutatok_ejszakaja"],"acf":[],"_links":{"self":[{"href":"https:\/\/semmelweis.hu\/hirek\/wp-json\/wp\/v2\/posts\/89311","targetHints":{"allow":["GET"]}}],"collection":[{"href":"https:\/\/semmelweis.hu\/hirek\/wp-json\/wp\/v2\/posts"}],"about":[{"href":"https:\/\/semmelweis.hu\/hirek\/wp-json\/wp\/v2\/types\/post"}],"author":[{"embeddable":true,"href":"https:\/\/semmelweis.hu\/hirek\/wp-json\/wp\/v2\/users\/101255"}],"replies":[{"embeddable":true,"href":"https:\/\/semmelweis.hu\/hirek\/wp-json\/wp\/v2\/comments?post=89311"}],"version-history":[{"count":9,"href":"https:\/\/semmelweis.hu\/hirek\/wp-json\/wp\/v2\/posts\/89311\/revisions"}],"predecessor-version":[{"id":89394,"href":"https:\/\/semmelweis.hu\/hirek\/wp-json\/wp\/v2\/posts\/89311\/revisions\/89394"}],"wp:featuredmedia":[{"embeddable":true,"href":"https:\/\/semmelweis.hu\/hirek\/wp-json\/wp\/v2\/media\/89373"}],"wp:attachment":[{"href":"https:\/\/semmelweis.hu\/hirek\/wp-json\/wp\/v2\/media?parent=89311"}],"wp:term":[{"taxonomy":"category","embeddable":true,"href":"https:\/\/semmelweis.hu\/hirek\/wp-json\/wp\/v2\/categories?post=89311"},{"taxonomy":"post_tag","embeddable":true,"href":"https:\/\/semmelweis.hu\/hirek\/wp-json\/wp\/v2\/tags?post=89311"}],"curies":[{"name":"wp","href":"https:\/\/api.w.org\/{rel}","templated":true}]}}