{"id":8930,"date":"2011-12-05T07:19:27","date_gmt":"2011-12-05T06:19:27","guid":{"rendered":"http:\/\/semmelweis-egyetem.hu\/hirek\/?p=8930"},"modified":"2020-02-26T13:33:01","modified_gmt":"2020-02-26T12:33:01","slug":"tudott-hitt-es-cselekedett-semmelweis-ignac-emlekerem-dr-mandl-jozsefnek","status":"publish","type":"post","link":"https:\/\/semmelweis.hu\/hirek\/2011\/12\/05\/tudott-hitt-es-cselekedett-semmelweis-ignac-emlekerem-dr-mandl-jozsefnek\/","title":{"rendered":"VIDE\u00d3: Semmelweis Ign\u00e1c eml\u00e9k\u00e9rem dr. Mandl J\u00f3zsefnek"},"content":{"rendered":"<p><iframe loading=\"lazy\" title=\"Semmelweis Ign\u00e1c eml\u00e9k\u00e9rem Dr. Mandl J\u00f3zsefnek\" width=\"753\" height=\"424\" src=\"https:\/\/www.youtube.com\/embed\/IfNPFYjyS9I?feature=oembed\" frameborder=\"0\" allow=\"accelerometer; autoplay; encrypted-media; gyroscope; picture-in-picture\" allowfullscreen><\/iframe><\/p>\n<p><a href=\"https:\/\/semmelweis.hu\/hirek\/files\/2011\/11\/szakmai-CV-Mandl-J\u00f3zsef.doc\">\u201eDr. Mandl J\u00f3zsef<\/a> 1992 \u00f3ta a Semmelweis Egyetem Orvosi Vegytani, Molekul\u00e1ris Biol\u00f3giai \u00e9s Pathobiok\u00e9miai Int\u00e9zet\u00e9nek tansz\u00e9kvezet\u0151 tan\u00e1ra. Kutat\u00e1saiban a biotranszform\u00e1ci\u00f3, m\u00e1jm\u0171k\u00f6d\u00e9s, antioxid\u00e1ns, endoplazmatikus retikulum m\u0171k\u00f6d\u00e9si mechanizmusait igyekszik felt\u00e1rni. Munk\u00e1ss\u00e1ga nagym\u00e9rt\u00e9kben j\u00e1rult hozz\u00e1 ahhoz, hogy az emberi szervezet biok\u00e9miai folyamatait m\u00e9lyebben megismerhess\u00fck\u201d \u2013 emelte ki dr. Kellermayer Mikl\u00f3s tudom\u00e1nyos rektorhelyettes a Semmelweis Ign\u00e1c eml\u00e9k\u00e9rem \u00e9s d\u00edszoklev\u00e9l \u00e1tad\u00f3 tudom\u00e1nyos \u00fcl\u00e9s megnyit\u00f3j\u00e1n. \u201eKutat\u00e1sszervez\u00e9si \u00e9s iskolateremt\u0151 aktivit\u00e1sa kiemelked\u0151, szem\u00e9ly\u00e9ben olyan egyetemi tan\u00e1runkat tisztelhetj\u00fck, aki a Semmelweis Egyetem keretein t\u00fal a hazai \u00e9s a nemzetk\u00f6zi tudom\u00e1nyos \u00e9let egyar\u00e1nt meghat\u00e1roz\u00f3 alakja.\u201d<\/p>\n<p><img loading=\"lazy\" decoding=\"async\" class=\"size-medium wp-image-8940 alignleft\" src=\"https:\/\/semmelweis.hu\/hirek\/files\/2011\/11\/IMG_8347-199x300.jpg\" alt=\"\" width=\"199\" height=\"300\" srcset=\"https:\/\/semmelweis.hu\/hirek\/files\/2011\/11\/IMG_8347-199x300.jpg 199w, https:\/\/semmelweis.hu\/hirek\/files\/2011\/11\/IMG_8347-266x400.jpg 266w, https:\/\/semmelweis.hu\/hirek\/files\/2011\/11\/IMG_8347.jpg 355w\" sizes=\"auto, (max-width: 199px) 100vw, 199px\" \/>Dr. Mandl J\u00f3zsef egyetemi tan\u00e1r, igazgat\u00f3, az MTA rendes tagja kapta a Semmelweis Ign\u00e1c eml\u00e9k\u00e9rmet, mellyel az egyetem <a href=\"https:\/\/semmelweis.hu\/hirek\/files\/2011\/11\/Semmelweis-Ign\u00e1c-d\u00edjazottak.doc\">\u00f6tvennegyedik alkalommal<\/a> t\u00fcntette ki az orvostudom\u00e1ny egy-egy kiemelked\u0151 m\u0171vel\u0151j\u00e9t. A SE jogel\u0151dje 1959-ben alap\u00edtotta a magyar orvostudom\u00e1ny fejleszt\u00e9se \u00e9s a tudom\u00e1nyos munk\u00e1ra val\u00f3 serkent\u00e9s c\u00e9lj\u00e1b\u00f3l az egyetem n\u00e9vad\u00f3j\u00e1r\u00f3l, egykori tan\u00e1r\u00e1r\u00f3l elnevezett kit\u00fcntet\u00e9st.<\/p>\n<p>\u201eHinni a tud\u00e1sban\u201d &#8211; dr. Kellermayer Mikl\u00f3s az eml\u00e9k\u00fcl\u00e9s megnyit\u00f3j\u00e1n hangs\u00falyozta Semmelweis \u00e9let\u00e9nek, tetteinek, cselekedeteinek gener\u00e1ci\u00f3kon, \u00e9vsz\u00e1zadokon \u00e1t\u00edvel\u0151 \u00fczenet\u00e9t. A tud\u00e1sba vetett hit ind\u00edtotta \u00fatnak a csillag megjelen\u00e9sekor a h\u00e1rom b\u00f6lcs kir\u00e1lyt t\u00f6bb mint 2000 \u00e9vvel ezel\u0151tt, ugyanebben az adventi id\u0151szakban. Emiatt mert bele\u00fclni egy ifj\u00fa fizikus, Simonyi K\u00e1roly 1951-ben egy egymilli\u00f3 voltos elektr\u00f3da belsej\u00e9be Sopronban, hogy bizony\u00edtsa: b\u00e1rmekkora az elektr\u00f3da fesz\u00fclts\u00e9ge, k\u00f6zep\u00e9ben az elektromos t\u00e9rer\u0151 nulla. Ugyanez a hit vez\u00e9relte Semmelweis Ign\u00e1cot eg\u00e9sz \u00e9let\u00e9ben. Felfedezett, tudott valamit, de ezt nem csup\u00e1n k\u00f6z\u00f6lte: Karrierj\u00e9t, \u00e1ll\u00e1s\u00e1t kock\u00e1ztatta, mert tudott, hitt \u00e9s cselekedett.<\/p>\n<figure id=\"attachment_8931\" aria-describedby=\"caption-attachment-8931\" style=\"width: 225px\" class=\"wp-caption alignright\"><a href=\"https:\/\/semmelweis.hu\/hirek\/files\/2011\/11\/semmelweis2.jpg\"><img loading=\"lazy\" decoding=\"async\" class=\"size-medium wp-image-8931\" src=\"https:\/\/semmelweis.hu\/hirek\/files\/2011\/11\/semmelweis2-225x300.jpg\" alt=\"\" width=\"225\" height=\"300\" srcset=\"https:\/\/semmelweis.hu\/hirek\/files\/2011\/11\/semmelweis2-225x300.jpg 225w, https:\/\/semmelweis.hu\/hirek\/files\/2011\/11\/semmelweis2-300x400.jpg 300w, https:\/\/semmelweis.hu\/hirek\/files\/2011\/11\/semmelweis2.jpg 600w\" sizes=\"auto, (max-width: 225px) 100vw, 225px\" \/><\/a><figcaption id=\"caption-attachment-8931\" class=\"wp-caption-text\">International Museum of Surgical Science: Hall of immortals<\/figcaption><\/figure>\n<p>A Magyar Tudom\u00e1ny \u00dcnnep\u00e9hez kapcsol\u00f3d\u00f3 tudom\u00e1nyos \u00fcl\u00e9sen dr. Mandl J\u00f3zsef el\u0151ad\u00e1s\u00e1ban megeml\u00e9kezett Semmelweis egyik legfontosabb tudom\u00e1nyos megfigyel\u00e9s\u00e9r\u0151l, a szepszisr\u0151l \u00e9s annak saj\u00e1t kutat\u00e1s\u00e1hoz f\u0171z\u0151d\u0151 kapcsolat\u00e1r\u00f3l. \u201eTudjuk, hogy a szepszis az eg\u00e9sz szervezetre kiterjed\u0151, szab\u00e1lyozatlan, \u00f6nfenntart\u00f3v\u00e1 v\u00e1l\u00f3 generaliz\u00e1lt gyullad\u00e1s \u00e9s l\u00e9trej\u00f6tt\u00e9nek egyik alapvet\u0151 oka, hogy a gyullad\u00e1st l\u00e9trehoz\u00f3 \u00e9s g\u00e1tl\u00f3 rendszerek egyens\u00falya megborul. Napjaink egyik legizgalmasabb k\u00e9rd\u00e9se, hogy mi az \u00e9lettani hat\u00e1sa a gyullad\u00e1snak.\u201d Stresszhelyzetek, egyens\u00falyok c\u00edm\u0171 el\u0151ad\u00e1sa v\u00e9g\u00e9n m\u00e9ltatta azt a teljes klinikai kutat\u00e1st, melyet Semmelweis a szabads\u00e1gharc ut\u00e1n a Bach-korszak Magyarorsz\u00e1g\u00e1ban v\u00e9gigvitt. \u201eVolt egy megfigyel\u00e9se, ami a beteg\u00e1gyt\u00f3l indult. Egy hipot\u00e9zise. Ezt sokr\u00e9t\u0171en igazolta patol\u00f3giai, klinikai \u00e9s epidemiol\u00f3giai m\u00f3dszerekkel, \u00e1llatk\u00eds\u00e9rleteket v\u00e9gzett, fel\u00e1ll\u00edtott egy megold\u00e1si elk\u00e9pzel\u00e9st \u00e9s azt is igazolta.\u201d dr. Mandl J\u00f3zsef kiemelte: \u00dagy \u00e9rzi, ezt d\u00edjazta a vil\u00e1g szakmai k\u00f6zv\u00e9lem\u00e9nye p\u00e9ld\u00e1ul azzal, hogy Chicagoban t\u00f6bbsz\u00e1z orvos titkos szavaz\u00e1sa alapj\u00e1n Hippokrat\u00e9sszel, Listerrel, Pasteurral \u00e9s R\u00f6ntgennel egy\u00fctt Semmelweis is helyet kapott a halhatatlanok k\u00f6z\u00f6tt.<\/p>\n\r\n        [slb_exclude]\r\n        <div class=\"row galeria-wrapper mx-0 h-auto\">\r\n            <div class=\"col-9 pl-0 pr-2\">\r\n            <span class=\"gallery-item frame\">\r\n\t\t\t\t<div class=\"galeria-left-img\"><a href=\"https:\/\/semmelweis.hu\/hirek\/files\/2011\/11\/IMG_8347.jpg\"><img src=https:\/\/semmelweis.hu\/hirek\/files\/2011\/11\/IMG_8347.jpg  \r\n                            alt=\"\" \r\n                            class=\"attachment-sote-gallery-big size-sote-gallery-big\" \r\n                            srcset=\"https:\/\/semmelweis.hu\/hirek\/files\/2011\/11\/IMG_8347-199x300.jpg 199w, https:\/\/semmelweis.hu\/hirek\/files\/2011\/11\/IMG_8347-266x400.jpg 266w, https:\/\/semmelweis.hu\/hirek\/files\/2011\/11\/IMG_8347.jpg 355w\" ><\/a><\/div>\r\n            <\/span>\r\n\r\n            <\/div>\r\n\r\n\t\t\t<div class=\"col-3 pl-0 pr-0\">\r\n\t\t\t\t<div class=\"galeria-right-img d-flex justify-content-between flex-column h-100 w-100 px-0 mx-0 \">\r\n                <div class=\"galeria-box\">\r\n\t\t\t\t\t<h3 class=\"galeria-title\">Gal\u00e9ria<\/h3>\r\n\t\t\t\t\t<div class=\"galeria-subtitle\">\r\n\r\n\t\t\t\t\t\t<div class=\"galeria-page-counter\"><span>9<\/span>k\u00e9p<\/div>\r\n                    <\/div> <\/div>\r\n                    <span class=\"gallery-item frame d-none d-md-flex\">\r\n\t\t\t\t\t<div class=\"galeria-small-img mt-0\"><a href=\"https:\/\/semmelweis.hu\/hirek\/files\/2011\/12\/IMG_8308.jpg\"><img src=https:\/\/semmelweis.hu\/hirek\/files\/2011\/12\/IMG_8308.jpg \r\n                                alt=\"\"  \r\n                                class=\"attachment-sote-gallery-small size-sote-gallery-small\" \r\n                                srcset=\"https:\/\/semmelweis.hu\/hirek\/files\/2011\/12\/IMG_8308-300x199.jpg 300w, https:\/\/semmelweis.hu\/hirek\/files\/2011\/12\/IMG_8308-600x400.jpg 600w, https:\/\/semmelweis.hu\/hirek\/files\/2011\/12\/IMG_8308.jpg 800w\" ><\/a><\/div>\r\n                    <\/span>\r\n                    <span class=\"gallery-item frame d-none d-md-flex\">\r\n\t\t\t\t\t<div class=\"galeria-small-img mt-0\"><a href=\"https:\/\/semmelweis.hu\/hirek\/files\/2011\/12\/IMG_8313.jpg\"><img src=https:\/\/semmelweis.hu\/hirek\/files\/2011\/12\/IMG_8313.jpg \r\n                                alt=\"\" \r\n                                class=\"attachment-sote-gallery-small size-sote-gallery-small\" \r\n                                srcset=\"https:\/\/semmelweis.hu\/hirek\/files\/2011\/12\/IMG_8313-199x300.jpg 199w, https:\/\/semmelweis.hu\/hirek\/files\/2011\/12\/IMG_8313-266x400.jpg 266w, https:\/\/semmelweis.hu\/hirek\/files\/2011\/12\/IMG_8313.jpg 355w\" ><\/a><\/div>\r\n                    <\/span>\r\n\r\n                <\/div>\r\n\r\n            <\/div>\r\n\r\n            <span class=\"gallery-item\"><div class=\"hidden\"><a href=\"https:\/\/semmelweis.hu\/hirek\/files\/2011\/12\/IMG_8316.jpg\">\r\n        <img src=https:\/\/semmelweis.hu\/hirek\/files\/2011\/12\/IMG_8316.jpg alt=\"\" class=\"attachment-sote-gallery-big size-sote-gallery-big\" srcset=\"https:\/\/semmelweis.hu\/hirek\/files\/2011\/12\/IMG_8316-199x300.jpg 199w, https:\/\/semmelweis.hu\/hirek\/files\/2011\/12\/IMG_8316-266x400.jpg 266w, https:\/\/semmelweis.hu\/hirek\/files\/2011\/12\/IMG_8316.jpg 355w\" >\r\n        <\/a><\/div><\/span><span class=\"gallery-item\"><div class=\"hidden\"><a href=\"https:\/\/semmelweis.hu\/hirek\/files\/2011\/12\/IMG_8335.jpg\">\r\n        <img src=https:\/\/semmelweis.hu\/hirek\/files\/2011\/12\/IMG_8335.jpg alt=\"\" class=\"attachment-sote-gallery-big size-sote-gallery-big\" srcset=\"https:\/\/semmelweis.hu\/hirek\/files\/2011\/12\/IMG_8335-300x199.jpg 300w, https:\/\/semmelweis.hu\/hirek\/files\/2011\/12\/IMG_8335-600x400.jpg 600w, https:\/\/semmelweis.hu\/hirek\/files\/2011\/12\/IMG_8335.jpg 800w\" >\r\n        <\/a><\/div><\/span><span class=\"gallery-item\"><div class=\"hidden\"><a href=\"https:\/\/semmelweis.hu\/hirek\/files\/2011\/12\/IMG_8339.jpg\">\r\n        <img src=https:\/\/semmelweis.hu\/hirek\/files\/2011\/12\/IMG_8339.jpg alt=\"\" class=\"attachment-sote-gallery-big size-sote-gallery-big\" srcset=\"https:\/\/semmelweis.hu\/hirek\/files\/2011\/12\/IMG_8339-300x211.jpg 300w, https:\/\/semmelweis.hu\/hirek\/files\/2011\/12\/IMG_8339-567x400.jpg 567w, https:\/\/semmelweis.hu\/hirek\/files\/2011\/12\/IMG_8339.jpg 756w\" >\r\n        <\/a><\/div><\/span><span class=\"gallery-item\"><div class=\"hidden\"><a href=\"https:\/\/semmelweis.hu\/hirek\/files\/2011\/12\/IMG_8341.jpg\">\r\n        <img src=https:\/\/semmelweis.hu\/hirek\/files\/2011\/12\/IMG_8341.jpg alt=\"\" class=\"attachment-sote-gallery-big size-sote-gallery-big\" srcset=\"https:\/\/semmelweis.hu\/hirek\/files\/2011\/12\/IMG_8341-300x218.jpg 300w, https:\/\/semmelweis.hu\/hirek\/files\/2011\/12\/IMG_8341-548x400.jpg 548w, https:\/\/semmelweis.hu\/hirek\/files\/2011\/12\/IMG_8341.jpg 731w\" >\r\n        <\/a><\/div><\/span><span class=\"gallery-item\"><div class=\"hidden\"><a href=\"https:\/\/semmelweis.hu\/hirek\/files\/2011\/11\/semmelweis2.jpg\">\r\n        <img src=https:\/\/semmelweis.hu\/hirek\/files\/2011\/11\/semmelweis2.jpg alt=\"International Museum of Surgical Science: Hall of immortals\" class=\"attachment-sote-gallery-big size-sote-gallery-big\" srcset=\"https:\/\/semmelweis.hu\/hirek\/files\/2011\/11\/semmelweis2-225x300.jpg 225w, https:\/\/semmelweis.hu\/hirek\/files\/2011\/11\/semmelweis2-300x400.jpg 300w, https:\/\/semmelweis.hu\/hirek\/files\/2011\/11\/semmelweis2.jpg 600w\" >\r\n        <\/a><\/div><\/span><span class=\"gallery-item\"><div class=\"hidden\"><a href=\"https:\/\/semmelweis.hu\/hirek\/files\/2011\/11\/IMG_8352.jpg\">\r\n        <img src=https:\/\/semmelweis.hu\/hirek\/files\/2011\/11\/IMG_8352.jpg alt=\"\" class=\"attachment-sote-gallery-big size-sote-gallery-big\" srcset=\"https:\/\/semmelweis.hu\/hirek\/files\/2011\/11\/IMG_8352-300x210.jpg 300w, https:\/\/semmelweis.hu\/hirek\/files\/2011\/11\/IMG_8352-569x400.jpg 569w, https:\/\/semmelweis.hu\/hirek\/files\/2011\/11\/IMG_8352.jpg 759w\" >\r\n        <\/a><\/div><\/span>\r\n            <\/div>\r\n\r\n            [\/slb_exclude]\r\n\t\n","protected":false},"excerpt":{"rendered":"<p><a href=\"https:\/\/semmelweis.hu\/hirek\/files\/2011\/11\/szakmai-CV-Mandl-J\u00f3zsef.doc\">\u201eDr. Mandl J\u00f3zsef<\/a> 1992 \u00f3ta a Semmelweis Egyetem Orvosi Vegytani, Molekul\u00e1ris Biol\u00f3giai \u00e9s Pathobiok\u00e9miai Int\u00e9zet\u00e9nek tansz\u00e9kvezet\u0151 tan\u00e1ra. Kutat\u00e1saiban a biotranszform\u00e1ci\u00f3, m\u00e1jm\u0171k\u00f6d\u00e9s, antioxid\u00e1ns, endoplazmatikus retikulum m\u0171k\u00f6d\u00e9si mechanizmusait igyekszik felt\u00e1rni. Munk\u00e1ss\u00e1ga nagym\u00e9rt\u00e9kben j\u00e1rult hozz\u00e1 ahhoz, hogy az emberi szervezet biok\u00e9miai folyamatait m\u00e9lyebben megismerhess\u00fck\u201d \u2013 emelte ki dr. Kellermayer Mikl\u00f3s tudom\u00e1nyos rektorhelyettes a Semmelweis Ign\u00e1c eml\u00e9k\u00e9rem \u00e9s d\u00edszoklev\u00e9l \u00e1tad\u00f3 tudom\u00e1nyos \u00fcl\u00e9s &hellip;<\/p>\n","protected":false},"author":10,"featured_media":8939,"comment_status":"closed","ping_status":"open","sticky":false,"template":"","format":"standard","meta":{"_acf_changed":false,"footnotes":""},"categories":[161,168],"tags":[2569,357,188],"class_list":["post-8930","post","type-post","status-publish","format-standard","has-post-thumbnail","hentry","category-tudomany","category-kiemelt","tag-galeria","tag-semmelweis-ignac","tag-tudomanyos-hirek-rendezvenyek"],"acf":[],"_links":{"self":[{"href":"https:\/\/semmelweis.hu\/hirek\/wp-json\/wp\/v2\/posts\/8930","targetHints":{"allow":["GET"]}}],"collection":[{"href":"https:\/\/semmelweis.hu\/hirek\/wp-json\/wp\/v2\/posts"}],"about":[{"href":"https:\/\/semmelweis.hu\/hirek\/wp-json\/wp\/v2\/types\/post"}],"author":[{"embeddable":true,"href":"https:\/\/semmelweis.hu\/hirek\/wp-json\/wp\/v2\/users\/10"}],"replies":[{"embeddable":true,"href":"https:\/\/semmelweis.hu\/hirek\/wp-json\/wp\/v2\/comments?post=8930"}],"version-history":[{"count":6,"href":"https:\/\/semmelweis.hu\/hirek\/wp-json\/wp\/v2\/posts\/8930\/revisions"}],"predecessor-version":[{"id":94770,"href":"https:\/\/semmelweis.hu\/hirek\/wp-json\/wp\/v2\/posts\/8930\/revisions\/94770"}],"wp:featuredmedia":[{"embeddable":true,"href":"https:\/\/semmelweis.hu\/hirek\/wp-json\/wp\/v2\/media\/8939"}],"wp:attachment":[{"href":"https:\/\/semmelweis.hu\/hirek\/wp-json\/wp\/v2\/media?parent=8930"}],"wp:term":[{"taxonomy":"category","embeddable":true,"href":"https:\/\/semmelweis.hu\/hirek\/wp-json\/wp\/v2\/categories?post=8930"},{"taxonomy":"post_tag","embeddable":true,"href":"https:\/\/semmelweis.hu\/hirek\/wp-json\/wp\/v2\/tags?post=8930"}],"curies":[{"name":"wp","href":"https:\/\/api.w.org\/{rel}","templated":true}]}}