{"id":89019,"date":"2019-09-17T11:16:39","date_gmt":"2019-09-17T09:16:39","guid":{"rendered":"http:\/\/semmelweis.hu\/hirek\/?p=89019"},"modified":"2020-02-06T14:36:33","modified_gmt":"2020-02-06T13:36:33","slug":"a-bakonyban-kezdodott-az-egyetem-jubileumi-250-kilometeres-emlekturaja","status":"publish","type":"post","link":"https:\/\/semmelweis.hu\/hirek\/2019\/09\/17\/a-bakonyban-kezdodott-az-egyetem-jubileumi-250-kilometeres-emlekturaja\/","title":{"rendered":"A Bakonyban kezd\u0151d\u00f6tt az egyetem jubileumi 250 kilom\u00e9teres eml\u00e9kt\u00far\u00e1ja"},"content":{"rendered":"<div class=\"lead\">K\u00e9tszer 25 kilom\u00e9teres gyalogos eml\u00e9kt\u00far\u00e1val indult az egyetem alap\u00edt\u00e1s\u00e1nak 250 \u00e9ves \u00e9vfordul\u00f3ja alkalm\u00e1b\u00f3l a Testnevel\u00e9si \u00e9s Sportk\u00f6zpont \u00e1ltal szervezett szabadid\u0151s programsorozat. Az \u00f6sszesen 250 km-es t\u00e1v els\u0151 \u00e1llom\u00e1sa a Bakony egyik t\u00fara\u00fatvonal\u00e1n vezetett v\u00e9gig, a h\u00e9tv\u00e9gi esem\u00e9nyen egyetemi hallgat\u00f3k \u00e9s munkat\u00e1rsak is r\u00e9szt vettek.<\/div>\n<p>Az egyetemi sportk\u00f6zpont a 250. jubileum alkalm\u00e1b\u00f3l sz\u00e1mos egy\u00e9b sportprogram mellett egy gyalogos t\u00farasorozattal tiszteleg Semmelweis Ign\u00e1c munk\u00e1ss\u00e1ga \u00e9s \u00e9let\u00fatja el\u0151tt. Az egyes t\u00far\u00e1k \u00fatvonala haz\u00e1nk k\u00fcl\u00f6nb\u00f6z\u0151 t\u00e1jain vezet v\u00e9gig \u2013 Bakony, M\u00e1tra, V\u00e9rtes, B\u00f6rzs\u00f6ny \u00e9s Pilis \u2013 \u00edgy lehet\u0151s\u00e9g ny\u00edlik az orsz\u00e1g t\u00f6bb hegys\u00e9g\u00e9nek, r\u00e9gi\u00f3j\u00e1nak megismer\u00e9s\u00e9re. A 250 km-es, valamint a 100 km-es t\u00e1vot a tan\u00e9v folyam\u00e1n t\u00f6bb r\u00e9szletben teljes\u00edtik a r\u00e9sztvev\u0151k. A k\u00e9tnapos t\u00far\u00e1kra \u00f6sszesen \u00f6t alkalommal v\u00e1rj\u00e1k az \u00e9rdekl\u0151d\u0151ket, \u00e9s n\u00e9gy alkalommal hirdetnek egynapos 20-25 km-es t\u00far\u00e1kat is.<\/p>\n<p><a href=\"https:\/\/semmelweis.hu\/hirek\/files\/2019\/09\/IMG_20190914_130210.jpg\"><img loading=\"lazy\" decoding=\"async\" class=\"alignleft wp-image-89031\" src=\"https:\/\/semmelweis.hu\/hirek\/files\/2019\/09\/IMG_20190914_130210-600x800.jpg\" alt=\"gyalogtura_bakony\" width=\"358\" height=\"477\" srcset=\"https:\/\/semmelweis.hu\/hirek\/files\/2019\/09\/IMG_20190914_130210-600x800.jpg 600w, https:\/\/semmelweis.hu\/hirek\/files\/2019\/09\/IMG_20190914_130210-300x400.jpg 300w, https:\/\/semmelweis.hu\/hirek\/files\/2019\/09\/IMG_20190914_130210-768x1024.jpg 768w, https:\/\/semmelweis.hu\/hirek\/files\/2019\/09\/IMG_20190914_130210-753x1004.jpg 753w, https:\/\/semmelweis.hu\/hirek\/files\/2019\/09\/IMG_20190914_130210.jpg 1000w\" sizes=\"auto, (max-width: 358px) 100vw, 358px\" \/><\/a><\/p>\n<p>Az els\u0151 kir\u00e1ndul\u00e1s szeptember 14-\u00e9n \u00e9s 15-\u00e9n a Bakonyban indult, a V\u00e1rosl\u0151d \u2013 Bakonyb\u00e9l \u2013 Zirc vonalon. V\u00e1rszegi Korn\u00e9lia, a Testnevel\u00e9si \u00e9s Sportk\u00f6zpont igazgat\u00f3ja elmondta, a h\u00e9tv\u00e9gi 50 km-es t\u00e1vot \u00f6sszesen h\u00fasz egyetemi munkat\u00e1rs \u00e9s hallgat\u00f3 teljes\u00edtette. A gyalogt\u00fara j\u00f3 hangulatban telt, a csapat a tervezettn\u00e9l k\u00e9t \u00f3r\u00e1val hamarabb el\u00e9rt a c\u00e9l\u00e1llom\u00e1sra.\u00a0<\/p>\n<p>V\u00e1rszegi Korn\u00e9lia hangs\u00falyozta: a XXI. sz\u00e1zad elfogadott t\u00e9tele, hogy az eg\u00e9szs\u00e9g kulcsa az \u00e9letm\u00f3dban rejlik, az eg\u00e9szs\u00e9ges \u00e9letm\u00f3dnak pedig vitathatatlanul fontos eleme a rendszeres testmozg\u00e1s. A 250. jubileumi \u00e9vben a Semmelweis Egyetem kurrikulumreformj\u00e1ban a testnevel\u00e9s is hangs\u00falyos szerepet kap, hiszen <span style=\"font-size: 1rem\">az orsz\u00e1gban egyed\u00fcl\u00e1ll\u00f3 m\u00f3don a<\/span><span style=\"font-size: 1rem\">\u00a0<\/span><span style=\"font-size: 1rem\">teljes tanulm\u00e1nyi id\u0151szak alatt bevezett\u00e9k a k\u00f6telez\u0151 testnevel\u00e9st. <\/span>&#8222;A k\u00fcldet\u00e9s nem kevesebb, mint a k\u00f6z\u00f6s \u00e9s tudatos testmozg\u00e1ssal olyan tapasztalatot, motiv\u00e1ci\u00f3t adni hallgat\u00f3inknak, amellyel a j\u00f6v\u0151 orvosaik\u00e9nt, eg\u00e9szs\u00e9g\u00fcgyi dolgoz\u00f3ik\u00e9nt m\u00e9rlegelni fogj\u00e1k a testmozg\u00e1st mint lehets\u00e9ges megold\u00e1st az eg\u00e9szs\u00e9g pozit\u00edv befoly\u00e1sol\u00e1s\u00e1ra&#8221; &#8211; tette hozz\u00e1.\u00a0<\/p>\n<p>Az eml\u00e9kt\u00far\u00e1t teljes\u00edt\u0151k eml\u00e9klapot kapnak: arany fokozatot \u00e9r el, aki 250 km-t vagy ann\u00e1l t\u00f6bbet teljes\u00edt, ez\u00fcst fokozatban r\u00e9szes\u00fcl, aki 125 km-t teljes\u00edt, \u00e9s bronz fokozatot kap, aki legal\u00e1bb egy t\u00far\u00e1n r\u00e9szt vesz. A gyalogt\u00fara k\u00f6vetkez\u0151 egynapos t\u00e1vja okt\u00f3ber 12-\u00e9n Nyerges\u00fajfalu \u2013 Dorog k\u00f6z\u00f6tt vezet v\u00e9gig, a k\u00f6vetkez\u0151 k\u00e9tnapos t\u00fara pedig okt\u00f3ber 19-20-\u00e1n lesz a M\u00e1tr\u00e1ban. Tov\u00e1bbi r\u00e9szletek \u00e9s id\u0151pontok <strong><a href=\"https:\/\/semmelweis.hu\/250\/programok\/emlektura-sorozat-2019-2020\/\">erre a linkre kattintva<\/a><\/strong>\u00a0olvashat\u00f3k.<\/p>\n<p>Haszon-Nagy Zs\u00f3fia<br \/>\nFot\u00f3: Testnevel\u00e9si \u00e9s Sportk\u00f6zpont<\/p>\n","protected":false},"excerpt":{"rendered":"<p>A gyalogt\u00far\u00e1n egyetemi hallgat\u00f3k \u00e9s munkat\u00e1rsak is r\u00e9szt vettek.<\/p>\n","protected":false},"author":101405,"featured_media":89110,"comment_status":"closed","ping_status":"closed","sticky":false,"template":"","format":"standard","meta":{"_acf_changed":false,"footnotes":""},"categories":[157,168],"tags":[4240,4218,155],"class_list":["post-89019","post","type-post","status-publish","format-standard","has-post-thumbnail","hentry","category-semmelweis-vilag","category-kiemelt","tag-jubileumi-hirek","tag-semmelweis-250","tag-sport"],"acf":[],"_links":{"self":[{"href":"https:\/\/semmelweis.hu\/hirek\/wp-json\/wp\/v2\/posts\/89019","targetHints":{"allow":["GET"]}}],"collection":[{"href":"https:\/\/semmelweis.hu\/hirek\/wp-json\/wp\/v2\/posts"}],"about":[{"href":"https:\/\/semmelweis.hu\/hirek\/wp-json\/wp\/v2\/types\/post"}],"author":[{"embeddable":true,"href":"https:\/\/semmelweis.hu\/hirek\/wp-json\/wp\/v2\/users\/101405"}],"replies":[{"embeddable":true,"href":"https:\/\/semmelweis.hu\/hirek\/wp-json\/wp\/v2\/comments?post=89019"}],"version-history":[{"count":11,"href":"https:\/\/semmelweis.hu\/hirek\/wp-json\/wp\/v2\/posts\/89019\/revisions"}],"predecessor-version":[{"id":90051,"href":"https:\/\/semmelweis.hu\/hirek\/wp-json\/wp\/v2\/posts\/89019\/revisions\/90051"}],"wp:featuredmedia":[{"embeddable":true,"href":"https:\/\/semmelweis.hu\/hirek\/wp-json\/wp\/v2\/media\/89110"}],"wp:attachment":[{"href":"https:\/\/semmelweis.hu\/hirek\/wp-json\/wp\/v2\/media?parent=89019"}],"wp:term":[{"taxonomy":"category","embeddable":true,"href":"https:\/\/semmelweis.hu\/hirek\/wp-json\/wp\/v2\/categories?post=89019"},{"taxonomy":"post_tag","embeddable":true,"href":"https:\/\/semmelweis.hu\/hirek\/wp-json\/wp\/v2\/tags?post=89019"}],"curies":[{"name":"wp","href":"https:\/\/api.w.org\/{rel}","templated":true}]}}