{"id":8870,"date":"2011-11-28T08:12:12","date_gmt":"2011-11-28T07:12:12","guid":{"rendered":"http:\/\/semmelweis-egyetem.hu\/hirek\/?p=8870"},"modified":"2017-10-13T14:06:06","modified_gmt":"2017-10-13T12:06:06","slug":"elhunyt-becsi-antal","status":"publish","type":"post","link":"https:\/\/semmelweis.hu\/hirek\/2011\/11\/28\/elhunyt-becsi-antal\/","title":{"rendered":"Elhunyt B\u00e9csi Antal"},"content":{"rendered":"<p><a href=\"https:\/\/semmelweis.hu\/hirek\/2011\/11\/28\/elhunyt-becsi-antal\/becsi_antal\/\" rel=\"attachment wp-att-8871\"><img loading=\"lazy\" decoding=\"async\" class=\"alignleft size-medium wp-image-8871\" src=\"https:\/\/semmelweis.hu\/hirek\/files\/2011\/11\/becsi_antal-203x300.jpg\" alt=\"\" width=\"203\" height=\"300\" srcset=\"https:\/\/semmelweis.hu\/hirek\/files\/2011\/11\/becsi_antal-203x300.jpg 203w, https:\/\/semmelweis.hu\/hirek\/files\/2011\/11\/becsi_antal-271x400.jpg 271w, https:\/\/semmelweis.hu\/hirek\/files\/2011\/11\/becsi_antal.jpg 533w\" sizes=\"auto, (max-width: 203px) 100vw, 203px\" \/><\/a>Megrend\u00fcl\u00e9ssel tudatjuk, hogy elhunyt B\u00e9csi Antal a Semmelweis Egyetem nyugalmazott f\u0151m\u00e9rn\u00f6ke. T\u00f6bb \u00e9vtizedes szakmai p\u00e1lyafut\u00e1s\u00e1t egyetem\u00fcnk\u00f6n t\u00f6lt\u00f6tte. Nagyrabecs\u00fclt munkat\u00e1rsunkat a Semmelweis Egyetem saj\u00e1t halottj\u00e1nak tekinti.<\/p>\n<p>B\u00e9csi Antal nyugalmazott f\u0151m\u00e9rn\u00f6k v\u00e9gs\u0151 nyugalomba helyez\u00e9s\u00e9re 2011. december 6-\u00e1n, 12.45-kor a Farkasr\u00e9ti temet\u0151ben ker\u00fcl sor.<\/p>\n<p>Dr. Tulassay Tivadar<br \/>\na Semmelweis Egyetem rektora<\/p>\n","protected":false},"excerpt":{"rendered":"<p><a href=\"https:\/\/semmelweis.hu\/hirek\/2011\/11\/28\/elhunyt-becsi-antal\/becsi_antal\/\" rel=\"attachment wp-att-8871\"><\/a>Megrend\u00fcl\u00e9ssel tudatjuk, hogy elhunyt B\u00e9csi Antal a Semmelweis Egyetem nyugalmazott f\u0151m\u00e9rn\u00f6ke. T\u00f6bb \u00e9vtizedes szakmai p\u00e1lyafut\u00e1s\u00e1t egyetem\u00fcnk\u00f6n t\u00f6lt\u00f6tte. Nagyrabecs\u00fclt munkat\u00e1rsunkat a Semmelweis Egyetem saj\u00e1t halottj\u00e1nak tekinti.<br \/>\nB\u00e9csi Antal nyugalmazott f\u0151m\u00e9rn\u00f6k v\u00e9gs\u0151 nyugalomba helyez\u00e9s\u00e9re 2011. december 6-\u00e1n, 12.45-kor a Farkasr\u00e9ti temet\u0151ben ker\u00fcl sor.<br \/>\nDr. Tulassay Tivadar<br \/>\na Semmelweis Egyetem rektora<\/p>\n","protected":false},"author":8,"featured_media":8871,"comment_status":"closed","ping_status":"open","sticky":false,"template":"","format":"standard","meta":{"_acf_changed":false,"footnotes":""},"categories":[],"tags":[345,4108],"class_list":["post-8870","post","type-post","status-publish","format-standard","has-post-thumbnail","hentry","tag-esemenyek-es-beszamolok","tag-gyaszhir"],"acf":[],"_links":{"self":[{"href":"https:\/\/semmelweis.hu\/hirek\/wp-json\/wp\/v2\/posts\/8870","targetHints":{"allow":["GET"]}}],"collection":[{"href":"https:\/\/semmelweis.hu\/hirek\/wp-json\/wp\/v2\/posts"}],"about":[{"href":"https:\/\/semmelweis.hu\/hirek\/wp-json\/wp\/v2\/types\/post"}],"author":[{"embeddable":true,"href":"https:\/\/semmelweis.hu\/hirek\/wp-json\/wp\/v2\/users\/8"}],"replies":[{"embeddable":true,"href":"https:\/\/semmelweis.hu\/hirek\/wp-json\/wp\/v2\/comments?post=8870"}],"version-history":[{"count":2,"href":"https:\/\/semmelweis.hu\/hirek\/wp-json\/wp\/v2\/posts\/8870\/revisions"}],"predecessor-version":[{"id":8872,"href":"https:\/\/semmelweis.hu\/hirek\/wp-json\/wp\/v2\/posts\/8870\/revisions\/8872"}],"wp:featuredmedia":[{"embeddable":true,"href":"https:\/\/semmelweis.hu\/hirek\/wp-json\/wp\/v2\/media\/8871"}],"wp:attachment":[{"href":"https:\/\/semmelweis.hu\/hirek\/wp-json\/wp\/v2\/media?parent=8870"}],"wp:term":[{"taxonomy":"category","embeddable":true,"href":"https:\/\/semmelweis.hu\/hirek\/wp-json\/wp\/v2\/categories?post=8870"},{"taxonomy":"post_tag","embeddable":true,"href":"https:\/\/semmelweis.hu\/hirek\/wp-json\/wp\/v2\/tags?post=8870"}],"curies":[{"name":"wp","href":"https:\/\/api.w.org\/{rel}","templated":true}]}}