{"id":88308,"date":"2019-08-21T08:36:48","date_gmt":"2019-08-21T06:36:48","guid":{"rendered":"http:\/\/semmelweis.hu\/hirek\/?p=88308"},"modified":"2019-08-21T09:42:20","modified_gmt":"2019-08-21T07:42:20","slug":"dr-roska-botond-neurobiologus-kapta-a-magyar-szent-istvan-rend-kituntetest","status":"publish","type":"post","link":"https:\/\/semmelweis.hu\/hirek\/2019\/08\/21\/dr-roska-botond-neurobiologus-kapta-a-magyar-szent-istvan-rend-kituntetest\/","title":{"rendered":"Dr. Roska Botond neurobiol\u00f3gus kapta a Magyar Szent Istv\u00e1n-rend kit\u00fcntet\u00e9st"},"content":{"rendered":"<div class=\"lead\">Dr. Roska Botond neurobiol\u00f3gus kutat\u00f3orvos vehette \u00e1t id\u00e9n a Magyar Szent Istv\u00e1n-rend kit\u00fcntet\u00e9st \u00c1der J\u00e1nos k\u00f6zt\u00e1rsas\u00e1gi eln\u00f6kt\u0151l augusztus 20-\u00e1n a S\u00e1ndor-palot\u00e1ban. Dr. Roska Botond a Semmelweis Egyetemen szerezte diplom\u00e1j\u00e1t, jelenleg a B\u00e1zeli Molekul\u00e1ris \u00e9s Klinikai Szem\u00e9szeti Int\u00e9zet igazgat\u00f3ja, a B\u00e1zeli Egyetem Orvostudom\u00e1nyi Kar\u00e1nak professzora, a Friedrich Miescher Orvosi Kutat\u00f3int\u00e9zet neurobiol\u00f3giai kutat\u00f3csoportj\u00e1nak vezet\u0151je.<\/div>\n<p><a href=\"https:\/\/semmelweis.hu\/hirek\/files\/2019\/08\/szent-istv\u00e1n-1.jpg\"><img loading=\"lazy\" decoding=\"async\" class=\"alignright size-medium wp-image-88310\" src=\"https:\/\/semmelweis.hu\/hirek\/files\/2019\/08\/szent-istv\u00e1n-1-400x267.jpg\" alt=\"\" width=\"400\" height=\"267\" srcset=\"https:\/\/semmelweis.hu\/hirek\/files\/2019\/08\/szent-istv\u00e1n-1-400x267.jpg 400w, https:\/\/semmelweis.hu\/hirek\/files\/2019\/08\/szent-istv\u00e1n-1.jpg 600w, https:\/\/semmelweis.hu\/hirek\/files\/2019\/08\/szent-istv\u00e1n-1-203x135.jpg 203w\" sizes=\"auto, (max-width: 400px) 100vw, 400px\" \/><\/a>Az \u00fcnneps\u00e9gen ismertetett kit\u00fcntet\u00e9si hat\u00e1rozat szerint dr. Roska Botond koll\u00e9g\u00e1ival az emberi l\u00e1t\u00e1s megismer\u00e9s\u00e9\u00e9rt \u00e9s betegs\u00e9g\u00e9nek gy\u00f3gy\u00edt\u00e1s\u00e1\u00e9rt dolgozik. Kitart\u00f3 kutat\u00e1sai eredm\u00e9nyek\u00e9nt hamarosan gy\u00f3gy\u00edthat\u00f3v\u00e1 v\u00e1lhatnak a vaks\u00e1g azon t\u00edpusai, amelyeket a szem f\u00e9ny\u00e9rz\u00e9kel\u00e9si k\u00e9pess\u00e9g\u00e9nek elveszt\u00e9se okoz. Dr. Roska Botond munkat\u00e1rsaival olyan ter\u00e1pi\u00e1t dolgozott ki, amely a probl\u00e9m\u00e1s l\u00e1t\u00f3sejteket ism\u00e9t f\u00e9ny\u00e9rz\u00e9kenny\u00e9 tudja tenni.<\/p>\n<p>\u00c1der J\u00e1nos k\u00f6sz\u00f6nt\u0151 besz\u00e9d\u00e9ben utalt arra, hogy a professzor g\u00e9nter\u00e1pi\u00e1s m\u00f3dszere m\u00e1ra a klinikai kipr\u00f3b\u00e1l\u00e1s f\u00e1zis\u00e1ba jutott. A l\u00e1t\u00e1s-vissza\u00e1ll\u00edt\u00f3 g\u00e9nter\u00e1pia korszakalkot\u00f3, vil\u00e1grasz\u00f3l\u00f3 m\u00f3dszer lesz \u2013 hangs\u00falyozta az \u00e1llamf\u0151, hozz\u00e1t\u00e9ve, hogy dr. Roska Botond felfedez\u00e9se hamarosan k\u00f6z\u00f6s tud\u00e1ss\u00e1, a k\u00f6z\u00f6s tud\u00e1s pedig egyetemes kinccs\u00e9 v\u00e1lik. A Szent Istv\u00e1n-renddel k\u00f6sz\u00f6netet mondunk mindazoknak, akik j\u00f3 h\u00edrnev\u00fcnket \u00f6regb\u00edtik itthon \u00e9s a nagyvil\u00e1gban, megbecs\u00fclj\u00fck honfit\u00e1rsainkat, akik a saj\u00e1t teljes\u00edtm\u00e9ny\u00fckkel m\u00e1sokat is jobb munk\u00e1ra \u00f6szt\u00f6n\u00f6znek \u2013 fogalmazott.<\/p>\n<p>A k\u00f6zt\u00e1rsas\u00e1gi eln\u00f6k a minisztereln\u00f6k el\u0151terjeszt\u00e9s\u00e9re adom\u00e1nyozza Magyarorsz\u00e1g legmagasabb rang\u00fa kit\u00fcntet\u00e9s\u00e9t. A kit\u00fcntet\u00e9si cerem\u00f3ni\u00e1n jelen volt Orb\u00e1n Viktor minisztereln\u00f6k, Semj\u00e9n Zsolt minisztereln\u00f6k-helyettes, Dar\u00e1k P\u00e9ter, a K\u00faria eln\u00f6ke, Erd\u0151 P\u00e9ter b\u00edboros, valamint a korm\u00e1ny t\u00f6bb tagja.<\/p>\n<p>Dr. Roska Botond neurobiol\u00f3gus kutat\u00f3orvos a Semmelweis Egyetemen szerezte diplom\u00e1j\u00e1t, jelenleg a B\u00e1zeli Molekul\u00e1ris \u00e9s Klinikai Szem\u00e9szeti Int\u00e9zet igazgat\u00f3ja, a B\u00e1zeli Egyetem Orvostudom\u00e1nyi Kar\u00e1nak professzora, a Friedrich Miescher Orvosi Kutat\u00f3int\u00e9zet neurobiol\u00f3giai kutat\u00f3csoportj\u00e1nak vezet\u0151je.<\/p>\n<p>Fot\u00f3 \u00e9s forr\u00e1s: MTI<\/p>\n","protected":false},"excerpt":{"rendered":"<p>A kutat\u00f3orvos a Semmelweis Egyetemen szerezte diplom\u00e1j\u00e1t, jelenleg B\u00e1zelben dolgozik. <\/p>\n","protected":false},"author":13,"featured_media":88309,"comment_status":"closed","ping_status":"closed","sticky":false,"template":"","format":"standard","meta":{"_acf_changed":false,"footnotes":""},"categories":[157,168],"tags":[4070,158],"class_list":["post-88308","post","type-post","status-publish","format-standard","has-post-thumbnail","hentry","category-semmelweis-vilag","category-kiemelt","tag-allami-kituntetes","tag-dijak-kituntetesek"],"acf":[],"_links":{"self":[{"href":"https:\/\/semmelweis.hu\/hirek\/wp-json\/wp\/v2\/posts\/88308","targetHints":{"allow":["GET"]}}],"collection":[{"href":"https:\/\/semmelweis.hu\/hirek\/wp-json\/wp\/v2\/posts"}],"about":[{"href":"https:\/\/semmelweis.hu\/hirek\/wp-json\/wp\/v2\/types\/post"}],"author":[{"embeddable":true,"href":"https:\/\/semmelweis.hu\/hirek\/wp-json\/wp\/v2\/users\/13"}],"replies":[{"embeddable":true,"href":"https:\/\/semmelweis.hu\/hirek\/wp-json\/wp\/v2\/comments?post=88308"}],"version-history":[{"count":1,"href":"https:\/\/semmelweis.hu\/hirek\/wp-json\/wp\/v2\/posts\/88308\/revisions"}],"predecessor-version":[{"id":88311,"href":"https:\/\/semmelweis.hu\/hirek\/wp-json\/wp\/v2\/posts\/88308\/revisions\/88311"}],"wp:featuredmedia":[{"embeddable":true,"href":"https:\/\/semmelweis.hu\/hirek\/wp-json\/wp\/v2\/media\/88309"}],"wp:attachment":[{"href":"https:\/\/semmelweis.hu\/hirek\/wp-json\/wp\/v2\/media?parent=88308"}],"wp:term":[{"taxonomy":"category","embeddable":true,"href":"https:\/\/semmelweis.hu\/hirek\/wp-json\/wp\/v2\/categories?post=88308"},{"taxonomy":"post_tag","embeddable":true,"href":"https:\/\/semmelweis.hu\/hirek\/wp-json\/wp\/v2\/tags?post=88308"}],"curies":[{"name":"wp","href":"https:\/\/api.w.org\/{rel}","templated":true}]}}