{"id":88105,"date":"2019-08-10T15:45:00","date_gmt":"2019-08-10T13:45:00","guid":{"rendered":"http:\/\/semmelweis.hu\/hirek\/?p=88105"},"modified":"2019-08-10T15:56:28","modified_gmt":"2019-08-10T13:56:28","slug":"a-semmelweis-egyetemen-tett-eskut-a-magyar-szervatultetett-valogatott","status":"publish","type":"post","link":"https:\/\/semmelweis.hu\/hirek\/2019\/08\/10\/a-semmelweis-egyetemen-tett-eskut-a-magyar-szervatultetett-valogatott\/","title":{"rendered":"A Semmelweis Egyetemen tett esk\u00fct a magyar szerv\u00e1t\u00fcltetett v\u00e1logatott"},"content":{"rendered":"<div class=\"lead\">A Szerv\u00e1t\u00fcltetettek 22. Vil\u00e1gj\u00e1t\u00e9k\u00e1ra indul\u00f3 magyar v\u00e1logatott a hazai legnagyobb transzplant\u00e1ci\u00f3s centrumban, a Semmelweis Egyetemen tett \u00fcnnep\u00e9lyes esk\u00fct. Tizenegy sport\u00e1gban 51 feln\u0151tt \u00e9s 3 junior sportol\u00f3 k\u00e9pviseli Magyarorsz\u00e1got az id\u00e9n Nagy-Britanni\u00e1ban, Newcastle-ban megrendezend\u0151 versenyen. A csapatnak 32 vese-, 9 m\u00e1j-, 3 kombin\u00e1lt vese- \u00e9s m\u00e1j-, 1 t\u00fcd\u0151-, 3 sz\u00edv- \u00e9s 6 csontvel\u0151-\u00e1t\u00fcltetett tagja van. T\u00f6bbs\u00e9g\u00fcket az egyetem Transzplant\u00e1ci\u00f3s \u00e9s Seb\u00e9szeti Klinik\u00e1j\u00e1n m\u0171t\u00f6tt\u00e9k, \u00e9s az ut\u00f3gondoz\u00e1suk is az egyetemen zajlik.<\/div>\n<p>S\u00e1rfalvi P\u00e9ter, az Emberi Er\u0151forr\u00e1sok Miniszt\u00e9rium\u00e1nak sportl\u00e9tes\u00edtm\u00e9nyek\u00e9rt \u00e9s sportkapcsolatok\u00e9rt felel\u0151s helyettes \u00e1llamtitk\u00e1ra egykori \u00f6ttus\u00e1z\u00f3k\u00e9nt k\u00f6sz\u00f6nt\u00f6tte a sportol\u00f3kat, akiket igazi p\u00e9ldak\u00e9peknek nevezett. \u201eHa \u00fagy \u00e9rezz\u00fck, hogy megoldhatatlan probl\u00e9ma el\u0151tt \u00e1llunk, titeket n\u00e9zve mindez elt\u00f6rp\u00fcl. Ti vagytok, akikre feln\u00e9zhet\u00fcnk, akikt\u0151l mindennap \u00fajabb \u00e9s \u00fajabb inspir\u00e1ci\u00f3t \u00e9s kedvet kapunk a sporthoz\u201d \u2013 fogalmazott a helyettes \u00e1llamtitk\u00e1r.<\/p>\n\r\n        [slb_exclude]\r\n        <div class=\"row galeria-wrapper mx-0 h-auto\">\r\n            <div class=\"col-9 pl-0 pr-2\">\r\n            <span class=\"gallery-item frame\">\r\n\t\t\t\t<div class=\"galeria-left-img\"><a href=\"https:\/\/semmelweis.hu\/hirek\/files\/2019\/08\/RS99014_IMG_0073-scr.jpg\"><img src=https:\/\/semmelweis.hu\/hirek\/files\/2019\/08\/RS99014_IMG_0073-scr.jpg  \r\n                            alt=\"\" \r\n                            class=\"attachment-sote-gallery-big size-sote-gallery-big\" \r\n                            srcset=\"https:\/\/semmelweis.hu\/hirek\/files\/2019\/08\/RS99014_IMG_0073-scr-400x267.jpg 400w, https:\/\/semmelweis.hu\/hirek\/files\/2019\/08\/RS99014_IMG_0073-scr-768x512.jpg 768w, https:\/\/semmelweis.hu\/hirek\/files\/2019\/08\/RS99014_IMG_0073-scr-900x600.jpg 900w, https:\/\/semmelweis.hu\/hirek\/files\/2019\/08\/RS99014_IMG_0073-scr-600x400.jpg 600w, https:\/\/semmelweis.hu\/hirek\/files\/2019\/08\/RS99014_IMG_0073-scr-753x502.jpg 753w, https:\/\/semmelweis.hu\/hirek\/files\/2019\/08\/RS99014_IMG_0073-scr-203x135.jpg 203w, https:\/\/semmelweis.hu\/hirek\/files\/2019\/08\/RS99014_IMG_0073-scr.jpg 950w\" ><\/a><\/div>\r\n            <\/span>\r\n\r\n            <\/div>\r\n\r\n\t\t\t<div class=\"col-3 pl-0 pr-0\">\r\n\t\t\t\t<div class=\"galeria-right-img d-flex justify-content-between flex-column h-100 w-100 px-0 mx-0 \">\r\n                <div class=\"galeria-box\">\r\n\t\t\t\t\t<h3 class=\"galeria-title\">Gal\u00e9ria<\/h3>\r\n\t\t\t\t\t<div class=\"galeria-subtitle\">\r\n\r\n\t\t\t\t\t\t<div class=\"galeria-page-counter\"><span>7<\/span>k\u00e9p<\/div>\r\n                    <\/div> <\/div>\r\n                    <span class=\"gallery-item frame d-none d-md-flex\">\r\n\t\t\t\t\t<div class=\"galeria-small-img mt-0\"><a href=\"https:\/\/semmelweis.hu\/hirek\/files\/2019\/08\/RS99035_IMG_0193-scr.jpg\"><img src=https:\/\/semmelweis.hu\/hirek\/files\/2019\/08\/RS99035_IMG_0193-scr.jpg \r\n                                alt=\"\"  \r\n                                class=\"attachment-sote-gallery-small size-sote-gallery-small\" \r\n                                srcset=\"https:\/\/semmelweis.hu\/hirek\/files\/2019\/08\/RS99035_IMG_0193-scr-400x267.jpg 400w, https:\/\/semmelweis.hu\/hirek\/files\/2019\/08\/RS99035_IMG_0193-scr-768x512.jpg 768w, https:\/\/semmelweis.hu\/hirek\/files\/2019\/08\/RS99035_IMG_0193-scr-900x600.jpg 900w, https:\/\/semmelweis.hu\/hirek\/files\/2019\/08\/RS99035_IMG_0193-scr-600x400.jpg 600w, https:\/\/semmelweis.hu\/hirek\/files\/2019\/08\/RS99035_IMG_0193-scr-753x502.jpg 753w, https:\/\/semmelweis.hu\/hirek\/files\/2019\/08\/RS99035_IMG_0193-scr-203x135.jpg 203w, https:\/\/semmelweis.hu\/hirek\/files\/2019\/08\/RS99035_IMG_0193-scr.jpg 950w\" ><\/a><\/div>\r\n                    <\/span>\r\n                    <span class=\"gallery-item frame d-none d-md-flex\">\r\n\t\t\t\t\t<div class=\"galeria-small-img mt-0\"><a href=\"https:\/\/semmelweis.hu\/hirek\/files\/2019\/08\/RS99009_IMG_0057-scr.jpg\"><img src=https:\/\/semmelweis.hu\/hirek\/files\/2019\/08\/RS99009_IMG_0057-scr.jpg \r\n                                alt=\"\" \r\n                                class=\"attachment-sote-gallery-small size-sote-gallery-small\" \r\n                                srcset=\"https:\/\/semmelweis.hu\/hirek\/files\/2019\/08\/RS99009_IMG_0057-scr-400x267.jpg 400w, https:\/\/semmelweis.hu\/hirek\/files\/2019\/08\/RS99009_IMG_0057-scr-768x512.jpg 768w, https:\/\/semmelweis.hu\/hirek\/files\/2019\/08\/RS99009_IMG_0057-scr-900x600.jpg 900w, https:\/\/semmelweis.hu\/hirek\/files\/2019\/08\/RS99009_IMG_0057-scr-600x400.jpg 600w, https:\/\/semmelweis.hu\/hirek\/files\/2019\/08\/RS99009_IMG_0057-scr-753x502.jpg 753w, https:\/\/semmelweis.hu\/hirek\/files\/2019\/08\/RS99009_IMG_0057-scr-203x135.jpg 203w, https:\/\/semmelweis.hu\/hirek\/files\/2019\/08\/RS99009_IMG_0057-scr.jpg 950w\" ><\/a><\/div>\r\n                    <\/span>\r\n\r\n                <\/div>\r\n\r\n            <\/div>\r\n\r\n            <span class=\"gallery-item\"><div class=\"hidden\"><a href=\"https:\/\/semmelweis.hu\/hirek\/files\/2019\/08\/RS98998_IMG_0015-scr.jpg\">\r\n        <img src=https:\/\/semmelweis.hu\/hirek\/files\/2019\/08\/RS98998_IMG_0015-scr.jpg alt=\"\" class=\"attachment-sote-gallery-big size-sote-gallery-big\" srcset=\"https:\/\/semmelweis.hu\/hirek\/files\/2019\/08\/RS98998_IMG_0015-scr-267x400.jpg 267w, https:\/\/semmelweis.hu\/hirek\/files\/2019\/08\/RS98998_IMG_0015-scr.jpg 500w\" >\r\n        <\/a><\/div><\/span><span class=\"gallery-item\"><div class=\"hidden\"><a href=\"https:\/\/semmelweis.hu\/hirek\/files\/2019\/08\/RS99016_IMG_0080-scr.jpg\">\r\n        <img src=https:\/\/semmelweis.hu\/hirek\/files\/2019\/08\/RS99016_IMG_0080-scr.jpg alt=\"\" class=\"attachment-sote-gallery-big size-sote-gallery-big\" srcset=\"https:\/\/semmelweis.hu\/hirek\/files\/2019\/08\/RS99016_IMG_0080-scr-273x400.jpg 273w, https:\/\/semmelweis.hu\/hirek\/files\/2019\/08\/RS99016_IMG_0080-scr.jpg 512w\" >\r\n        <\/a><\/div><\/span><span class=\"gallery-item\"><div class=\"hidden\"><a href=\"https:\/\/semmelweis.hu\/hirek\/files\/2019\/08\/RS99025_IMG_0116-scr.jpg\">\r\n        <img src=https:\/\/semmelweis.hu\/hirek\/files\/2019\/08\/RS99025_IMG_0116-scr.jpg alt=\"\" class=\"attachment-sote-gallery-big size-sote-gallery-big\" srcset=\"https:\/\/semmelweis.hu\/hirek\/files\/2019\/08\/RS99025_IMG_0116-scr-267x400.jpg 267w, https:\/\/semmelweis.hu\/hirek\/files\/2019\/08\/RS99025_IMG_0116-scr.jpg 500w\" >\r\n        <\/a><\/div><\/span><span class=\"gallery-item\"><div class=\"hidden\"><a href=\"https:\/\/semmelweis.hu\/hirek\/files\/2019\/08\/RS99027_IMG_0134-scr.jpg\">\r\n        <img src=https:\/\/semmelweis.hu\/hirek\/files\/2019\/08\/RS99027_IMG_0134-scr.jpg alt=\"\" class=\"attachment-sote-gallery-big size-sote-gallery-big\" srcset=\"https:\/\/semmelweis.hu\/hirek\/files\/2019\/08\/RS99027_IMG_0134-scr-267x400.jpg 267w, https:\/\/semmelweis.hu\/hirek\/files\/2019\/08\/RS99027_IMG_0134-scr.jpg 500w\" >\r\n        <\/a><\/div><\/span>\r\n            <\/div>\r\n\r\n            [\/slb_exclude]\r\n\t\n<p>Dr. Szab\u00f3 Attila klinikai rektorhelyettes kiemelte annak jelent\u0151s\u00e9g\u00e9t, hogy a vil\u00e1gj\u00e1t\u00e9kokra indul\u00f3k az az id\u00e9n 250. tan\u00e9v\u00e9t ind\u00edt\u00f3 Semmelweis Egyetemen tesznek esk\u00fct arr\u00f3l, hogy sportemberhez m\u00e9lt\u00f3 m\u00f3don fognak k\u00fczdeni a magyar sz\u00ednek\u00e9rt, csapatt\u00e1rsaik\u00e9rt \u00e9s term\u00e9szetesen saj\u00e1t maguk\u00e9rt. Az egyetem Magyarorsz\u00e1g \u00e9s K\u00f6z\u00e9p-Eur\u00f3pa legnagyobb szervtranszplant\u00e1ci\u00f3s centruma mind a feln\u0151tt, mind a gyermekell\u00e1t\u00e1s ter\u00e9n \u2013 eml\u00e9keztetett. Hangs\u00falyozta a csapatmunka jelent\u0151s\u00e9g\u00e9t a sportol\u00f3i sikerekben. Az edz\u0151k, sportt\u00e1rsak, a csal\u00e1d \u00e9s a felk\u00e9sz\u00edt\u00e9st seg\u00edt\u0151k mellett a versenyz\u0151k m\u00f6g\u00f6tt \u00e1llnak jelen esetben az orvosok \u00e9s az eg\u00e9szs\u00e9g\u00fcgyi dolgoz\u00f3k is, akikkel egyszer m\u00e1r gy\u0151zedelmeskedtek \u00e9let\u00fck legnagyobb verseny\u00e9n \u2013 fogalmazott. Mi, a Semmelweis Egyetem polg\u00e1rai egy\u00fctt k\u00fczd\u00f6tt\u00fcnk \u00e9s dolgoztunk az\u00e9rt, hogy \u00d6n\u00f6k min\u00e9l teljesebb \u00e9letet \u00e9lhessenek, most pedig szurkol\u00f3k\u00e9nt, t\u00e1mogat\u00f3k\u00e9nt, sok esetben bar\u00e1tk\u00e9nt, szinte csal\u00e1dtagk\u00e9nt drukkolunk a k\u00f6vetkez\u0151 id\u0151szakban, hogy \u00e9rj\u00e9k el legnagyobb siker\u00fcket azzal, hogy m\u00e1sok sz\u00e1m\u00e1ra p\u00e9ld\u00e1t mutatnak k\u00fczdelemb\u0151l \u00e9s embers\u00e9gb\u0151l \u2013 mondta a rektorhelyettes.<\/p>\n<p>Berente Judit, a Magyar Szerv\u00e1t\u00fcltetettek Sz\u00f6vets\u00e9g\u00e9nek eln\u00f6ke elmondta, hogy a nemzetk\u00f6zi megm\u00e9rettet\u00e9sre utaz\u00f3 54 sportol\u00f3b\u00f3l 11 csapattag el\u0151sz\u00f6r \u00e1ll rajthoz vil\u00e1gversenyen, ami minden bizonnyal \u00e9let\u00fck egyik legeml\u00e9kezetesebb esem\u00e9nye lesz. Kiemelte, hogy a vil\u00e1gj\u00e1t\u00e9kra indul\u00f3 csapattagok mindannyian h\u00e1l\u00e1val \u00e9s szeretettel gondolnak donoraikra, \u00e9s sportteljes\u00edtm\u00e9ny\u00fckkel el\u0151tt\u00fck is tisztelegnek. A sz\u00f6vets\u00e9g \u00e9s a sportol\u00f3k nev\u00e9ben is k\u00f6sz\u00f6netet mondott az orsz\u00e1g valamennyi eg\u00e9szs\u00e9g\u00fcgyi dolgoz\u00f3j\u00e1nak, hiszen az \u0151 munk\u00e1juk n\u00e9lk\u00fcl nem lehetn\u00e9nek most itt.\u00a0 Tisztelet\u00fcnk jel\u00e9\u00fcl ez\u00e9rt a Semmelweis Szalon patin\u00e1s term\u00e9ben rendezt\u00fck meg \u00fcnnep\u00e9lyes esk\u00fct\u00e9tel\u00fcnket \u2013 mutatott r\u00e1.<\/p>\n<p><a href=\"https:\/\/semmelweis.hu\/hirek\/files\/2019\/08\/RS99052_IMG_0259-scr.jpg\"><img loading=\"lazy\" decoding=\"async\" class=\"aligncenter size-full wp-image-88107\" src=\"https:\/\/semmelweis.hu\/hirek\/files\/2019\/08\/RS99052_IMG_0259-scr.jpg\" alt=\"\" width=\"950\" height=\"633\" srcset=\"https:\/\/semmelweis.hu\/hirek\/files\/2019\/08\/RS99052_IMG_0259-scr.jpg 950w, https:\/\/semmelweis.hu\/hirek\/files\/2019\/08\/RS99052_IMG_0259-scr-400x267.jpg 400w, https:\/\/semmelweis.hu\/hirek\/files\/2019\/08\/RS99052_IMG_0259-scr-768x512.jpg 768w, https:\/\/semmelweis.hu\/hirek\/files\/2019\/08\/RS99052_IMG_0259-scr-900x600.jpg 900w, https:\/\/semmelweis.hu\/hirek\/files\/2019\/08\/RS99052_IMG_0259-scr-600x400.jpg 600w, https:\/\/semmelweis.hu\/hirek\/files\/2019\/08\/RS99052_IMG_0259-scr-753x502.jpg 753w, https:\/\/semmelweis.hu\/hirek\/files\/2019\/08\/RS99052_IMG_0259-scr-203x135.jpg 203w\" sizes=\"auto, (max-width: 950px) 100vw, 950px\" \/><\/a>Szab\u00f3 L\u00e1szl\u00f3, a Magyar Paralimpiai Bizotts\u00e1g eln\u00f6ke eml\u00e9keztetett arra<strong>, <\/strong>hogy a szerv\u00e1t\u00fcltetett sportemberek milyen csod\u00e1latos dolgokat tudnak v\u00e9ghezvinni, mik\u00f6zben az \u00e1tlagosn\u00e1l is komolyabb neh\u00e9zs\u00e9gekkel n\u00e9znek szembe. \u00c9ppen ez\u00e9rt \u0151k azok, akik \u2013 ahogy fogalmazott \u2013 lerombolj\u00e1k a kifog\u00e1sok \u00e9s halogat\u00e1sok v\u00e1r\u00e1t, \u00e9s p\u00e9ld\u00e1t mutatnak azoknak, akik mindig tal\u00e1lnak kifog\u00e1sokat, \u00e9s megmutatj\u00e1k, hogy akkor kell cselekedni, akkor kell er\u0151snek lenni, amikor helyzet van. Ezt nem lehet m\u00e1sk\u00e9pp csin\u00e1lni, csak nagy hittel \u00e9s hat\u00e1rozotts\u00e1ggal \u2013 emelte ki.<\/p>\n<p>A szerv\u00e1t\u00fcltetett t\u00e1rsadalom legnagyobb nemzetk\u00f6zi sportesem\u00e9ny\u00e9t, a Szerv\u00e1t\u00fcltetettek Vil\u00e1gj\u00e1t\u00e9k\u00e1t 1978 \u00f3ta rendezik meg. Az idei, imm\u00e1r 22. rendezv\u00e9nynek ez\u00fattal augusztus 17-24. k\u00f6z\u00f6tt Newcastle v\u00e1rosa ad otthont Nagy-Britanni\u00e1ban. Az idei megm\u00e9rettet\u00e9sre 60 orsz\u00e1g 2237 szerv\u00e1t\u00fcltetett versenyz\u0151je \u00e9rkezik a vil\u00e1g minden t\u00e1j\u00e1r\u00f3l. A magyar csapat el\u0151sz\u00f6r 1987-ben vett r\u00e9szt a Vil\u00e1gj\u00e1t\u00e9kon, 1999 \u00f3ta pedig a nemzetek \u00f6sszes\u00edtett pontverseny\u00e9ben rendre az els\u0151 \u00f6t orsz\u00e1g k\u00f6z\u00f6tt v\u00e9gzett.<\/p>\n<p>Az angliai versenyre 51 feln\u0151tt \u00e9s 3 junior koroszt\u00e1ly\u00fa sportol\u00f3 utazik.\u00a0 A magyar v\u00e1logatott tagjai k\u00f6z\u00f6tt 32 vese-, 9 m\u00e1j-, 3 kombin\u00e1lt vese- \u00e9s m\u00e1j-, 1 t\u00fcd\u0151-, 3 sz\u00edv- \u00e9s 6 csontvel\u0151 \u00e1t\u00fcltetett sportol\u00f3 szerepel, akik 11 sport\u00e1gban (asztalitenisz, atl\u00e9tika, bowling, darts, ker\u00e9kp\u00e1r, petanque, r\u00f6plabda, tenisz, tollaslabda, triatlon, \u00fasz\u00e1s) k\u00e9pviselik Magyarorsz\u00e1got. A csapat c\u00e9lja, hogy id\u00e9n is az els\u0151 \u00f6t k\u00f6z\u00f6tt v\u00e9gezzen a r\u00e9sztvev\u0151 60 orsz\u00e1gb\u00f3l.<\/p>\n<p>A v\u00e1logatott tagjainak t\u00f6bbs\u00e9g\u00e9t, mintegy 40 sportol\u00f3t a Semmelweis Egyetem klinik\u00e1in m\u0171t\u00f6ttek, illetve az egyetemen t\u00f6rt\u00e9nik az ut\u00f3gondoz\u00e1suk.<\/p>\n<p>T\u0151gyi Krisztina, Dobozi P\u00e1lma<br \/>\nFot\u00f3: Kov\u00e1cs Attila &#8211; Semmelweis Egyetem<\/p>\n","protected":false},"excerpt":{"rendered":"<p>A Szerv\u00e1t\u00fcltetettek Vil\u00e1gj\u00e1t\u00e9k\u00e1ra indul\u00f3 sportol\u00f3k t\u00f6bbs\u00e9g\u00e9t az egyetem klinik\u00e1in m\u0171t\u00f6tt\u00e9k \u00e9s gondozz\u00e1k.<\/p>\n","protected":false},"author":13,"featured_media":88107,"comment_status":"closed","ping_status":"closed","sticky":false,"template":"","format":"standard","meta":{"_acf_changed":false,"footnotes":""},"categories":[154,168],"tags":[155],"class_list":["post-88105","post","type-post","status-publish","format-standard","has-post-thumbnail","hentry","category-egeszseg","category-kiemelt","tag-sport"],"acf":[],"_links":{"self":[{"href":"https:\/\/semmelweis.hu\/hirek\/wp-json\/wp\/v2\/posts\/88105","targetHints":{"allow":["GET"]}}],"collection":[{"href":"https:\/\/semmelweis.hu\/hirek\/wp-json\/wp\/v2\/posts"}],"about":[{"href":"https:\/\/semmelweis.hu\/hirek\/wp-json\/wp\/v2\/types\/post"}],"author":[{"embeddable":true,"href":"https:\/\/semmelweis.hu\/hirek\/wp-json\/wp\/v2\/users\/13"}],"replies":[{"embeddable":true,"href":"https:\/\/semmelweis.hu\/hirek\/wp-json\/wp\/v2\/comments?post=88105"}],"version-history":[{"count":4,"href":"https:\/\/semmelweis.hu\/hirek\/wp-json\/wp\/v2\/posts\/88105\/revisions"}],"predecessor-version":[{"id":88120,"href":"https:\/\/semmelweis.hu\/hirek\/wp-json\/wp\/v2\/posts\/88105\/revisions\/88120"}],"wp:featuredmedia":[{"embeddable":true,"href":"https:\/\/semmelweis.hu\/hirek\/wp-json\/wp\/v2\/media\/88107"}],"wp:attachment":[{"href":"https:\/\/semmelweis.hu\/hirek\/wp-json\/wp\/v2\/media?parent=88105"}],"wp:term":[{"taxonomy":"category","embeddable":true,"href":"https:\/\/semmelweis.hu\/hirek\/wp-json\/wp\/v2\/categories?post=88105"},{"taxonomy":"post_tag","embeddable":true,"href":"https:\/\/semmelweis.hu\/hirek\/wp-json\/wp\/v2\/tags?post=88105"}],"curies":[{"name":"wp","href":"https:\/\/api.w.org\/{rel}","templated":true}]}}