{"id":88015,"date":"2019-12-19T09:00:39","date_gmt":"2019-12-19T08:00:39","guid":{"rendered":"http:\/\/semmelweis.hu\/hirek\/?p=88015"},"modified":"2019-12-19T16:08:46","modified_gmt":"2019-12-19T15:08:46","slug":"az-en-egyetemem-szepesi-zoltan-es-az-egyetemi-jogar","status":"publish","type":"post","link":"https:\/\/semmelweis.hu\/hirek\/2019\/12\/19\/az-en-egyetemem-szepesi-zoltan-es-az-egyetemi-jogar\/","title":{"rendered":"Az \u00e9n egyetemem \u2013 Szepesi Zolt\u00e1n \u00e9s az egyetemi jogar"},"content":{"rendered":"<p>Az egyetem m\u00e9lt\u00f3s\u00e1gjelv\u00e9nyei k\u00f6z\u00f6tt jelent\u0151s szerepet t\u00f6lt be a jogar, aminek m\u00e1solat\u00e1t itt \u0151rzik a P\u00e9nz\u00fcgyi Igazgat\u00f3s\u00e1g F\u0151p\u00e9nzt\u00e1r\u00e1ban egy z\u00e1rt vitrinben \u2013 mondta Szepesi Zolt\u00e1n, akiben, mint fogalmazott, igen er\u0151s a t\u00f6rt\u00e9nelmi t\u00e1rgyak, \u00edgy az egyetem relikvi\u00e1i ir\u00e1nt \u00e9rzett tisztelet. Ez m\u00e1r csak az\u00e9rt sem meglep\u0151, mert a Biztons\u00e1gtechnikai Igazgat\u00f3s\u00e1g rend\u00e9szeti vezet\u0151jek\u00e9nt \u0151k felelnek ezeknek az \u00e9rt\u00e9keknek az \u0151rz\u00e9s\u00e9\u00e9rt \u00e9s sz\u00e1ll\u00edt\u00e1s\u00e9\u00e9rt, \u00edgy j\u00f3l ismeri az egyetemi jelk\u00e9peket. A sz\u00e1m\u00e1ra legkedvesebbr\u0151l, a jogarr\u00f3l sz\u00e1mos \u00e9rdekess\u00e9get is megosztott.<\/p>\n<p><a href=\"https:\/\/semmelweis.hu\/hirek\/files\/2019\/08\/RS98110_IMG_5249-scr.jpg\"><img loading=\"lazy\" decoding=\"async\" class=\"size-medium wp-image-88020 alignleft\" src=\"https:\/\/semmelweis.hu\/hirek\/files\/2019\/08\/RS98110_IMG_5249-scr-400x267.jpg\" alt=\"\" width=\"400\" height=\"267\" srcset=\"https:\/\/semmelweis.hu\/hirek\/files\/2019\/08\/RS98110_IMG_5249-scr-400x267.jpg 400w, https:\/\/semmelweis.hu\/hirek\/files\/2019\/08\/RS98110_IMG_5249-scr-768x512.jpg 768w, https:\/\/semmelweis.hu\/hirek\/files\/2019\/08\/RS98110_IMG_5249-scr-900x600.jpg 900w, https:\/\/semmelweis.hu\/hirek\/files\/2019\/08\/RS98110_IMG_5249-scr-600x400.jpg 600w, https:\/\/semmelweis.hu\/hirek\/files\/2019\/08\/RS98110_IMG_5249-scr-753x502.jpg 753w, https:\/\/semmelweis.hu\/hirek\/files\/2019\/08\/RS98110_IMG_5249-scr-203x135.jpg 203w, https:\/\/semmelweis.hu\/hirek\/files\/2019\/08\/RS98110_IMG_5249-scr.jpg 950w\" sizes=\"auto, (max-width: 400px) 100vw, 400px\" \/><\/a>A Semmelweis Egyetem ma is haszn\u00e1lt jogara 1772-ben k\u00e9sz\u00fclt el a Nagyszombati Egyetem orvoskara sz\u00e1m\u00e1ra, amib\u0151l a 90-es \u00e9vekben k\u00e9sz\u00fclt egy m\u00e1solat. Az eredetit a rektor irod\u00e1j\u00e1ban egy teljesen z\u00e1rt vitrinben \u0151rzik komoly technikai v\u00e9delem mellett; a legkisebb mozg\u00e1sra is r\u00f6gt\u00f6n jelez a K\u00f6zponti Diszp\u00e9cser- \u00e9s J\u00e1r\u0151rszolg\u00e1latn\u00e1l, illetve a Portaszolg\u00e1latn\u00e1l. Nemcsak az \u0151rz\u00e9sre, a sz\u00e1ll\u00edt\u00e1sra is szigor\u00fa szab\u00e1lyok vonatkoznak \u2013 ismertette. A jogart csak keszty\u0171ben szabad meg\u00e9rinteni, fegyveres k\u00eds\u00e9rettel sz\u00e1ll\u00edtj\u00e1k a k\u00fcl\u00f6nb\u00f6z\u0151 egyetemi rendezv\u00e9nyekre; el\u0151fordul, hogy a nagyobb esem\u00e9nyekre ak\u00e1r 5-6 ember is k\u00eds\u00e9ri. Az eredetit csak nagyon ritk\u00e1n, kiemelt alkalmakkor haszn\u00e1lj\u00e1k.<\/p>\n\r\n        [slb_exclude]\r\n        <div class=\"row galeria-wrapper mx-0 h-auto\">\r\n            <div class=\"col-9 pl-0 pr-2\">\r\n            <span class=\"gallery-item frame\">\r\n\t\t\t\t<div class=\"galeria-left-img\"><a href=\"https:\/\/semmelweis.hu\/hirek\/files\/2019\/08\/RS98123_IMG_5220-scr.jpg\"><img src=https:\/\/semmelweis.hu\/hirek\/files\/2019\/08\/RS98123_IMG_5220-scr.jpg  \r\n                            alt=\"\" \r\n                            class=\"attachment-sote-gallery-big size-sote-gallery-big\" \r\n                            srcset=\"https:\/\/semmelweis.hu\/hirek\/files\/2019\/08\/RS98123_IMG_5220-scr-400x267.jpg 400w, https:\/\/semmelweis.hu\/hirek\/files\/2019\/08\/RS98123_IMG_5220-scr-768x512.jpg 768w, https:\/\/semmelweis.hu\/hirek\/files\/2019\/08\/RS98123_IMG_5220-scr-900x600.jpg 900w, https:\/\/semmelweis.hu\/hirek\/files\/2019\/08\/RS98123_IMG_5220-scr-600x400.jpg 600w, https:\/\/semmelweis.hu\/hirek\/files\/2019\/08\/RS98123_IMG_5220-scr-753x502.jpg 753w, https:\/\/semmelweis.hu\/hirek\/files\/2019\/08\/RS98123_IMG_5220-scr-203x135.jpg 203w, https:\/\/semmelweis.hu\/hirek\/files\/2019\/08\/RS98123_IMG_5220-scr.jpg 950w\" ><\/a><\/div>\r\n            <\/span>\r\n\r\n            <\/div>\r\n\r\n\t\t\t<div class=\"col-3 pl-0 pr-0\">\r\n\t\t\t\t<div class=\"galeria-right-img d-flex justify-content-between flex-column h-100 w-100 px-0 mx-0 \">\r\n                <div class=\"galeria-box\">\r\n\t\t\t\t\t<h3 class=\"galeria-title\">Gal\u00e9ria<\/h3>\r\n\t\t\t\t\t<div class=\"galeria-subtitle\">\r\n\r\n\t\t\t\t\t\t<div class=\"galeria-page-counter\"><span>4<\/span>k\u00e9p<\/div>\r\n                    <\/div> <\/div>\r\n                    <span class=\"gallery-item frame d-none d-md-flex\">\r\n\t\t\t\t\t<div class=\"galeria-small-img mt-0\"><a href=\"https:\/\/semmelweis.hu\/hirek\/files\/2019\/08\/RS98780_IMG_7398-scr.jpg\"><img src=https:\/\/semmelweis.hu\/hirek\/files\/2019\/08\/RS98780_IMG_7398-scr.jpg \r\n                                alt=\"\"  \r\n                                class=\"attachment-sote-gallery-small size-sote-gallery-small\" \r\n                                srcset=\"https:\/\/semmelweis.hu\/hirek\/files\/2019\/08\/RS98780_IMG_7398-scr-400x267.jpg 400w, https:\/\/semmelweis.hu\/hirek\/files\/2019\/08\/RS98780_IMG_7398-scr-768x512.jpg 768w, https:\/\/semmelweis.hu\/hirek\/files\/2019\/08\/RS98780_IMG_7398-scr-900x600.jpg 900w, https:\/\/semmelweis.hu\/hirek\/files\/2019\/08\/RS98780_IMG_7398-scr-600x400.jpg 600w, https:\/\/semmelweis.hu\/hirek\/files\/2019\/08\/RS98780_IMG_7398-scr-753x502.jpg 753w, https:\/\/semmelweis.hu\/hirek\/files\/2019\/08\/RS98780_IMG_7398-scr-203x135.jpg 203w, https:\/\/semmelweis.hu\/hirek\/files\/2019\/08\/RS98780_IMG_7398-scr.jpg 950w\" ><\/a><\/div>\r\n                    <\/span>\r\n                    <span class=\"gallery-item frame d-none d-md-flex\">\r\n\t\t\t\t\t<div class=\"galeria-small-img mt-0\"><a href=\"https:\/\/semmelweis.hu\/hirek\/files\/2019\/08\/RS98118_IMG_5230-scr.jpg\"><img src=https:\/\/semmelweis.hu\/hirek\/files\/2019\/08\/RS98118_IMG_5230-scr.jpg \r\n                                alt=\"\" \r\n                                class=\"attachment-sote-gallery-small size-sote-gallery-small\" \r\n                                srcset=\"https:\/\/semmelweis.hu\/hirek\/files\/2019\/08\/RS98118_IMG_5230-scr-400x267.jpg 400w, https:\/\/semmelweis.hu\/hirek\/files\/2019\/08\/RS98118_IMG_5230-scr-768x512.jpg 768w, https:\/\/semmelweis.hu\/hirek\/files\/2019\/08\/RS98118_IMG_5230-scr-900x600.jpg 900w, https:\/\/semmelweis.hu\/hirek\/files\/2019\/08\/RS98118_IMG_5230-scr-600x400.jpg 600w, https:\/\/semmelweis.hu\/hirek\/files\/2019\/08\/RS98118_IMG_5230-scr-753x502.jpg 753w, https:\/\/semmelweis.hu\/hirek\/files\/2019\/08\/RS98118_IMG_5230-scr-203x135.jpg 203w, https:\/\/semmelweis.hu\/hirek\/files\/2019\/08\/RS98118_IMG_5230-scr.jpg 950w\" ><\/a><\/div>\r\n                    <\/span>\r\n\r\n                <\/div>\r\n\r\n            <\/div>\r\n\r\n            <span class=\"gallery-item\"><div class=\"hidden\"><a href=\"https:\/\/semmelweis.hu\/hirek\/files\/2019\/08\/RS98117_IMG_5231-scr.jpg\">\r\n        <img src=https:\/\/semmelweis.hu\/hirek\/files\/2019\/08\/RS98117_IMG_5231-scr.jpg alt=\"\" class=\"attachment-sote-gallery-big size-sote-gallery-big\" srcset=\"https:\/\/semmelweis.hu\/hirek\/files\/2019\/08\/RS98117_IMG_5231-scr-400x346.jpg 400w, https:\/\/semmelweis.hu\/hirek\/files\/2019\/08\/RS98117_IMG_5231-scr-768x665.jpg 768w, https:\/\/semmelweis.hu\/hirek\/files\/2019\/08\/RS98117_IMG_5231-scr-600x520.jpg 600w, https:\/\/semmelweis.hu\/hirek\/files\/2019\/08\/RS98117_IMG_5231-scr-753x652.jpg 753w, https:\/\/semmelweis.hu\/hirek\/files\/2019\/08\/RS98117_IMG_5231-scr.jpg 866w\" >\r\n        <\/a><\/div><\/span>\r\n            <\/div>\r\n\r\n            [\/slb_exclude]\r\n\t\n<p>Szepesi Zolt\u00e1n elmondta, az eredeti \u00e9s a m\u00e1solat k\u00f6z\u00f6tt, b\u00e1r els\u0151 r\u00e1n\u00e9z\u00e9sre nagyon hasonl\u00edt egym\u00e1sra, b\u0151ven akadnak k\u00fcl\u00f6nbs\u00e9gek \u2013 a t\u00f6bb sz\u00e1z \u00e9v megl\u00e1tszik a k\u00e9sz\u00edt\u00e9si technik\u00e1ban is \u2013 amit a szakavatott szemek r\u00f6gt\u00f6n \u00e9szre is vesznek. Mint mondta, a Vagyonv\u00e9delmi Oszt\u00e1ly t\u00f6bb munkat\u00e1rsa azonnal felismeri ezeket a k\u00fcl\u00f6nbs\u00e9geket. A t\u00f6bb kil\u00f3s, arany \u00e9s ez\u00fcst \u00f6tv\u00f6zet\u00e9b\u0151l k\u00e9sz\u00fclt jogar tetej\u00e9n Szent Luk\u00e1cs, az orvosok v\u00e9d\u0151szentje tal\u00e1lhat\u00f3. A fejezet alatti n\u00f3duszon orvosszentek szerepelnek: Szent Kozma \u00e9s Szent Damj\u00e1n.<\/p>\n<p>Szepesi Zolt\u00e1n sz\u00edv\u00e9hez k\u00f6zel \u00e1ll egy m\u00e1sik t\u00e1rgyi eml\u00e9k is, amire \u0151 maga bukkant r\u00e1 az interneten, \u00e9s amir\u0151l azt\u00e1n kider\u00fclt, hogy a magyar b\u00e1bak\u00e9pz\u00e9sben haszn\u00e1lt\u00e1k, melynek egyik b\u00e1sty\u00e1ja a Semmelweis Egyetem volt. \u201eEz egy \u00f6t perces homok\u00f3ra, ami egykor a Magyar B\u00e1bak\u00e9pz\u0151 fal\u00e1t d\u00edsz\u00edtette, melynek egyik k\u00f6zpontja a R\u00f6kk Szil\u00e1rd utc\u00e1ban volt\u201d \u2013 mes\u00e9lte. Az \u00f3r\u00e1t megv\u00e1s\u00e1rolt\u00e1k, \u00edgy az \u00a0jelenleg a Biztons\u00e1gtechnikai Igazgat\u00f3s\u00e1g oszt\u00e1lyvezet\u0151i irod\u00e1j\u00e1nak fal\u00e1t d\u00edsz\u00edti, s\u0151t m\u00e1r funkci\u00f3ja is van, sz\u00fcks\u00e9g eset\u00e9n a koll\u00e9g\u00e1k felsz\u00f3lal\u00e1si idej\u00e9t jelzi \u2013 mondta mosolyogva Szepesi Zolt\u00e1n, aki \u00f6t \u00e9ve dolgozik az igazgat\u00f3s\u00e1gon. \u00a0<\/p>\n<p>B\u00f3di Bernadett<br \/>\nFot\u00f3: Kov\u00e1cs Attila &#8211; Semmelweis Egyetem\u00a0<\/p>\n<p><em>Cikksorozatunkban egyetemi polg\u00e1rokat k\u00e9r\u00fcnk arra, hogy mutass\u00e1k meg a kedvenc egyetemi helysz\u00edn\u00fcket. Az alap\u00edt\u00e1s 250. jubileuma alkalm\u00e1b\u00f3l ind\u00edtott sorozat tov\u00e1bbi r\u00e9szei megtekinthet\u0151k a\u00a0<a href=\"https:\/\/semmelweis.hu\/250\/\" target=\"_blank\" rel=\"noopener noreferrer\">Semmelweis 250 honlapon<\/a>.<\/em><\/p>\n","protected":false},"excerpt":{"rendered":"<p>Az egyetem m\u00e9lt\u00f3s\u00e1gjelv\u00e9nyei k\u00f6z\u00f6tt jelent\u0151s szerepet t\u00f6lt be a jogar &#8211; mondta Szepesi Zolt\u00e1n.<\/p>\n","protected":false},"author":101282,"featured_media":88018,"comment_status":"closed","ping_status":"closed","sticky":false,"template":"","format":"standard","meta":{"_acf_changed":false,"footnotes":""},"categories":[157,168],"tags":[4221,4237,4218],"class_list":["post-88015","post","type-post","status-publish","format-standard","has-post-thumbnail","hentry","category-semmelweis-vilag","category-kiemelt","tag-az-en-egyetemem","tag-jubileumi-cikksorozat","tag-semmelweis-250"],"acf":[],"_links":{"self":[{"href":"https:\/\/semmelweis.hu\/hirek\/wp-json\/wp\/v2\/posts\/88015","targetHints":{"allow":["GET"]}}],"collection":[{"href":"https:\/\/semmelweis.hu\/hirek\/wp-json\/wp\/v2\/posts"}],"about":[{"href":"https:\/\/semmelweis.hu\/hirek\/wp-json\/wp\/v2\/types\/post"}],"author":[{"embeddable":true,"href":"https:\/\/semmelweis.hu\/hirek\/wp-json\/wp\/v2\/users\/101282"}],"replies":[{"embeddable":true,"href":"https:\/\/semmelweis.hu\/hirek\/wp-json\/wp\/v2\/comments?post=88015"}],"version-history":[{"count":10,"href":"https:\/\/semmelweis.hu\/hirek\/wp-json\/wp\/v2\/posts\/88015\/revisions"}],"predecessor-version":[{"id":93115,"href":"https:\/\/semmelweis.hu\/hirek\/wp-json\/wp\/v2\/posts\/88015\/revisions\/93115"}],"wp:featuredmedia":[{"embeddable":true,"href":"https:\/\/semmelweis.hu\/hirek\/wp-json\/wp\/v2\/media\/88018"}],"wp:attachment":[{"href":"https:\/\/semmelweis.hu\/hirek\/wp-json\/wp\/v2\/media?parent=88015"}],"wp:term":[{"taxonomy":"category","embeddable":true,"href":"https:\/\/semmelweis.hu\/hirek\/wp-json\/wp\/v2\/categories?post=88015"},{"taxonomy":"post_tag","embeddable":true,"href":"https:\/\/semmelweis.hu\/hirek\/wp-json\/wp\/v2\/tags?post=88015"}],"curies":[{"name":"wp","href":"https:\/\/api.w.org\/{rel}","templated":true}]}}