{"id":8727,"date":"2011-11-21T14:53:57","date_gmt":"2011-11-21T13:53:57","guid":{"rendered":"http:\/\/semmelweis-egyetem.hu\/hirek\/?p=8727"},"modified":"2017-10-13T14:05:48","modified_gmt":"2017-10-13T12:05:48","slug":"elhunyt-bus-agota","status":"publish","type":"post","link":"https:\/\/semmelweis.hu\/hirek\/2011\/11\/21\/elhunyt-bus-agota\/","title":{"rendered":"Elhunyt B\u00fas \u00c1gota"},"content":{"rendered":"<p><img loading=\"lazy\" decoding=\"async\" class=\"alignleft size-medium wp-image-8728\" src=\"https:\/\/semmelweis.hu\/hirek\/files\/2011\/11\/B\u00fas_\u00c1gota1-240x300.jpg\" alt=\"\" width=\"240\" height=\"300\" srcset=\"https:\/\/semmelweis.hu\/hirek\/files\/2011\/11\/B\u00fas_\u00c1gota1-240x300.jpg 240w, https:\/\/semmelweis.hu\/hirek\/files\/2011\/11\/B\u00fas_\u00c1gota1-320x400.jpg 320w\" sizes=\"auto, (max-width: 240px) 100vw, 240px\" \/>B\u00facs\u00fa B\u00fas \u00c1got\u00e1t\u00f3l<\/p>\n<p>Szomor\u00fa h\u00edrre \u00e9bredt\u00fcnk 2011. november 20-\u00e1n, vas\u00e1rnap. 52 \u00e9ves kor\u00e1ban elhunyt B\u00fas \u00c1gota, a Semmelweis Egyetem Rektori Hivatal\u00e1nak kor\u00e1bbi vezet\u0151je. B\u00fas \u00c1gota 1959. november 16-\u00e1n sz\u00fcletett Tat\u00e1n. Diplom\u00e1j\u00e1t a szegedi egyetem b\u00f6lcs\u00e9szettudom\u00e1nyi kar\u00e1n szerezte t\u00e1rsadalomtudom\u00e1nyi ford\u00edt\u00f3-tolm\u00e1cs szakon. 1993-t\u00f3l a Testnevel\u00e9si Egyetemen dolgozott, majd a Semmelweis Egyetem (SE) Testnevel\u00e9si \u00e9s Sporttudom\u00e1nyi Kar d\u00e9k\u00e1ni hivatal\u00e1nak vezet\u0151je volt. Ezt k\u00f6vet\u0151en a SE Strat\u00e9giai \u00e9s M\u0171k\u00f6d\u00e9sfejleszt\u00e9si F\u0151igazgat\u00f3s\u00e1g Projektmenedzseri K\u00f6zpontj\u00e1ban, k\u00e9s\u0151bb a SE Rektori Hivatal\u00e1ban, v\u00e9g\u00fcl ebben az \u00e9vben m\u00e1r a Rektorhelyettesi Irod\u00e1n tev\u00e9kenykedett, legal\u00e1bbis abban a r\u00f6vid id\u0151ben, amelyet a kegyetlen betegs\u00e9g meghagyott neki.<\/p>\n<p>Nagyon sokan szeretn\u00e9k tudni el\u0151re, hogy mit tartogat sz\u00e1mukra a sors. Van, aki jelent\u0151s \u00e1ldozatra is k\u00e9pes az\u00e9rt, hogy kif\u00fcrk\u00e9ssze a j\u00f6v\u0151 titkait. Ez azonban nem siker\u00fcl senkinek. Ha a teremt\u0151 az emberis\u00e9gnek \u00e9s az egyes embereknek j\u00f3t akart, akkor a j\u00f6v\u0151 f\u00e1tyolba bor\u00edt\u00e1s\u00e1val k\u00e9ts\u00e9gtelen\u00fcl hatalmas adom\u00e1nyt \u00e9s lehet\u0151s\u00e9get bocs\u00e1tott rendelkez\u00e9s\u00fckre. Elk\u00e9pzelni sem tudom, hogy mit kezden\u00e9nk azzal az inform\u00e1ci\u00f3val, amely j\u00f6v\u0151nknek, \u00e9lethosszunknak, hal\u00e1lunk m\u00f3dj\u00e1nak \u00e9s idej\u00e9nek pontos adataira vonatkozna. Augustinus vallja: <em>\u201eutols\u00f3 napunk rejtve van el\u0151tt\u00fcnk, hogy minden napot megbecs\u00fclj\u00fcnk\u201d<\/em>.<\/p>\n<p>Egy \u00e9vvel ezel\u0151tt B\u00fas \u00c1gota is der\u0171sen tervezte \u00e9let\u00e9t a Rektori Hivatalban, \u00e9s nem gondolt arra, hogy f\u00e9l \u00e9vre r\u00e1 egy k\u00e9ts\u00e9gbeejt\u0151 diagn\u00f3zissal kell szemben\u00e9znie, \u00e9s \u00fajabb f\u00e9l\u00e9v m\u00falva m\u00e1r el is ragadja a gyilkos k\u00f3r. J\u00f3, hogy nem tudta el\u0151re, mit hoz sz\u00e1m\u00e1ra a j\u00f6v\u0151. \u00cdgy nagyon sok\u00e1ig vel\u00fcnk egy\u00fctt b\u00edzhatott a gy\u00f3gyul\u00e1sban, m\u00e9g akkor is, amikor az \u00e9letment\u0151 kezel\u00e9s megkezd\u0151d\u00f6tt \u00e9s azzal egy\u00fctt a k\u00e9rlelhetetlen visszasz\u00e1ml\u00e1l\u00e1s is. A k\u00fczdelem \u2013 ahogyan az olyan sokszor lenni szokott \u2013 azonban megint a betegs\u00e9g gy\u0151zelm\u00e9vel v\u00e9gz\u0151d\u00f6tt, \u00e9s rem\u00e9nys\u00e9g\u00fcnk most m\u00e1r csak a f\u00f6ld\u00f6nt\u00fali l\u00e9tez\u00e9s \u00e9l\u0151 ember \u00e1ltal meg nem ismerhet\u0151 \u00edg\u00e9ret\u00e9ben lehet.<\/p>\n<p>B\u00fas \u00c1got\u00e1val t\u00f6bb \u00e9ven kereszt\u00fcl volt alkalmam egy\u00fctt dolgozni. Szeretetre m\u00e9lt\u00f3, komoly, de mindig j\u00f3kedv\u0171 term\u00e9szete szinte predesztin\u00e1lta a hivatalvezet\u0151i feladatk\u00f6r bet\u00f6lt\u00e9s\u00e9re, ahol nagyon sok, k\u00fcl\u00f6nb\u00f6z\u0151 feladatk\u00f6r\u0171 munkat\u00e1rssal kellett egyidej\u0171leg egy\u00fctt dolgoznia \u00e9s megtal\u00e1lnia a megfelel\u0151 hangot. Hossz\u00fa egyetemi p\u00e1lyafut\u00e1sa eredm\u00e9nyek\u00e9ppen nagyon j\u00f3l \u00e1tl\u00e1tta a fels\u0151oktat\u00e1si hierarchia minden szintj\u00e9t, a k\u00e9zbes\u00edt\u0151kt\u0151l az adminisztr\u00e1torokon \u00e1t az egyetem fels\u0151 vezet\u0151inek szintj\u00e9ig. Pontos \u00e9s lelkiismeretes hozz\u00e1\u00e1ll\u00e1sa miatt a Rektori Hivatal munk\u00e1ja vezet\u00e9se alatt mindig kifog\u00e1stalanul m\u0171k\u00f6d\u00f6tt. Hi\u00e1nya mindannyiunk sz\u00edv\u00e9ben nagyon komoly \u0171rt hagy, amelyet nem lesz k\u00f6nny\u0171 bet\u00f6lteni.<\/p>\n<p>Seneca szavaival b\u00facs\u00fazom B\u00fas \u00c1got\u00e1t\u00f3l. <em>\u201eSemmi sem \u00f6r\u00f6kre a mi\u00e9nk: sz\u00ednpadunkat innen-onnan \u00f6sszeszedett kell\u00e9kek d\u00edsz\u00edtik, amelyek azt\u00e1n tulajdonosaikhoz visszaker\u00fclnek; az egyiket m\u00e9g aznap, a m\u00e1sikat m\u00e1r m\u00e1snap visszaadjuk, csak n\u00e9h\u00e1ny marad ott az el\u0151ad\u00e1s v\u00e9g\u00e9ig. Amiben \u00e9l\u00fcnk, nem a mi tulajdonunk: k\u00f6lcs\u00f6nbe kaptuk csup\u00e1n. K\u00f6teless\u00e9g\u00fcnk kez\u00fcnk \u00fcgy\u00e9ben tartanunk mindazt, amit bizonytalan id\u0151re k\u00f6lcs\u00f6nkaptunk, \u00e9s z\u00fagol\u00f3d\u00e1s n\u00e9lk\u00fcl vissza kell adnunk, ha felsz\u00f3l\u00edtanak: csak a legrosszabb ad\u00f3s szokott a hitelez\u0151ivel p\u00f6rlekedni.\u201d<\/em><\/p>\n<p>Dr. Sz\u00e9l \u00c1goston<br \/>\n\u00e1ltal\u00e1nos rektorhelyettes<\/p>\n<p>A gy\u00e1szjelent\u00e9s <a href=\"https:\/\/semmelweis.hu\/hirek\/files\/2011\/11\/Gyaszjelentes_Bus_Agota.pdf\">ezen a linken <\/a>olvashat\u00f3.<\/p>\n","protected":false},"excerpt":{"rendered":"<p>B\u00facs\u00fa B\u00fas \u00c1got\u00e1t\u00f3l Szomor\u00fa h\u00edrre \u00e9bredt\u00fcnk 2011. november 20-\u00e1n, vas\u00e1rnap. 52 \u00e9ves kor\u00e1ban elhunyt B\u00fas \u00c1gota, a Semmelweis Egyetem Rektori Hivatal\u00e1nak kor\u00e1bbi vezet\u0151je. B\u00fas \u00c1gota 1959. november 16-\u00e1n sz\u00fcletett Tat\u00e1n. Diplom\u00e1j\u00e1t a szegedi egyetem b\u00f6lcs\u00e9szettudom\u00e1nyi kar\u00e1n szerezte t\u00e1rsadalomtudom\u00e1nyi ford\u00edt\u00f3-tolm\u00e1cs szakon. 1993-t\u00f3l a Testnevel\u00e9si Egyetemen dolgozott, majd a Semmelweis Egyetem (SE) Testnevel\u00e9si \u00e9s Sporttudom\u00e1nyi Kar d\u00e9k\u00e1ni &hellip;<\/p>\n","protected":false},"author":11,"featured_media":8728,"comment_status":"closed","ping_status":"open","sticky":false,"template":"","format":"standard","meta":{"_acf_changed":false,"footnotes":""},"categories":[],"tags":[345,4108],"class_list":["post-8727","post","type-post","status-publish","format-standard","has-post-thumbnail","hentry","tag-esemenyek-es-beszamolok","tag-gyaszhir"],"acf":[],"_links":{"self":[{"href":"https:\/\/semmelweis.hu\/hirek\/wp-json\/wp\/v2\/posts\/8727","targetHints":{"allow":["GET"]}}],"collection":[{"href":"https:\/\/semmelweis.hu\/hirek\/wp-json\/wp\/v2\/posts"}],"about":[{"href":"https:\/\/semmelweis.hu\/hirek\/wp-json\/wp\/v2\/types\/post"}],"author":[{"embeddable":true,"href":"https:\/\/semmelweis.hu\/hirek\/wp-json\/wp\/v2\/users\/11"}],"replies":[{"embeddable":true,"href":"https:\/\/semmelweis.hu\/hirek\/wp-json\/wp\/v2\/comments?post=8727"}],"version-history":[{"count":2,"href":"https:\/\/semmelweis.hu\/hirek\/wp-json\/wp\/v2\/posts\/8727\/revisions"}],"predecessor-version":[{"id":67265,"href":"https:\/\/semmelweis.hu\/hirek\/wp-json\/wp\/v2\/posts\/8727\/revisions\/67265"}],"wp:featuredmedia":[{"embeddable":true,"href":"https:\/\/semmelweis.hu\/hirek\/wp-json\/wp\/v2\/media\/8728"}],"wp:attachment":[{"href":"https:\/\/semmelweis.hu\/hirek\/wp-json\/wp\/v2\/media?parent=8727"}],"wp:term":[{"taxonomy":"category","embeddable":true,"href":"https:\/\/semmelweis.hu\/hirek\/wp-json\/wp\/v2\/categories?post=8727"},{"taxonomy":"post_tag","embeddable":true,"href":"https:\/\/semmelweis.hu\/hirek\/wp-json\/wp\/v2\/tags?post=8727"}],"curies":[{"name":"wp","href":"https:\/\/api.w.org\/{rel}","templated":true}]}}