{"id":86813,"date":"2019-07-03T12:07:21","date_gmt":"2019-07-03T10:07:21","guid":{"rendered":"http:\/\/semmelweis.hu\/hirek\/?p=86813"},"modified":"2019-08-05T19:35:43","modified_gmt":"2019-08-05T17:35:43","slug":"a-varosmajori-klinika-szakorvosjeloltje-nyerte-a-kardiologusok-europai-versenyet","status":"publish","type":"post","link":"https:\/\/semmelweis.hu\/hirek\/2019\/07\/03\/a-varosmajori-klinika-szakorvosjeloltje-nyerte-a-kardiologusok-europai-versenyet\/","title":{"rendered":"A V\u00e1rosmajori Klinika szakorvosjel\u00f6ltje nyerte a kardiol\u00f3gusok eur\u00f3pai verseny\u00e9t"},"content":{"rendered":"<p class=\"lead\">A V\u00e1rosmajori Sz\u00edv- \u00e9s \u00c9rgy\u00f3gy\u00e1szati Klinika fiatal szakorvosjel\u00f6ltj\u00e9t tal\u00e1lta a legjobbnak a nemzetk\u00f6zi zs\u0171ri a m\u00e1sodik eur\u00f3pai pacemaker versenyen, Valenci\u00e1ban. Dr. D\u00e9r G\u00e1bor a pacemaker programoz\u00e1si \u00e9s \u00a0ut\u00e1nk\u00f6vet\u00e9si esetbemutat\u00e1s verseny\u00e9ben hozta el az els\u0151 d\u00edjat. Nemcsak az \u00fajabb gy\u0151zelem bizony\u00edtja, hogy haz\u00e1nk a vil\u00e1g \u00e9lvonal\u00e1ban van, de az is, hogy a j\u00f6v\u0151 \u00e9vi rendezv\u00e9ny helysz\u00edn\u00e9\u00fcl Budapestet v\u00e1lasztott\u00e1k a szervez\u0151k \u2013 fogalmazott dr. Gell\u00e9r L\u00e1szl\u00f3, a d\u00edjazott egyik mentora, a Kardiol\u00f3giai Tansz\u00e9k &#8211; Kardiol\u00f3giai K\u00f6zpont tansz\u00e9kvezet\u0151-helyettese, a Magyar Kardiol\u00f3gusok T\u00e1rsas\u00e1g\u00e1nak eln\u00f6ks\u00e9gi tagja.<\/p>\n<p>Az id\u00e9n m\u00e1sodszor megrendezett pacemaker versenyen 18 orsz\u00e1g indult. A pacemaker-programoz\u00e1si \u00e9s ut\u00e1nk\u00f6vet\u00e9si szekci\u00f3ban 8 jel\u00f6lt k\u00f6z\u00fcl dr. D\u00e9r G\u00e1bor, a V\u00e1rosmajori Sz\u00edv- \u00e9s \u00c9rgy\u00f3gy\u00e1szati Klinika szakorvosjel\u00f6ltje lett a legjobb a Vitatron\/Medtronic \u00e1ltal szervezett World Pacing Series szimp\u00f3ziumon. Ez a versenysz\u00e1m a k\u00fcl\u00f6nb\u00f6z\u0151 pacemaker m\u0171k\u00f6d\u00e9si probl\u00e9m\u00e1k programoz\u00e1ssal t\u00f6rt\u00e9n\u0151 megold\u00e1s\u00e1val foglalkozott. Tud\u00e1s, elhivatotts\u00e1g, kreativit\u00e1s \u00e9s csapatmunka \u2013 ennek az egys\u00e9ge az, aminek k\u00f6sz\u00f6nhet\u0151en nemcsak a magyar kardiol\u00f3gia, de m\u00e1r a fiatal szakorvosjel\u00f6ltjeink is a vil\u00e1g \u00e9lvonal\u00e1ba ker\u00fcltek \u2013 hangs\u00falyozta dr. Gell\u00e9r L\u00e1szl\u00f3, a klinika Kardiol\u00f3giai Tansz\u00e9k &#8211; Kardiol\u00f3giai K\u00f6zpontj\u00e1nak tansz\u00e9kvezet\u0151-helyettese, a Magyar Kardiol\u00f3gusok T\u00e1rsas\u00e1g\u00e1nak eln\u00f6ks\u00e9gi tagja. \u201e\u00d3ri\u00e1si dolog, hogy mindig tudunk valami olyat hozni a nemzetk\u00f6zi szakmai versenyre, amiben az els\u0151k vagyunk\u201d \u2013 f\u0171zte hozz\u00e1.<\/p>\n<p><a href=\"https:\/\/semmelweis.hu\/hirek\/files\/2019\/06\/IMAGE.jpeg\"><img loading=\"lazy\" decoding=\"async\" class=\"aligncenter size-large wp-image-86814\" src=\"https:\/\/semmelweis.hu\/hirek\/files\/2019\/06\/IMAGE-900x675.jpeg\" alt=\"\" width=\"753\" height=\"565\" srcset=\"https:\/\/semmelweis.hu\/hirek\/files\/2019\/06\/IMAGE-900x675.jpeg 900w, https:\/\/semmelweis.hu\/hirek\/files\/2019\/06\/IMAGE-400x300.jpeg 400w, https:\/\/semmelweis.hu\/hirek\/files\/2019\/06\/IMAGE-768x576.jpeg 768w, https:\/\/semmelweis.hu\/hirek\/files\/2019\/06\/IMAGE-600x450.jpeg 600w, https:\/\/semmelweis.hu\/hirek\/files\/2019\/06\/IMAGE-753x565.jpeg 753w\" sizes=\"auto, (max-width: 753px) 100vw, 753px\" \/><\/a>A V\u00e1rosmajori Sz\u00edv-\u00e9s \u00c9rgy\u00f3gy\u00e1szati Klinika 28 \u00e9ves szakorvosjel\u00f6ltje egy, a v\u00e1rosmajori klinik\u00e1n v\u00e9gzett, sz\u00f6v\u0151dm\u00e9nyekkel nehez\u00edtett pacemaker implant\u00e1ci\u00f3 (be\u00fcltet\u00e9s) nyomon k\u00f6vet\u00e9s\u00e9t, \u00e9s az annak sor\u00e1n kialakult, el\u0151re nem l\u00e1that\u00f3 probl\u00e9m\u00e1k folyamatos megold\u00e1s\u00e1t mutatta be. Mint elmondta, a beteget a mentorai kezelt\u00e9k, \u0151 pedig szakorvosjel\u00f6ltk\u00e9nt annak tudom\u00e1nyos h\u00e1tter\u00e9t \u00e9s pontos esetbemutat\u00e1s\u00e1t k\u00e9sz\u00edtette el. \u201eMaga a munka, \u00e9s az, hogy a klinik\u00e1n bizalmat szavaztak nekem, nagyon inspir\u00e1lt \u00e9s sok er\u0151t adott. A gy\u0151zelem pedig olyan elismer\u00e9s, ami m\u00e9g ink\u00e1bb meger\u0151s\u00edt abban, hogy nek\u00fcnk, fiataloknak van j\u00f6v\u0151nk, vannak perspekt\u00edv\u00e1k, \u00e9s munk\u00e1val, tud\u00e1sv\u00e1ggyal, elhivatotts\u00e1ggal lehet itthon is boldogulni\u201d \u2013 fogalmazott \u00a0Dr. D\u00e9r G\u00e1bor.<\/p>\n<p>Forr\u00e1s \u00e9s fot\u00f3: Sensationevent.hu<\/p>\n","protected":false},"excerpt":{"rendered":"<p>Az id\u00e9n m\u00e1sodszor megrendezett pacemaker versenyen 18 orsz\u00e1g indult.<\/p>\n","protected":false},"author":101282,"featured_media":86815,"comment_status":"closed","ping_status":"closed","sticky":false,"template":"","format":"standard","meta":{"_acf_changed":false,"footnotes":""},"categories":[161],"tags":[],"class_list":["post-86813","post","type-post","status-publish","format-standard","has-post-thumbnail","hentry","category-tudomany"],"acf":[],"_links":{"self":[{"href":"https:\/\/semmelweis.hu\/hirek\/wp-json\/wp\/v2\/posts\/86813","targetHints":{"allow":["GET"]}}],"collection":[{"href":"https:\/\/semmelweis.hu\/hirek\/wp-json\/wp\/v2\/posts"}],"about":[{"href":"https:\/\/semmelweis.hu\/hirek\/wp-json\/wp\/v2\/types\/post"}],"author":[{"embeddable":true,"href":"https:\/\/semmelweis.hu\/hirek\/wp-json\/wp\/v2\/users\/101282"}],"replies":[{"embeddable":true,"href":"https:\/\/semmelweis.hu\/hirek\/wp-json\/wp\/v2\/comments?post=86813"}],"version-history":[{"count":7,"href":"https:\/\/semmelweis.hu\/hirek\/wp-json\/wp\/v2\/posts\/86813\/revisions"}],"predecessor-version":[{"id":88030,"href":"https:\/\/semmelweis.hu\/hirek\/wp-json\/wp\/v2\/posts\/86813\/revisions\/88030"}],"wp:featuredmedia":[{"embeddable":true,"href":"https:\/\/semmelweis.hu\/hirek\/wp-json\/wp\/v2\/media\/86815"}],"wp:attachment":[{"href":"https:\/\/semmelweis.hu\/hirek\/wp-json\/wp\/v2\/media?parent=86813"}],"wp:term":[{"taxonomy":"category","embeddable":true,"href":"https:\/\/semmelweis.hu\/hirek\/wp-json\/wp\/v2\/categories?post=86813"},{"taxonomy":"post_tag","embeddable":true,"href":"https:\/\/semmelweis.hu\/hirek\/wp-json\/wp\/v2\/tags?post=86813"}],"curies":[{"name":"wp","href":"https:\/\/api.w.org\/{rel}","templated":true}]}}