{"id":86768,"date":"2019-07-01T23:00:13","date_gmt":"2019-07-01T21:00:13","guid":{"rendered":"http:\/\/semmelweis.hu\/hirek\/?p=86768"},"modified":"2019-07-01T12:16:21","modified_gmt":"2019-07-01T10:16:21","slug":"bolyai-osztondijat-es-emleklapot-kapott-az-egyetem-12-munkatarsa","status":"publish","type":"post","link":"https:\/\/semmelweis.hu\/hirek\/2019\/07\/01\/bolyai-osztondijat-es-emleklapot-kapott-az-egyetem-12-munkatarsa\/","title":{"rendered":"Bolyai-\u00f6szt\u00f6nd\u00edjat \u00e9s eml\u00e9klapot kapott az egyetem 12 munkat\u00e1rsa"},"content":{"rendered":"<p class=\"lead\">Hatan kaptak Bolyai J\u00e1nos Kutat\u00e1si \u00d6szt\u00f6nd\u00edjat a Semmelweis Egyetemr\u0151l, szint\u00e9n hat egyetemi kutat\u00f3t pedig Bolyai-eml\u00e9klappal t\u00fcntettek ki a Magyar Tudom\u00e1nyos Akad\u00e9mi\u00e1n (MTA) megrendezett Bolyai-nap keret\u00e9ben. Az MTA \u00f6sszesen 151 PhD fokozattal rendelkez\u0151 kutat\u00f3 munk\u00e1j\u00e1t t\u00e1mogatja az \u00f6szt\u00f6nd\u00edjjal id\u00e9n. 837 p\u00e1ly\u00e1zat \u00e9rkezett a ki\u00edr\u00e1sra.<\/p>\n<p>A Bolyai J\u00e1nos Kutat\u00e1si \u00d6szt\u00f6nd\u00edj Kurat\u00f3rium\u00e1nak tagjai huszonkettedik alkalommal \u00edt\u00e9lt\u00e9k oda a fiatal kutat\u00f3k legnagyobb preszt\u00edzs\u0171 \u00f6szt\u00f6nd\u00edj\u00e1t, melyet id\u00e9n 837 \u00e9rv\u00e9nyesen p\u00e1ly\u00e1z\u00f3 k\u00f6z\u00fcl 151-en nyertek el. A Semmelweis Egyetem hat nyertes p\u00e1ly\u00e1z\u00f3ja dr. Dunkel Petra Zs\u00f3fia (Szerves Vegytani Int\u00e9zet), dr. Ger\u0151 Domokos Marcell (K\u00f3r\u00e9lettani Int\u00e9zet), dr. Kapit\u00e1ny-F\u00f6v\u00e9ny M\u00e1t\u00e9 (Addiktol\u00f3giai Tansz\u00e9k), dr. Matkovicsn\u00e9 Varga Andrea (Biofizikai \u00e9s Sug\u00e1rbiol\u00f3giai Int\u00e9zet), dr. T\u00f3th Gerg\u0151 (Gy\u00f3gyszer\u00e9szi K\u00e9miai Int\u00e9zet), dr. Varga Zolt\u00e1n (Farmakol\u00f3giai \u00e9s Farmakoter\u00e1pi\u00e1s Int\u00e9zet). Az \u00f6szt\u00f6nd\u00edjasok teljes list\u00e1ja <a href=\"https:\/\/semmelweis.hu\/hirek\/files\/2019\/06\/bolyai_felvettek_2019.pdf\">ide kattintva<\/a> olvashat\u00f3.<\/p>\n<p>A Bolyai-napon <a href=\"https:\/\/semmelweis.hu\/hirek\/files\/2019\/06\/bolyai_felvettek_2019.pdf\">Bolyai-plakettet<\/a>, illetve <a href=\"https:\/\/semmelweis.hu\/hirek\/files\/2019\/06\/bolyai_felvettek_2019.pdf\">eml\u00e9klapot<\/a> vehettek \u00e1t azok az \u00f6szt\u00f6nd\u00edjasok, akik z\u00e1r\u00f3 kutat\u00f3i jelent\u00e9s\u00fckre kiemelked\u0151 min\u0151s\u00edt\u00e9st kaptak. A Kurat\u00f3rium 172 f\u0151 z\u00e1r\u00f3 kutat\u00f3i jelent\u00e9s\u00e9t \u00e9rt\u00e9kelte, k\u00f6z\u00fcl\u00fck 80 f\u0151nek eml\u00e9klapot, 14 f\u0151nek pedig plakettet is adom\u00e1nyozott. A Semmelweis Egyetem hat Bolyai-eml\u00e9klapot kapott munkat\u00e1rsa: dr. Bikov Andr\u00e1s (Pulmonol\u00f3giai Klinika), dr. Kenessey Istv\u00e1n (II. Sz. Patol\u00f3giai Int\u00e9zet), dr. Szanda Gerg\u0151 (\u00c9lettani Int\u00e9zet), dr. Sz\u00e1sz Attila Marcell (Onkol\u00f3giai K\u00f6zpont), dr. Tam\u00e1si Lilla (Pulmonol\u00f3giai Klinika), dr. Wiener Zolt\u00e1n (Genetikai, Sejt- \u00e9s Immunbiol\u00f3giai Int\u00e9zet).<\/p>\n\r\n        [slb_exclude]\r\n        <div class=\"row galeria-wrapper mx-0 h-auto\">\r\n            <div class=\"col-9 pl-0 pr-2\">\r\n            <span class=\"gallery-item frame\">\r\n\t\t\t\t<div class=\"galeria-left-img\"><a href=\"https:\/\/semmelweis.hu\/hirek\/files\/2019\/06\/48132926581_a0dc50ac15_z.jpg\"><img src=https:\/\/semmelweis.hu\/hirek\/files\/2019\/06\/48132926581_a0dc50ac15_z.jpg  \r\n                            alt=\"\" \r\n                            class=\"attachment-sote-gallery-big size-sote-gallery-big\" \r\n                            srcset=\"https:\/\/semmelweis.hu\/hirek\/files\/2019\/06\/48132926581_a0dc50ac15_z-400x267.jpg 400w, https:\/\/semmelweis.hu\/hirek\/files\/2019\/06\/48132926581_a0dc50ac15_z-600x400.jpg 600w, https:\/\/semmelweis.hu\/hirek\/files\/2019\/06\/48132926581_a0dc50ac15_z-203x135.jpg 203w, https:\/\/semmelweis.hu\/hirek\/files\/2019\/06\/48132926581_a0dc50ac15_z.jpg 640w\" ><\/a><\/div>\r\n            <\/span>\r\n\r\n            <\/div>\r\n\r\n\t\t\t<div class=\"col-3 pl-0 pr-0\">\r\n\t\t\t\t<div class=\"galeria-right-img d-flex justify-content-between flex-column h-100 w-100 px-0 mx-0 \">\r\n                <div class=\"galeria-box\">\r\n\t\t\t\t\t<h3 class=\"galeria-title\">Gal\u00e9ria<\/h3>\r\n\t\t\t\t\t<div class=\"galeria-subtitle\">\r\n\r\n\t\t\t\t\t\t<div class=\"galeria-page-counter\"><span>4<\/span>k\u00e9p<\/div>\r\n                    <\/div> <\/div>\r\n                    <span class=\"gallery-item frame d-none d-md-flex\">\r\n\t\t\t\t\t<div class=\"galeria-small-img mt-0\"><a href=\"https:\/\/semmelweis.hu\/hirek\/files\/2019\/06\/43016032332_0fe765f83e_k.jpg\"><img src=https:\/\/semmelweis.hu\/hirek\/files\/2019\/06\/43016032332_0fe765f83e_k.jpg \r\n                                alt=\"\"  \r\n                                class=\"attachment-sote-gallery-small size-sote-gallery-small\" \r\n                                srcset=\"https:\/\/semmelweis.hu\/hirek\/files\/2019\/06\/43016032332_0fe765f83e_k-400x266.jpg 400w, https:\/\/semmelweis.hu\/hirek\/files\/2019\/06\/43016032332_0fe765f83e_k-768x511.jpg 768w, https:\/\/semmelweis.hu\/hirek\/files\/2019\/06\/43016032332_0fe765f83e_k-900x599.jpg 900w, https:\/\/semmelweis.hu\/hirek\/files\/2019\/06\/43016032332_0fe765f83e_k-600x399.jpg 600w, https:\/\/semmelweis.hu\/hirek\/files\/2019\/06\/43016032332_0fe765f83e_k-753x501.jpg 753w, https:\/\/semmelweis.hu\/hirek\/files\/2019\/06\/43016032332_0fe765f83e_k-203x135.jpg 203w, https:\/\/semmelweis.hu\/hirek\/files\/2019\/06\/43016032332_0fe765f83e_k.jpg 2048w\" ><\/a><\/div>\r\n                    <\/span>\r\n                    <span class=\"gallery-item frame d-none d-md-flex\">\r\n\t\t\t\t\t<div class=\"galeria-small-img mt-0\"><a href=\"https:\/\/semmelweis.hu\/hirek\/files\/2019\/06\/48133020482_7efe4eef94_z.jpg\"><img src=https:\/\/semmelweis.hu\/hirek\/files\/2019\/06\/48133020482_7efe4eef94_z.jpg \r\n                                alt=\"\" \r\n                                class=\"attachment-sote-gallery-small size-sote-gallery-small\" \r\n                                srcset=\"https:\/\/semmelweis.hu\/hirek\/files\/2019\/06\/48133020482_7efe4eef94_z-400x267.jpg 400w, https:\/\/semmelweis.hu\/hirek\/files\/2019\/06\/48133020482_7efe4eef94_z-600x400.jpg 600w, https:\/\/semmelweis.hu\/hirek\/files\/2019\/06\/48133020482_7efe4eef94_z-203x135.jpg 203w, https:\/\/semmelweis.hu\/hirek\/files\/2019\/06\/48133020482_7efe4eef94_z.jpg 640w\" ><\/a><\/div>\r\n                    <\/span>\r\n\r\n                <\/div>\r\n\r\n            <\/div>\r\n\r\n            <span class=\"gallery-item\"><div class=\"hidden\"><a href=\"https:\/\/semmelweis.hu\/hirek\/files\/2019\/06\/48133019222_96152573ae_z.jpg\">\r\n        <img src=https:\/\/semmelweis.hu\/hirek\/files\/2019\/06\/48133019222_96152573ae_z.jpg alt=\"\" class=\"attachment-sote-gallery-big size-sote-gallery-big\" srcset=\"https:\/\/semmelweis.hu\/hirek\/files\/2019\/06\/48133019222_96152573ae_z-400x266.jpg 400w, https:\/\/semmelweis.hu\/hirek\/files\/2019\/06\/48133019222_96152573ae_z-600x399.jpg 600w, https:\/\/semmelweis.hu\/hirek\/files\/2019\/06\/48133019222_96152573ae_z-203x135.jpg 203w, https:\/\/semmelweis.hu\/hirek\/files\/2019\/06\/48133019222_96152573ae_z.jpg 640w\" >\r\n        <\/a><\/div><\/span>\r\n            <\/div>\r\n\r\n            [\/slb_exclude]\r\n\t\n<p>Az elm\u00falt k\u00e9t \u00e9vtizedben a Bolyai-\u00f6szt\u00f6nd\u00edj a fiatal kutat\u00f3kat \u00e9rint\u0151 legnagyobb preszt\u00edzs\u0171 \u00f6szt\u00f6nd\u00edjj\u00e1 alakult, amely a p\u00e1lya elej\u00e9n kiemeli a kiemel\u00e9sre m\u00e9lt\u00f3kat, \u00e9s tov\u00e1bbi lehet\u0151s\u00e9geket k\u00edn\u00e1l sz\u00e1mukra \u2013 mondta k\u00f6sz\u00f6nt\u0151 besz\u00e9d\u00e9ben dr. Tulassay Tivadar, a Bolyai J\u00e1nos Kutat\u00e1si \u00d6szt\u00f6nd\u00edj Kurat\u00f3rium\u00e1nak eln\u00f6ke, az I. Sz. Gyermekgy\u00f3gy\u00e1szati Klinika professor emeritusa. Hozz\u00e1tette: sokan a Bolyai-\u00f6szt\u00f6nd\u00edjat a nagydoktori fokozat megszerz\u00e9s\u00e9nek el\u0151szob\u00e1jak\u00e9nt is tekintik.<\/p>\n<p>Az MTA D\u00edszterm\u00e9ben megtartott \u00fcnnep\u00e9lyes rendezv\u00e9nyen dr. Freund Tam\u00e1s, a Magyar Tudom\u00e1nyos Akad\u00e9mia aleln\u00f6ke arra h\u00edvta fel a figyelmet, hogy a nemzetk\u00f6zi kiv\u00e1l\u00f3s\u00e1ghoz t\u00f6bbl\u00e9pcs\u0151s folyamat vezet. Mint elmondta, a Bolyai-\u00f6szt\u00f6nd\u00edj a p\u00e1ly\u00e1ja els\u0151 szakasz\u00e1ban k\u00e9pes seg\u00edts\u00e9get ny\u00fajtani \u00e9vente m\u00e1sf\u00e9l sz\u00e1z kiv\u00e1l\u00f3 kutat\u00f3nak.<\/p>\n<p>Az \u00f6szt\u00f6nd\u00edj a tudom\u00e1nyos p\u00e1lya ir\u00e1nt elk\u00f6telezett fiatal kutat\u00f3k munk\u00e1j\u00e1t t\u00e1mogatja. A p\u00e1ly\u00e1zatra 45 \u00e9vn\u00e9l fiatalabb, PhD vagy azzal egyen\u00e9rt\u00e9k\u0171 tudom\u00e1nyos fokozattal rendelkez\u0151 magyar kutat\u00f3k jelentkezhetnek. Az \u00f6szt\u00f6nd\u00edj hat\u00e1rozott id\u0151re, egy, k\u00e9t vagy h\u00e1rom \u00e9vre sz\u00f3l, \u00e9s legfeljebb k\u00e9t alkalommal nyerhet\u0151 el. Az MTA c\u00e9lja a p\u00e1ly\u00e1zattal, hogy az elk\u00f6telezett tud\u00f3sokat a magyarorsz\u00e1gi kutat\u00e1sok folytat\u00e1s\u00e1ra, valamint az akad\u00e9miai doktori \u00e9rtekez\u00e9s meg\u00edr\u00e1s\u00e1ra \u00e9s az MTA doktora tudom\u00e1nyos c\u00edm megszerz\u00e9s\u00e9re \u00f6szt\u00f6n\u00f6zze.<\/p>\n<p>B\u00f3di Bernadett (forr\u00e1s: MTA)<br \/>\nFot\u00f3: Szigeti Tam\u00e1s &#8211; MTA<\/p>\n","protected":false},"excerpt":{"rendered":"<p>Az \u00f6szt\u00f6nd\u00edj a tudom\u00e1nyos p\u00e1lya ir\u00e1nt elk\u00f6telezett fiatal kutat\u00f3k munk\u00e1j\u00e1t t\u00e1mogatja.<\/p>\n","protected":false},"author":101282,"featured_media":86771,"comment_status":"closed","ping_status":"closed","sticky":false,"template":"","format":"standard","meta":{"_acf_changed":false,"footnotes":""},"categories":[161,168],"tags":[158],"class_list":["post-86768","post","type-post","status-publish","format-standard","has-post-thumbnail","hentry","category-tudomany","category-kiemelt","tag-dijak-kituntetesek"],"acf":[],"_links":{"self":[{"href":"https:\/\/semmelweis.hu\/hirek\/wp-json\/wp\/v2\/posts\/86768","targetHints":{"allow":["GET"]}}],"collection":[{"href":"https:\/\/semmelweis.hu\/hirek\/wp-json\/wp\/v2\/posts"}],"about":[{"href":"https:\/\/semmelweis.hu\/hirek\/wp-json\/wp\/v2\/types\/post"}],"author":[{"embeddable":true,"href":"https:\/\/semmelweis.hu\/hirek\/wp-json\/wp\/v2\/users\/101282"}],"replies":[{"embeddable":true,"href":"https:\/\/semmelweis.hu\/hirek\/wp-json\/wp\/v2\/comments?post=86768"}],"version-history":[{"count":6,"href":"https:\/\/semmelweis.hu\/hirek\/wp-json\/wp\/v2\/posts\/86768\/revisions"}],"predecessor-version":[{"id":87223,"href":"https:\/\/semmelweis.hu\/hirek\/wp-json\/wp\/v2\/posts\/86768\/revisions\/87223"}],"wp:featuredmedia":[{"embeddable":true,"href":"https:\/\/semmelweis.hu\/hirek\/wp-json\/wp\/v2\/media\/86771"}],"wp:attachment":[{"href":"https:\/\/semmelweis.hu\/hirek\/wp-json\/wp\/v2\/media?parent=86768"}],"wp:term":[{"taxonomy":"category","embeddable":true,"href":"https:\/\/semmelweis.hu\/hirek\/wp-json\/wp\/v2\/categories?post=86768"},{"taxonomy":"post_tag","embeddable":true,"href":"https:\/\/semmelweis.hu\/hirek\/wp-json\/wp\/v2\/tags?post=86768"}],"curies":[{"name":"wp","href":"https:\/\/api.w.org\/{rel}","templated":true}]}}