{"id":86677,"date":"2019-06-26T16:44:51","date_gmt":"2019-06-26T14:44:51","guid":{"rendered":"http:\/\/semmelweis.hu\/hirek\/?p=86677"},"modified":"2019-06-26T16:46:51","modified_gmt":"2019-06-26T14:46:51","slug":"minden-beteg-mas-az-egyenre-szabott-gyogyszeres-terapia-elonyei","status":"publish","type":"post","link":"https:\/\/semmelweis.hu\/hirek\/2019\/06\/26\/minden-beteg-mas-az-egyenre-szabott-gyogyszeres-terapia-elonyei\/","title":{"rendered":"Workshopot tartottak az egy\u00e9nre szabott gy\u00f3gyszeres ter\u00e1pi\u00e1r\u00f3l"},"content":{"rendered":"<p class=\"lead\">Az egy\u00e9nre szabott gy\u00f3gyszerel\u00e9sr\u0151l tartott eg\u00e9sz napos workshopot dr. Roger Jelliffe, a t\u00e9ma nemzetk\u00f6zi szaktekint\u00e9lye a Laborat\u00f3riumi Medicina Int\u00e9zet szervez\u00e9s\u00e9ben. Mint hangs\u00falyozta: a gy\u00f3gyszeres ter\u00e1pi\u00e1k szem\u00e9lyre szab\u00e1sa el\u0151ny\u00f6s az orvosok, a betegek, valamint a t\u00e1rsadalom sz\u00e1m\u00e1ra is. A m\u00f3dszerhez t\u00f6bb szakma \u2013 a klinikum, a klinikai laborat\u00f3rium \u00e9s a klinikai gy\u00f3gyszer\u00e9szet \u2013 egy\u00fcttm\u0171k\u00f6d\u00e9se sz\u00fcks\u00e9ges \u2013 emelte ki dr. Kocsis Ibolya, a Laborat\u00f3riumi Medicina Int\u00e9zet igazgat\u00f3helyettese az esem\u00e9ny kezdet\u00e9n.<\/p>\n<p><a href=\"https:\/\/semmelweis.hu\/hirek\/files\/2019\/06\/RS97191_AG_20190621_0229-scr.jpg\"><img loading=\"lazy\" decoding=\"async\" class=\"alignleft  wp-image-86679\" src=\"https:\/\/semmelweis.hu\/hirek\/files\/2019\/06\/RS97191_AG_20190621_0229-scr.jpg\" alt=\"\" width=\"283\" height=\"425\" srcset=\"https:\/\/semmelweis.hu\/hirek\/files\/2019\/06\/RS97191_AG_20190621_0229-scr.jpg 500w, https:\/\/semmelweis.hu\/hirek\/files\/2019\/06\/RS97191_AG_20190621_0229-scr-267x400.jpg 267w\" sizes=\"auto, (max-width: 283px) 100vw, 283px\" \/><\/a>Minden betegnek egyedi a szervezete, ami azt jelenti, hogy ugyanarra a hat\u00f3anyagra ugyanolyan k\u00f6r\u00fclm\u00e9nyek k\u00f6z\u00f6tt elt\u00e9r\u0151 m\u00f3don reag\u00e1l. Van, akinek nagyobb, van, akinek kisebb d\u00f3zisra van sz\u00fcks\u00e9ge ugyanabb\u00f3l a gy\u00f3gyszerb\u0151l ugyanolyan betegs\u00e9g eset\u00e9n is \u2013 magyar\u00e1zta lapunknak adott interj\u00faj\u00e1ban dr. Roger Jelliffe, a Laborat\u00f3riumi Medicina Int\u00e9zet \u00e1ltal szervezett workshop vend\u00e9gel\u0151ad\u00f3ja, kardiol\u00f3gus \u00e9s klinikai farmakol\u00f3gus professzor, a University of Southern California professzor emeritusa, a Los Angeles-i Children\u2019s Hospitalban m\u0171k\u00f6d\u0151 Laboratory of Applied Pharmacokinetics and Bioinformatics (LAPKB) alap\u00edt\u00f3ja. A szem\u00e9lyre szabott gy\u00f3gyszerel\u00e9s l\u00e9nyege, hogy a kezel\u0151orvos a ter\u00e1pi\u00e1s gy\u00f3gyszerszintek ellen\u0151rz\u00e9se helyett a gy\u00f3gyszeradagol\u00e1st egy\u00e9nre szabja, vagyis minden p\u00e1cienst egyedileg kezel. \u201eEz azt jelenti, hogy a beteg egyedi adotts\u00e1gai \u00e9s sz\u00fcks\u00e9gletei alapj\u00e1n egy konkr\u00e9t, egy\u00e9nre szabott c\u00e9lt t\u0171z\u00fcnk ki arra, hogy milyen gy\u00f3gyszerszintet szeretn\u00e9nk el\u00e9rni a beteg v\u00e9r\u00e9ben, \u00e9s ezt a lehet\u0151 legpontosabban pr\u00f3b\u00e1ljuk megk\u00f6zel\u00edteni\u201d \u2013 mondta dr. Roger Jelliffe, hozz\u00e1t\u00e9ve, hogy az \u0151 \u00e9s munkat\u00e1rsai \u00e1ltal kifejlesztett speci\u00e1lis szoftver \u2013 amelynek a haszn\u00e1lat\u00e1t bemutatt\u00e1k a workshopon \u2013 ebben seg\u00edti az orvosokat. Ez a szoftverprogram felhaszn\u00e1lja a szem\u00e9lyes adatokat (pl. kor, nem, s\u00faly, magass\u00e1g, vesefunkci\u00f3-index), valamint az el\u00e9rni k\u00edv\u00e1nt gy\u00f3gyszerszint-c\u00e9lt, \u00e9s el\u0151\u00e1ll\u00edt egy adagol\u00e1si protokollt, ami ezt a c\u00e9lt a lehet\u0151 legpontosabban seg\u00edti el\u00e9rni. Ennek a ter\u00e1pi\u00e1nak az el\u0151nye, hogy a kezel\u00e9s hat\u00e9konyabb, \u00edgy kevesebb gy\u00f3gyszerre van sz\u00fcks\u00e9g \u00e9s a mell\u00e9khat\u00e1sok kock\u00e1zata cs\u00f6kken, azaz az orvos, a beteg \u00e9s a t\u00e1rsadalom is j\u00f3l j\u00e1r \u2013 mutatott r\u00e1 a professzor.<\/p>\n<p>Dr. Roger Jelliffe besz\u00e9lt arr\u00f3l is, hogy rendk\u00edv\u00fcl fontosnak tartja az ezzel kapcsolatos k\u00e9pz\u00e9st az orvosok sz\u00e1m\u00e1ra, ez\u00e9rt is tart rendszeresen workshopokat a t\u00e9m\u00e1ban vil\u00e1gszerte. R\u00e1mutatott, hogy ezt a fajta kezel\u00e9si m\u00f3dot t\u00f6bb orsz\u00e1gban is sikeresen alkalmazz\u00e1k m\u00e1r, t\u00f6bbek k\u00f6z\u00f6tt a Los Angeles-i Gyermekk\u00f3rh\u00e1zban (Children\u2019s Hospital), Franciaorsz\u00e1gban, ahol szerv\u00e1t\u00fcltetett betegek eset\u00e9ben haszn\u00e1lj\u00e1k, valamint Norv\u00e9gi\u00e1ban vese\u00e1t\u00fcltet\u00e9sek kezel\u00e9s\u00e9ben.<\/p>\n<p>A Laborat\u00f3riumi Medicina Int\u00e9zetben az elm\u00falt id\u0151szakban a legkorszer\u0171bb szeml\u00e9let \u00e9s technol\u00f3gi\u00e1k alkalmaz\u00e1s\u00e1val jelent\u0151sen b\u0151v\u00fclt, \u00e9s jelenleg is folyamatosan sz\u00e9lesedik az egy\u00e9nre szabott gy\u00f3gyszerel\u00e9shez elengedhetetlen ter\u00e1pi\u00e1s gy\u00f3gyszerszint monitoroz\u00e1s (TDM) szolg\u00e1ltat\u00e1s. Ebben jelent\u0151s szerepet kapott az int\u00e9zetben kialak\u00edtott T\u00f6megspektrometriai \u00e9s Elv\u00e1laszt\u00e1stechnikai Laborat\u00f3rium \u2013 mondta lapunknak dr. Karvaly Gell\u00e9rt, a laborat\u00f3rium vezet\u0151je, akinek a megh\u00edv\u00e1s\u00e1ra l\u00e1togatott dr. Roger Jelliffe az egyetemre. Hozz\u00e1tette, hogy a laborat\u00f3rium haz\u00e1nkban jelenleg egyed\u00fcl\u00e1ll\u00f3 m\u00f3don mintegy 40 gy\u00f3gyszervegy\u00fclet ter\u00e1pi\u00e1s monitoroz\u00e1s\u00e1t k\u00e9pes r\u00f6vid hat\u00e1rid\u0151vel elv\u00e9gezni a klinikum sz\u00e1m\u00e1ra, rendelkezik tov\u00e1bb\u00e1 a Los Angeles-i laborat\u00f3riumban, Jelliffe professzor\u00e9k \u00e1ltal kifejlesztett szoftvercsomaggal \u00e9s az alkalmaz\u00e1s\u00e1hoz sz\u00fcks\u00e9ges ismeretekkel. A j\u00f6v\u0151ben a f\u0151 c\u00e9l a TDM szolg\u00e1ltat\u00e1s korszer\u0171 klinikai integr\u00e1l\u00e1s\u00e1nak megval\u00f3s\u00edt\u00e1sa, a klinikusok \u00e1ltal koordin\u00e1lt egy\u00e9nre szabott gy\u00f3gyszerel\u00e9s komplett laborat\u00f3riumi t\u00e1mogat\u00e1sa \u00e1ltal \u2013 mutatott r\u00e1 dr. Karvaly Gell\u00e9rt, hozz\u00e1t\u00e9ve, hogy fontos feladatuknak tartj\u00e1k a szeml\u00e9let elfogadtat\u00e1s\u00e1t is. <span style=\"float: none;background-color: transparent;color: #1e2326;cursor: text;font-family: 'PT serif',serif;font-size: 20px;font-style: normal;font-variant: normal;font-weight: 400;letter-spacing: normal;text-align: left;text-decoration: none;text-indent: 0px;text-transform: none\">Ugyanakkor<\/span> \u2013 jegyezte meg \u2013 jelent\u0151s tudom\u00e1nyos potenci\u00e1l is van az ehhez kapcsol\u00f3d\u00f3 klinikai kutat\u00e1sokban, ami k\u00e9s\u0151bbi sikeres ter\u00e1pi\u00e1s egy\u00fcttm\u0171k\u00f6d\u00e9sek kiv\u00e1l\u00f3 alapja lehet.<a href=\"https:\/\/semmelweis.hu\/hirek\/files\/2019\/06\/RS97175_AG_20190621_0059-scr.jpg\"><img loading=\"lazy\" decoding=\"async\" class=\"aligncenter size-full wp-image-86680\" src=\"https:\/\/semmelweis.hu\/hirek\/files\/2019\/06\/RS97175_AG_20190621_0059-scr.jpg\" alt=\"\" width=\"950\" height=\"633\" srcset=\"https:\/\/semmelweis.hu\/hirek\/files\/2019\/06\/RS97175_AG_20190621_0059-scr.jpg 950w, https:\/\/semmelweis.hu\/hirek\/files\/2019\/06\/RS97175_AG_20190621_0059-scr-400x267.jpg 400w, https:\/\/semmelweis.hu\/hirek\/files\/2019\/06\/RS97175_AG_20190621_0059-scr-768x512.jpg 768w, https:\/\/semmelweis.hu\/hirek\/files\/2019\/06\/RS97175_AG_20190621_0059-scr-900x600.jpg 900w, https:\/\/semmelweis.hu\/hirek\/files\/2019\/06\/RS97175_AG_20190621_0059-scr-600x400.jpg 600w, https:\/\/semmelweis.hu\/hirek\/files\/2019\/06\/RS97175_AG_20190621_0059-scr-753x502.jpg 753w, https:\/\/semmelweis.hu\/hirek\/files\/2019\/06\/RS97175_AG_20190621_0059-scr-203x135.jpg 203w\" sizes=\"auto, (max-width: 950px) 100vw, 950px\" \/><\/a><\/p>\n<p>A workshopot megnyit\u00f3 k\u00f6sz\u00f6nt\u0151j\u00e9ben dr. Kocsis Ibolya, az int\u00e9zet igazgat\u00f3helyettese r\u00e1mutatott, hogy az egy\u00e9nre szabott gy\u00f3gyszerel\u00e9s t\u00f6bb szakma \u2013 a klinikum, a klinikai laborat\u00f3rium \u00e9s a klinikai gy\u00f3gyszer\u00e9szet \u2013 egy\u00fcttm\u0171k\u00f6d\u00e9s\u00e9t\u0151l f\u00fcgg. Hozz\u00e1tette, hogy a gy\u00f3gyszerek nem hat\u00e9kony haszn\u00e1lata egyre nagyobb probl\u00e9ma, ami n\u00f6vekv\u0151 terheket r\u00f3 az eg\u00e9szs\u00e9g\u00fcgyre \u00e9s a t\u00e1rsadalomra egyar\u00e1nt. Dr. Kocsis Ibolya megjegyezte, hogy ez imm\u00e1ron a harmadik workshop, amit az egyetem Jelliffe professzor r\u00e9szv\u00e9tel\u00e9vel rendez az ut\u00f3bbi h\u00e1rom \u00e9vben, melyek mind nemzetk\u00f6zi esem\u00e9nyek voltak, t\u00f6bbek k\u00f6z\u00f6tt Csehorsz\u00e1gb\u00f3l, N\u00e9metorsz\u00e1gb\u00f3l \u00e9s Szlov\u00e1ki\u00e1b\u00f3l \u00e9rkez\u0151 r\u00e9sztvev\u0151kkel, melyekhez most el\u0151sz\u00f6r Szerbia is csatlakozott.<\/p>\n<p>Deme Tam\u00e1s<br \/>\nFot\u00f3: Ancsin G\u00e1bor<\/p>\n","protected":false},"excerpt":{"rendered":"<p>Dr. Roger Jelliffe, a t\u00e9ma nemzetk\u00f6zi szaktekint\u00e9lye a Laborat\u00f3riumi Medicina Int\u00e9zet megh\u00edv\u00e1s\u00e1ra \u00e9rkezett az egyetemre. <\/p>\n","protected":false},"author":155,"featured_media":86678,"comment_status":"closed","ping_status":"closed","sticky":false,"template":"","format":"standard","meta":{"_acf_changed":false,"footnotes":""},"categories":[161,168],"tags":[],"class_list":["post-86677","post","type-post","status-publish","format-standard","has-post-thumbnail","hentry","category-tudomany","category-kiemelt"],"acf":[],"_links":{"self":[{"href":"https:\/\/semmelweis.hu\/hirek\/wp-json\/wp\/v2\/posts\/86677","targetHints":{"allow":["GET"]}}],"collection":[{"href":"https:\/\/semmelweis.hu\/hirek\/wp-json\/wp\/v2\/posts"}],"about":[{"href":"https:\/\/semmelweis.hu\/hirek\/wp-json\/wp\/v2\/types\/post"}],"author":[{"embeddable":true,"href":"https:\/\/semmelweis.hu\/hirek\/wp-json\/wp\/v2\/users\/155"}],"replies":[{"embeddable":true,"href":"https:\/\/semmelweis.hu\/hirek\/wp-json\/wp\/v2\/comments?post=86677"}],"version-history":[{"count":11,"href":"https:\/\/semmelweis.hu\/hirek\/wp-json\/wp\/v2\/posts\/86677\/revisions"}],"predecessor-version":[{"id":86713,"href":"https:\/\/semmelweis.hu\/hirek\/wp-json\/wp\/v2\/posts\/86677\/revisions\/86713"}],"wp:featuredmedia":[{"embeddable":true,"href":"https:\/\/semmelweis.hu\/hirek\/wp-json\/wp\/v2\/media\/86678"}],"wp:attachment":[{"href":"https:\/\/semmelweis.hu\/hirek\/wp-json\/wp\/v2\/media?parent=86677"}],"wp:term":[{"taxonomy":"category","embeddable":true,"href":"https:\/\/semmelweis.hu\/hirek\/wp-json\/wp\/v2\/categories?post=86677"},{"taxonomy":"post_tag","embeddable":true,"href":"https:\/\/semmelweis.hu\/hirek\/wp-json\/wp\/v2\/tags?post=86677"}],"curies":[{"name":"wp","href":"https:\/\/api.w.org\/{rel}","templated":true}]}}