{"id":8651,"date":"2011-11-18T08:55:19","date_gmt":"2011-11-18T07:55:19","guid":{"rendered":"http:\/\/semmelweis-egyetem.hu\/hirek\/?p=8651"},"modified":"2017-08-29T11:47:30","modified_gmt":"2017-08-29T09:47:30","slug":"felmeres-az-egyetemen-vegzettek-koreben-az-alumni-talalkozora","status":"publish","type":"post","link":"https:\/\/semmelweis.hu\/hirek\/2011\/11\/18\/felmeres-az-egyetemen-vegzettek-koreben-az-alumni-talalkozora\/","title":{"rendered":"Felm\u00e9r\u00e9s az egyetemen v\u00e9gzettek k\u00f6r\u00e9ben az Alumni Tal\u00e1lkoz\u00f3ra"},"content":{"rendered":"<figure id=\"attachment_8652\" aria-describedby=\"caption-attachment-8652\" style=\"width: 200px\" class=\"wp-caption alignleft\"><a href=\"https:\/\/semmelweis.hu\/hirek\/files\/2011\/11\/kopp_maria.jpg\"><img loading=\"lazy\" decoding=\"async\" class=\"size-medium wp-image-8652\" src=\"https:\/\/semmelweis.hu\/hirek\/files\/2011\/11\/kopp_maria-200x300.jpg\" alt=\"\" width=\"200\" height=\"300\" srcset=\"https:\/\/semmelweis.hu\/hirek\/files\/2011\/11\/kopp_maria-200x300.jpg 200w, https:\/\/semmelweis.hu\/hirek\/files\/2011\/11\/kopp_maria-266x400.jpg 266w, https:\/\/semmelweis.hu\/hirek\/files\/2011\/11\/kopp_maria.jpg 400w\" sizes=\"auto, (max-width: 200px) 100vw, 200px\" \/><\/a><figcaption id=\"caption-attachment-8652\" class=\"wp-caption-text\">Dr. Kopp M\u00e1ria<\/figcaption><\/figure>\n<p>B\u00e1r sok igazs\u00e1g van abban, hogy az orvosok, \u00e1pol\u00f3k ki\u00e9gettek \u00e9s rossz az eg\u00e9szs\u00e9gi \u00e1llapotuk, de t\u00f6bbs\u00e9g\u00fck ma is ugyanezt a hivat\u00e1st v\u00e1lasztan\u00e1, mert a neh\u00e9zs\u00e9gek ellen\u00e9re fontosnak \u00e9s sz\u00e9pnek tartja munk\u00e1j\u00e1t \u2013 mondta dr. Kopp M\u00e1ria. A Semmelweis Egyetem Magatart\u00e1studom\u00e1nyi Int\u00e9zet\u00e9nek tudom\u00e1nyos igazgat\u00f3helyettese a k\u00f6zelg\u0151 \u00f6regdi\u00e1k tal\u00e1lkoz\u00f3 kapcs\u00e1n k\u00e9sz\u00edtett felm\u00e9r\u00e9st az egyetemen v\u00e9gzettek k\u00f6r\u00e9ben az <a href=\"http:\/\/alumni.semmelweis.hu\/\">Alumni Irod\u00e1val <\/a>k\u00f6z\u00f6sen.<br \/>\nAz 1968-ban v\u00e9gzett \u00e9vfolyamba j\u00e1rtam. Eg\u00e9szen eddig semmilyen hagyom\u00e1nya nem volt az orvosi egyetemen a k\u00f6zpontilag rendezett \u00f6regdi\u00e1k-tal\u00e1lkoz\u00f3knak, \u00edgy \u00e9n szerveztem meg rendszeresen, hogy legal\u00e1bb \u00f6t\u00e9venk\u00e9nt \u00f6sszej\u00f6jj\u00fcnk \u2013 eml\u00e9kszik vissza dr. Kopp M\u00e1ria, aki maga is az egyetem \u00f6regdi\u00e1kja. Szerinte nagyon fontos, hogy legyen azonoss\u00e1gtudata az egy helyen v\u00e9gzett eg\u00e9szs\u00e9g\u00fcgyi dolgoz\u00f3knak. M\u00e1s orsz\u00e1gokban az egy egyetemre j\u00e1r\u00e1s komoly \u00f6sszetartoz\u00e1s-\u00e9lm\u00e9nyt jelent, Magyarorsz\u00e1gon azonban \u00e1ltal\u00e1noss\u00e1gban is nagy probl\u00e9ma, hogy nincsenek igazi k\u00f6z\u00f6ss\u00e9gek, az emberek nem nagyon b\u00edznak egym\u00e1sban, ami az orsz\u00e1g lelki \u00e1llapot\u00e1ra is kihat \u2013 mondta dr. Kopp M\u00e1ria.<\/p>\n<p>Az orvos \u00e9s pszichol\u00f3gus v\u00e9gzetts\u00e9ggel rendelkez\u0151 szakember egyebek mellett az egyetemhez k\u00f6t\u0151d\u0151 kapcsolataikr\u00f3l is k\u00e9rdezte az itt v\u00e9gzett, de most m\u00e1r az orsz\u00e1g k\u00fcl\u00f6nb\u00f6z\u0151 pontjain \u00e9l\u0151 eg\u00e9szs\u00e9g\u00fcgyi dolgoz\u00f3kat. A k\u00f6zelg\u0151 \u00f6regdi\u00e1k tal\u00e1lkoz\u00f3 kapcs\u00e1n az Alumni Irod\u00e1val k\u00f6z\u00f6sen v\u00e9gzett felm\u00e9r\u00e9s azonban t\u00falmutat ezen az alapk\u00e9rd\u00e9sen, s egy \u00e1ltal\u00e1nos k\u00e9pet v\u00e1zol az \u00e1gazatot jellemz\u0151 gondokr\u00f3l, hangulatr\u00f3l. A t\u00edz k\u00e9rd\u00e9sblokkb\u00f3l \u00e1ll\u00f3 vizsg\u00e1latot r\u00e9szletesen a november 25-i Alumni Tal\u00e1lkoz\u00f3n mutatja be dr. Kopp M\u00e1ria. Egy azonban biztos: ez a felm\u00e9r\u00e9s is al\u00e1t\u00e1masztja, hogy az orvosok \u00e9s n\u0151v\u00e9rek viszonylag rossz eg\u00e9szs\u00e9gi \u00e1llapotban vannak. Egy \u00f6t\u00f6s sk\u00e1l\u00e1n \u00e1tlagosan mind\u00f6ssze 2.4 pontot adtak a v\u00e1laszol\u00f3k arra, hogy mennyire \u00e9rzik magukat eg\u00e9szs\u00e9gesnek. Dr. Kopp M\u00e1ria szerint ezt s\u00falyos figyelmeztet\u0151 jelk\u00e9nt kell \u00e9rt\u00e9kelni. Sz\u00e1mos nemzetk\u00f6zi vizsg\u00e1lat kimutatta ugyanis, hogy az eg\u00e9szs\u00e9gi \u00e1llapot negat\u00edv \u00f6n\u00e9rt\u00e9kel\u00e9se a legkomolyabb el\u0151rejelz\u0151je az id\u0151 el\u0151tti hal\u00e1loz\u00e1snak.<\/p>\n<p>Sokan \u00fagy \u00e9rzik, hogy kev\u00e9s figyelem jut az \u00e1gazatban a dolgoz\u00f3k ki\u00e9g\u00e9s\u00e9nek megel\u0151z\u00e9s\u00e9re, holott t\u00f6bbek szerint ennek a t\u00e9m\u00e1nak m\u00e1r az orvostanhallgat\u00f3k k\u00e9pz\u00e9s\u00e9ben is hangs\u00falyt kellene kapnia. Jelenleg a kommunik\u00e1ci\u00f3s k\u00e9pz\u00e9s keret\u00e9ben foglalkoznak ezzel, de dr. Kopp M\u00e1ria \u00fagy l\u00e1tja, a k\u00e9s\u0151bbi \u00e9vfolyamokon kellene oktatni ezt a t\u00e1rgyat, mert az els\u0151 \u00e9vesek m\u00e9g nem \u00e9rzik \u00e1t igaz\u00e1n a t\u00e9ma fontoss\u00e1g\u00e1t.<\/p>\n<p><a href=\"https:\/\/semmelweis.hu\/hirek\/files\/2011\/09\/alumni-1.jpg\"><img loading=\"lazy\" decoding=\"async\" class=\"alignright size-medium wp-image-7027\" src=\"https:\/\/semmelweis.hu\/hirek\/files\/2011\/09\/alumni-1-300x199.jpg\" alt=\"\" width=\"300\" height=\"199\" srcset=\"https:\/\/semmelweis.hu\/hirek\/files\/2011\/09\/alumni-1-300x199.jpg 300w, https:\/\/semmelweis.hu\/hirek\/files\/2011\/09\/alumni-1-600x400.jpg 600w, https:\/\/semmelweis.hu\/hirek\/files\/2011\/09\/alumni-1.jpg 800w\" sizes=\"auto, (max-width: 300px) 100vw, 300px\" \/><\/a>A kutat\u00e1sb\u00f3l kider\u00fclt: nagyon elt\u00e9r\u0151 az, hogy mennyire b\u00edznak egym\u00e1sban a koll\u00e9g\u00e1k. Az mindenk\u00e9ppen sok er\u0151t ad, ha j\u00f3 a munkahelyi l\u00e9gk\u00f6r \u00e9s j\u00f3 a f\u0151n\u00f6k. A v\u00e1laszad\u00f3k jelent\u0151s r\u00e9sze viszont szenved att\u00f3l, hogy t\u00fal hierarchikus a rendszer \u00e9s \u00fagy \u00e9rzi, a gazdas\u00e1gi t\u00e9nyez\u0151k hat\u00e1rozz\u00e1k meg munkak\u00f6r\u00fclm\u00e9nyeit. Mindezzel egy\u00fctt az online felm\u00e9r\u00e9sben r\u00e9sztvev\u0151k az \u00f6tfok\u00fa sk\u00e1l\u00e1n t\u00f6bb mint n\u00e9gy pontot adtak arra, hogy mennyire tartj\u00e1k fontosnak \u00e9s sz\u00e9pnek hivat\u00e1sukat. A t\u00f6bbs\u00e9g \u00fagy gondolja, b\u00e1r rengeteg a gond \u00e9s a neh\u00e9zs\u00e9g, a gy\u00f3gy\u00edt\u00e1s m\u00e9giscsak a legszebb hivat\u00e1s \u00e9s meg\u00e9rte erre a p\u00e1ly\u00e1ra j\u00f6nni minden neh\u00e9zs\u00e9g ellen\u00e9re is \u2013 mutatott r\u00e1 dr. Kopp M\u00e1ria. A SE Magatart\u00e1studom\u00e1nyi Int\u00e9zet\u00e9nek tudom\u00e1nyos igazgat\u00f3helyettese szerint sokat mond\u00f3 az is, hogy a mesterekre vonatkoz\u00f3 k\u00e9rd\u00e9sn\u00e9l a v\u00e1laszol\u00f3k sz\u00e1mos olyan embert felsoroltak, akikre p\u00e9ldak\u00e9pk\u00e9nt tudnak feln\u00e9zni.<\/p>\n<p>Dr. Kopp M\u00e1ria a november 25-i Alumni Tal\u00e1lkoz\u00f3n a k\u00e9rd\u0151\u00edv tov\u00e1bbi eredm\u00e9nyeinek ismertet\u00e9se mellett el\u0151ad\u00e1st tart a gy\u00f3gy\u00edt\u00f3k helyzet\u00e9r\u0151l \u00e9s eg\u00e9szs\u00e9g\u00e9r\u0151l, valamint arr\u00f3l, hogy milyen t\u00e9nyez\u0151k hatnak az eg\u00e9szs\u00e9g\u00fcgyi dolgoz\u00f3kra. <\/p>\n<p>Forr\u00e1s: medicalonline.hu<a href=\"https:\/\/semmelweis.hu\/hirek\/files\/2011\/11\/alumni_tamop_logo1.jpg\"><img loading=\"lazy\" decoding=\"async\" class=\"aligncenter size-large wp-image-8653\" src=\"https:\/\/semmelweis.hu\/hirek\/files\/2011\/11\/alumni_tamop_logo1-600x125.jpg\" alt=\"\" width=\"600\" height=\"125\" srcset=\"https:\/\/semmelweis.hu\/hirek\/files\/2011\/11\/alumni_tamop_logo1-600x125.jpg 600w, https:\/\/semmelweis.hu\/hirek\/files\/2011\/11\/alumni_tamop_logo1-300x62.jpg 300w, https:\/\/semmelweis.hu\/hirek\/files\/2011\/11\/alumni_tamop_logo1-940x198.jpg 940w\" sizes=\"auto, (max-width: 600px) 100vw, 600px\" \/><\/a><\/p>\n","protected":false},"excerpt":{"rendered":"<p>B\u00e1r sok igazs\u00e1g van abban, hogy az orvosok, \u00e1pol\u00f3k ki\u00e9gettek \u00e9s rossz az eg\u00e9szs\u00e9gi \u00e1llapotuk, de t\u00f6bbs\u00e9g\u00fck ma is ugyanezt a hivat\u00e1st v\u00e1lasztan\u00e1, mert a neh\u00e9zs\u00e9gek ellen\u00e9re fontosnak \u00e9s sz\u00e9pnek tartja munk\u00e1j\u00e1t \u2013 mondta dr. Kopp M\u00e1ria. A Semmelweis Egyetem Magatart\u00e1studom\u00e1nyi Int\u00e9zet\u00e9nek tudom\u00e1nyos igazgat\u00f3helyettese a k\u00f6zelg\u0151 \u00f6regdi\u00e1k tal\u00e1lkoz\u00f3 kapcs\u00e1n k\u00e9sz\u00edtett felm\u00e9r\u00e9st az egyetemen v\u00e9gzettek k\u00f6r\u00e9ben &hellip;<\/p>\n","protected":false},"author":11,"featured_media":7027,"comment_status":"closed","ping_status":"open","sticky":false,"template":"","format":"standard","meta":{"_acf_changed":false,"footnotes":""},"categories":[161,168],"tags":[1271,188],"class_list":["post-8651","post","type-post","status-publish","format-standard","has-post-thumbnail","hentry","category-tudomany","category-kiemelt","tag-alumni","tag-tudomanyos-hirek-rendezvenyek"],"acf":[],"_links":{"self":[{"href":"https:\/\/semmelweis.hu\/hirek\/wp-json\/wp\/v2\/posts\/8651","targetHints":{"allow":["GET"]}}],"collection":[{"href":"https:\/\/semmelweis.hu\/hirek\/wp-json\/wp\/v2\/posts"}],"about":[{"href":"https:\/\/semmelweis.hu\/hirek\/wp-json\/wp\/v2\/types\/post"}],"author":[{"embeddable":true,"href":"https:\/\/semmelweis.hu\/hirek\/wp-json\/wp\/v2\/users\/11"}],"replies":[{"embeddable":true,"href":"https:\/\/semmelweis.hu\/hirek\/wp-json\/wp\/v2\/comments?post=8651"}],"version-history":[{"count":3,"href":"https:\/\/semmelweis.hu\/hirek\/wp-json\/wp\/v2\/posts\/8651\/revisions"}],"predecessor-version":[{"id":61307,"href":"https:\/\/semmelweis.hu\/hirek\/wp-json\/wp\/v2\/posts\/8651\/revisions\/61307"}],"wp:featuredmedia":[{"embeddable":true,"href":"https:\/\/semmelweis.hu\/hirek\/wp-json\/wp\/v2\/media\/7027"}],"wp:attachment":[{"href":"https:\/\/semmelweis.hu\/hirek\/wp-json\/wp\/v2\/media?parent=8651"}],"wp:term":[{"taxonomy":"category","embeddable":true,"href":"https:\/\/semmelweis.hu\/hirek\/wp-json\/wp\/v2\/categories?post=8651"},{"taxonomy":"post_tag","embeddable":true,"href":"https:\/\/semmelweis.hu\/hirek\/wp-json\/wp\/v2\/tags?post=8651"}],"curies":[{"name":"wp","href":"https:\/\/api.w.org\/{rel}","templated":true}]}}