{"id":86122,"date":"2019-06-04T17:45:43","date_gmt":"2019-06-04T15:45:43","guid":{"rendered":"http:\/\/semmelweis.hu\/hirek\/?p=86122"},"modified":"2019-06-04T17:45:51","modified_gmt":"2019-06-04T15:45:51","slug":"sportegeszsegugyi-ellatassal-segiti-a-vizilabdasportot-a-semmelweis-egyetem","status":"publish","type":"post","link":"https:\/\/semmelweis.hu\/hirek\/2019\/06\/04\/sportegeszsegugyi-ellatassal-segiti-a-vizilabdasportot-a-semmelweis-egyetem\/","title":{"rendered":"Sporteg\u00e9szs\u00e9g\u00fcgyi ell\u00e1t\u00e1ssal seg\u00edti a v\u00edzilabdasportot a Semmelweis Egyetem"},"content":{"rendered":"<p class=\"lead\">Hossz\u00fa t\u00e1vra sz\u00f3l\u00f3 egy\u00fcttm\u0171k\u00f6d\u00e9si keretmeg\u00e1llapod\u00e1st k\u00f6t\u00f6tt a Semmelweis Egyetem \u00e9s a Magyar V\u00edzilabda Sz\u00f6vets\u00e9g. Az egy\u00fcttm\u0171k\u00f6d\u00e9s c\u00e9lja a sport\u00e1g nemzetk\u00f6zi szinten tart\u00e1sa, \u00e9s az ehhez sz\u00fcks\u00e9ges tudom\u00e1nyos h\u00e1tt\u00e9r, a magas sz\u00ednvonal\u00fa, \u00e1tfog\u00f3 sporteg\u00e9szs\u00e9g\u00fcgyi ell\u00e1t\u00e1s lehet\u0151s\u00e9g\u00e9nek biztos\u00edt\u00e1sa, illetve a m\u00e1r m\u0171k\u00f6d\u0151 keretorvosi \u00e9s sporteg\u00e9szs\u00e9g\u00fcgyi, sportorvosi h\u00e1l\u00f3zati ell\u00e1t\u00e1s kieg\u00e9sz\u00edt\u00e9se.<\/p>\n<p><a href=\"https:\/\/semmelweis.hu\/hirek\/files\/2019\/06\/RS96322_IMG_1887-scr.jpg\"><img loading=\"lazy\" decoding=\"async\" class=\"alignright size-medium wp-image-86123\" src=\"https:\/\/semmelweis.hu\/hirek\/files\/2019\/06\/RS96322_IMG_1887-scr-400x267.jpg\" alt=\"\" width=\"400\" height=\"267\" srcset=\"https:\/\/semmelweis.hu\/hirek\/files\/2019\/06\/RS96322_IMG_1887-scr-400x267.jpg 400w, https:\/\/semmelweis.hu\/hirek\/files\/2019\/06\/RS96322_IMG_1887-scr-768x512.jpg 768w, https:\/\/semmelweis.hu\/hirek\/files\/2019\/06\/RS96322_IMG_1887-scr-800x533.jpg 800w, https:\/\/semmelweis.hu\/hirek\/files\/2019\/06\/RS96322_IMG_1887-scr-600x400.jpg 600w, https:\/\/semmelweis.hu\/hirek\/files\/2019\/06\/RS96322_IMG_1887-scr-753x502.jpg 753w, https:\/\/semmelweis.hu\/hirek\/files\/2019\/06\/RS96322_IMG_1887-scr-203x135.jpg 203w, https:\/\/semmelweis.hu\/hirek\/files\/2019\/06\/RS96322_IMG_1887-scr.jpg 950w\" sizes=\"auto, (max-width: 400px) 100vw, 400px\" \/><\/a>Az egy\u00fcttm\u0171k\u00f6d\u00e9s keret\u00e9ben a Semmelweis Egyetem magas sz\u00ednvonal\u00fa, komplex, mindenre kiterjed\u0151 eg\u00e9szs\u00e9g\u00fcgyi ell\u00e1t\u00e1st biztos\u00edt a feln\u0151tt (A+B) \u00e9s ifj\u00fas\u00e1gi v\u00e1logatott versenyz\u0151k sz\u00e1m\u00e1ra. Kiemelt feladat a v\u00e1logatott versenyz\u0151k folyamatos eg\u00e9szs\u00e9g\u00fcgyi kontrollja, valamint a biztons\u00e1gos sportol\u00e1s eg\u00e9szs\u00e9g\u00fcgyi h\u00e1tter\u00e9nek megteremt\u00e9se a rendszeres, szervezett sz\u0171r\u0151vizsg\u00e1latokon kereszt\u00fcl. A meg\u00e1llapod\u00e1s \u00e9rtelm\u00e9ben az egyetem \u00e9s a sz\u00f6vets\u00e9g k\u00f6z\u00f6sen kialak\u00edtja \u00e9s hat\u00e9konyabb\u00e1 teszi a v\u00e1logatott versenyz\u0151k akut eg\u00e9szs\u00e9g\u00fcgyi probl\u00e9m\u00e1i \u00a0(betegs\u00e9gek, s\u00e9r\u00fcl\u00e9sek) diagnosztiz\u00e1l\u00e1s\u00e1nak infrastruktur\u00e1lis h\u00e1tter\u00e9t, kezel\u00e9si felt\u00e9teleit \u00e9s a kiemelt, azonnali ell\u00e1t\u00e1s lehet\u0151s\u00e9g\u00e9t. A s\u00e9r\u00fcl\u00e9sek megel\u0151z\u00e9se \u00e9rdek\u00e9ben szint\u00e9n kidolgozz\u00e1k \u00e9s be\u00e9p\u00edtik a napi edz\u00e9smunk\u00e1ba a megfelel\u0151 prevenci\u00f3s strat\u00e9gi\u00e1kat. A sportol\u00f3k h\u00e1romhavonta sport\u00e1gi felm\u00e9r\u00e9seken, teljes\u00edtm\u00e9nydiagnosztikai laborat\u00f3riumi vizsg\u00e1latokon \u00e9s terhel\u00e9s\u00e9lettani p\u00e1lyam\u00e9r\u00e9seken vesznek majd r\u00e9szt. A meg\u00e1llapod\u00e1s \u00e9rtelm\u00e9ben ugyancsak kialak\u00edtj\u00e1k a s\u00e9r\u00fclt sportol\u00f3k rehabilit\u00e1ci\u00f3j\u00e1nak \u00e9s versenysportba t\u00f6rt\u00e9n\u0151 visszavezet\u00e9s\u00e9nek protokollrendszer\u00e9t.<\/p>\n<p><a href=\"https:\/\/semmelweis.hu\/hirek\/files\/2019\/06\/RS96325_IMG_1869-scr.jpg\"><img loading=\"lazy\" decoding=\"async\" class=\"alignleft size-medium wp-image-86126\" src=\"https:\/\/semmelweis.hu\/hirek\/files\/2019\/06\/RS96325_IMG_1869-scr-267x400.jpg\" alt=\"\" width=\"267\" height=\"400\" srcset=\"https:\/\/semmelweis.hu\/hirek\/files\/2019\/06\/RS96325_IMG_1869-scr-267x400.jpg 267w, https:\/\/semmelweis.hu\/hirek\/files\/2019\/06\/RS96325_IMG_1869-scr-400x600.jpg 400w, https:\/\/semmelweis.hu\/hirek\/files\/2019\/06\/RS96325_IMG_1869-scr.jpg 500w\" sizes=\"auto, (max-width: 267px) 100vw, 267px\" \/><\/a>A Semmelweis Egyetem feladata, hogy biztos\u00edtsa a sportsikerek h\u00e1tter\u00e9t, a sportol\u00f3k eg\u00e9szs\u00e9g\u00e9\u00e9rt vagyunk felel\u0151sek \u2013 hangs\u00falyozta dr. Merkely B\u00e9la rektor, hozz\u00e1t\u00e9ve, hogy ez az egyetem valamennyi klinik\u00e1j\u00e1t \u00e9rinti. Kiemelte: a Semmelweis Egyetemen a legmagasabb szint\u0171 oktat\u00e1s \u00e9s k\u00e9pz\u00e9s folyik, \u00e9s emellett fontosnak tartja egyebek mellett annak az \u00fczenetnek a k\u00f6zvet\u00edt\u00e9s\u00e9t a hallgat\u00f3k fel\u00e9, hogy a sportn\u00e1l jobb megel\u0151z\u00e9st nem ismer\u00fcnk. Eml\u00e9keztetett arra, hogy szeptembert\u0151l a curriculumreform keret\u00e9ben bevezetik a k\u00e9t f\u00e9l\u00e9ves sportorvostan k\u00e9pz\u00e9st, valamint \u2013 egyel\u0151re a fels\u0151oktat\u00e1si int\u00e9zm\u00e9nyek k\u00f6z\u00f6tt egyed\u00fclik\u00e9nt \u2013 a teljes k\u00e9pz\u00e9sen \u00e1t\u00edvel\u0151 testnevel\u00e9st minden karon. A rektor eml\u00e9keztetett arra is, mennyire fontos, hogy a j\u00f6v\u0151 orvosai \u00e9s eg\u00e9szs\u00e9g\u00fcgyi szakemberei ne csak a betegs\u00e9gek gy\u00f3gy\u00edt\u00e1s\u00e1val, hanem a megel\u0151z\u00e9ssel \u00e9s az \u00e9letmin\u0151s\u00e9g meg\u0151rz\u00e9s\u00e9vel is foglalkozzanak, s\u0151t p\u00e9ld\u00e1t is mutassanak. Dr. Merkely B\u00e9la szem\u00e9lyesen is k\u00f6t\u0151dik a v\u00edzilabda sport\u00e1ghoz, hiszen hallgat\u00f3k\u00e9nt kezdte \u00e9s jelenleg is j\u00e1tszik az egyetem v\u00edzilabda csapat\u00e1ban. Sz\u00f3lt arr\u00f3l is, hogy az egyetem k\u00f6zponti \u00e9p\u00fclet\u00e9nek f\u0151bej\u00e1rat\u00e1n\u00e1l naponta l\u00e1thatja az orvosi egyetemet v\u00e9gzett olimpiai bajnokok neveit sorol\u00f3 eml\u00e9kt\u00e1bl\u00e1t, akiknek a t\u00f6bbs\u00e9ge v\u00edzilabd\u00e1z\u00f3 volt.<\/p>\n<p>V\u00e1ri Attila, a Magyar V\u00edzilabda Sz\u00f6vets\u00e9g eln\u00f6ke a keretmeg\u00e1llapod\u00e1s al\u00e1\u00edr\u00e1sa alkalm\u00e1b\u00f3l tartott sajt\u00f3t\u00e1j\u00e9koztat\u00f3n elmondta: a magyar v\u00edzilabda mindig is \u00e9rtelmis\u00e9gi alapokon nyugodott, \u00e9s a sport\u00e1gban komolyan veszik a \u201etanulni, tan\u00edtani\u201d szlogent. \u00d6r\u00f6m\u00e9t fejezte ki, hogy a Semmelweis Egyetem tudom\u00e1nyos h\u00e1tteret biztos\u00edt a megkezdett munk\u00e1hoz az ut\u00e1np\u00f3tl\u00e1s koroszt\u00e1lyban j\u00e1tsz\u00f3 gyerekeknek \u00e9s a feln\u0151tteknek egyar\u00e1nt, \u00edgy az int\u00e9zm\u00e9ny felszerelts\u00e9ge, eredm\u00e9nyei \u00e9s tudom\u00e1nyos aktivit\u00e1sa seg\u00edteni fogj\u00e1k a sz\u00f6vets\u00e9g j\u00f6v\u0151beni c\u00e9ljait. Az egy\u00fcttm\u0171k\u00f6d\u00e9s sor\u00e1n kiemelt figyelmet ford\u00edtanak a sportt\u00e1pl\u00e1lkoz\u00e1sra, valamint megalapozz\u00e1k az edz\u0151k \u00e9s sportol\u00f3k sz\u00e1m\u00e1ra az eduk\u00e1ci\u00f3 lehet\u0151s\u00e9g\u00e9t.<\/p>\n<p><a href=\"https:\/\/semmelweis.hu\/hirek\/files\/2019\/06\/RS96315_IMG_1915-scr.jpg\"><img loading=\"lazy\" decoding=\"async\" class=\"aligncenter size-full wp-image-86125\" src=\"https:\/\/semmelweis.hu\/hirek\/files\/2019\/06\/RS96315_IMG_1915-scr.jpg\" alt=\"\" width=\"950\" height=\"633\" srcset=\"https:\/\/semmelweis.hu\/hirek\/files\/2019\/06\/RS96315_IMG_1915-scr.jpg 950w, https:\/\/semmelweis.hu\/hirek\/files\/2019\/06\/RS96315_IMG_1915-scr-400x267.jpg 400w, https:\/\/semmelweis.hu\/hirek\/files\/2019\/06\/RS96315_IMG_1915-scr-768x512.jpg 768w, https:\/\/semmelweis.hu\/hirek\/files\/2019\/06\/RS96315_IMG_1915-scr-800x533.jpg 800w, https:\/\/semmelweis.hu\/hirek\/files\/2019\/06\/RS96315_IMG_1915-scr-600x400.jpg 600w, https:\/\/semmelweis.hu\/hirek\/files\/2019\/06\/RS96315_IMG_1915-scr-753x502.jpg 753w, https:\/\/semmelweis.hu\/hirek\/files\/2019\/06\/RS96315_IMG_1915-scr-203x135.jpg 203w\" sizes=\"auto, (max-width: 950px) 100vw, 950px\" \/><\/a><\/p>\n<p>Ez id\u00e9n a m\u00e1sodik olyan keretmeg\u00e1llapod\u00e1s, amelyet sportsz\u00f6vets\u00e9ggel k\u00f6t\u00f6tt a Semmelweis Egyetem. Mint arr\u00f3l kor\u00e1bban besz\u00e1moltunk, m\u00e1rciusban <a href=\"https:\/\/semmelweis.hu\/hirek\/2019\/03\/28\/egyuttmukodesi-megallapodas-a-magyar-uszo-szovetseggel\/\" target=\"_blank\" rel=\"noopener noreferrer\">a Magyar \u00dasz\u00f3 Sz\u00f6vets\u00e9ggel \u00edrt al\u00e1 egy\u00fcttm\u0171k\u00f6d\u00e9si meg\u00e1llapod\u00e1st<\/a> az egyetem, amelynek c\u00e9lja, hogy komplex eg\u00e9szs\u00e9g\u00fcgyi h\u00e1tteret biztos\u00edtson a magyar v\u00e1logatott \u00fasz\u00f3knak. Mindezeken fel\u00fcl tov\u00e1bbi sportsz\u00f6vets\u00e9gekkel is folyamatban van hasonl\u00f3 egy\u00fcttm\u0171k\u00f6d\u00e9sek kialak\u00edt\u00e1sa.\u00a0\u00a0<\/p>\n<p>T\u0151gyi Krisztina<\/p>\n<p>Fot\u00f3: Kov\u00e1cs Attila &#8211; Semmelweis Egyetem<\/p>\n","protected":false},"excerpt":{"rendered":"<p>Hossz\u00fa t\u00e1vra sz\u00f3l\u00f3 egy\u00fcttm\u0171k\u00f6d\u00e9si keretmeg\u00e1llapod\u00e1st k\u00f6t\u00f6tt a Semmelweis Egyetem \u00e9s a Magyar V\u00edzilabda Sz\u00f6vets\u00e9g.<\/p>\n","protected":false},"author":13,"featured_media":86125,"comment_status":"closed","ping_status":"closed","sticky":false,"template":"","format":"standard","meta":{"_acf_changed":false,"footnotes":""},"categories":[154,168],"tags":[155],"class_list":["post-86122","post","type-post","status-publish","format-standard","has-post-thumbnail","hentry","category-egeszseg","category-kiemelt","tag-sport"],"acf":[],"_links":{"self":[{"href":"https:\/\/semmelweis.hu\/hirek\/wp-json\/wp\/v2\/posts\/86122","targetHints":{"allow":["GET"]}}],"collection":[{"href":"https:\/\/semmelweis.hu\/hirek\/wp-json\/wp\/v2\/posts"}],"about":[{"href":"https:\/\/semmelweis.hu\/hirek\/wp-json\/wp\/v2\/types\/post"}],"author":[{"embeddable":true,"href":"https:\/\/semmelweis.hu\/hirek\/wp-json\/wp\/v2\/users\/13"}],"replies":[{"embeddable":true,"href":"https:\/\/semmelweis.hu\/hirek\/wp-json\/wp\/v2\/comments?post=86122"}],"version-history":[{"count":5,"href":"https:\/\/semmelweis.hu\/hirek\/wp-json\/wp\/v2\/posts\/86122\/revisions"}],"predecessor-version":[{"id":86132,"href":"https:\/\/semmelweis.hu\/hirek\/wp-json\/wp\/v2\/posts\/86122\/revisions\/86132"}],"wp:featuredmedia":[{"embeddable":true,"href":"https:\/\/semmelweis.hu\/hirek\/wp-json\/wp\/v2\/media\/86125"}],"wp:attachment":[{"href":"https:\/\/semmelweis.hu\/hirek\/wp-json\/wp\/v2\/media?parent=86122"}],"wp:term":[{"taxonomy":"category","embeddable":true,"href":"https:\/\/semmelweis.hu\/hirek\/wp-json\/wp\/v2\/categories?post=86122"},{"taxonomy":"post_tag","embeddable":true,"href":"https:\/\/semmelweis.hu\/hirek\/wp-json\/wp\/v2\/tags?post=86122"}],"curies":[{"name":"wp","href":"https:\/\/api.w.org\/{rel}","templated":true}]}}