{"id":85950,"date":"2019-05-31T13:02:34","date_gmt":"2019-05-31T11:02:34","guid":{"rendered":"http:\/\/semmelweis.hu\/hirek\/?p=85950"},"modified":"2019-06-20T11:00:43","modified_gmt":"2019-06-20T09:00:43","slug":"a-kormany-ujabb-lepesekkel-tamogatja-a-semmelweis-egyetem-xxi-fejlesztesi-projektet","status":"publish","type":"post","link":"https:\/\/semmelweis.hu\/hirek\/2019\/05\/31\/a-kormany-ujabb-lepesekkel-tamogatja-a-semmelweis-egyetem-xxi-fejlesztesi-projektet\/","title":{"rendered":"A korm\u00e1ny \u00fajabb l\u00e9p\u00e9sekkel t\u00e1mogatja a Semmelweis XXI. Fejleszt\u00e9si Projektet"},"content":{"rendered":"<p class=\"lead\">A k\u00f6z\u00e9p-magyarorsz\u00e1gi r\u00e9gi\u00f3 els\u0151 egyetemi k\u00f3rh\u00e1za j\u00f6n l\u00e9tre a Semmelweis Egyetem \u00e9s a Szent R\u00f3kus K\u00f3rh\u00e1z integr\u00e1ci\u00f3j\u00e1val \u2013 err\u0151l d\u00f6nt\u00f6tt a korm\u00e1ny. A Semmelweis Ign\u00e1c t\u00f6rt\u00e9nelmi \u00f6r\u00f6ks\u00e9g\u00e9hez tartoz\u00f3 int\u00e9zm\u00e9ny jelent\u0151s szerepet j\u00e1tszik majd a gyakorlati orvos \u00e9s eg\u00e9szs\u00e9gtudom\u00e1nyi k\u00e9pz\u00e9s meg\u00faj\u00edt\u00e1s\u00e1ban, emellett helyet ad a K\u00fatv\u00f6lgyi Klinikai T\u00f6mbb\u0151l \u00e1tker\u00fcl\u0151, a Pszichi\u00e1triai \u00e9s Pszichoter\u00e1pi\u00e1s Klinik\u00e1hoz tartoz\u00f3 szervezeti egys\u00e9gnek. A korm\u00e1nyhat\u00e1rozat a k\u00e9t int\u00e9zm\u00e9ny \u00f6sszeolvad\u00e1sa mellett az egyetem egys\u00e9geinek \u00e9s klinik\u00e1inak K\u00fatv\u00f6lgyi Klinikai T\u00f6mbb\u0151l val\u00f3 \u00e1thelyez\u00e9s\u00e9re, ingatlanfejleszt\u00e9si \u00e9s tervez\u00e9si folyamatokra, valamint betegell\u00e1t\u00e1si eszk\u00f6zbeszerz\u00e9sre is biztos\u00edt tov\u00e1bbi forr\u00e1sokat.<\/p>\n<p>A k\u00f6z\u00e9p-magyarorsz\u00e1gi betegell\u00e1t\u00e1s fejleszt\u00e9se a korm\u00e1ny sz\u00e1m\u00e1ra kiemelt jelent\u0151s\u00e9ggel b\u00edr. Ennek meghat\u00e1roz\u00f3 eleme a Semmelweis Egyetem klinikai betegell\u00e1t\u00e1si tev\u00e9kenys\u00e9g\u00e9nek fejleszt\u00e9se, mely a Szent R\u00f3kus K\u00f3rh\u00e1z egyetemi k\u00f3rh\u00e1zz\u00e1 t\u00f6rt\u00e9n\u0151 \u00e1talakul\u00e1s\u00e1nak k\u00f6sz\u00f6nhet\u0151en m\u00e9g szorosabban kapcsol\u00f3dik a k\u00f6z\u00e9p-magyarorsz\u00e1gi ell\u00e1t\u00e1shoz, \u00e9s egyben a pszichi\u00e1triai ell\u00e1t\u00e1sban is jelent\u0151s el\u0151rel\u00e9p\u00e9sek t\u00f6rt\u00e9nnek \u2013 emelte ki dr. Horv\u00e1th Ildik\u00f3, az Emberi Er\u0151forr\u00e1sok Miniszt\u00e9rium\u00e1nak eg\u00e9szs\u00e9g\u00fcgy\u00e9rt felel\u0151s \u00e1llamtitk\u00e1ra. A Semmelweis XXI. Fejleszt\u00e9si Projekthez kapcsol\u00f3d\u00f3 tegnap megjelent (1314\/2019) korm\u00e1nyhat\u00e1rozat tov\u00e1bb\u00e1 biztos\u00edtja a sz\u00fcks\u00e9ges p\u00e9nz\u00fcgyi forr\u00e1sokat is a K\u00fatv\u00f6lgyi Klinikai T\u00f6mbben l\u00e9v\u0151 klinik\u00e1k a Semmelweis Egyetem pesti oldalon l\u00e9v\u0151 t\u00f6mbjeiben, a jelenlegin\u00e9l jobb ell\u00e1t\u00e1si k\u00f6r\u00fclm\u00e9nyek k\u00f6z\u00e9 t\u00f6rt\u00e9n\u0151 \u00e1thelyez\u00e9s\u00e9hez.<\/p>\n<p><a href=\"https:\/\/semmelweis.hu\/hirek\/files\/2019\/05\/RS95148_IMG_7063-scr-1.jpg\"><img loading=\"lazy\" decoding=\"async\" class=\"aligncenter size-full wp-image-85963\" src=\"https:\/\/semmelweis.hu\/hirek\/files\/2019\/05\/RS95148_IMG_7063-scr-1.jpg\" alt=\"\" width=\"950\" height=\"633\" srcset=\"https:\/\/semmelweis.hu\/hirek\/files\/2019\/05\/RS95148_IMG_7063-scr-1.jpg 950w, https:\/\/semmelweis.hu\/hirek\/files\/2019\/05\/RS95148_IMG_7063-scr-1-400x267.jpg 400w, https:\/\/semmelweis.hu\/hirek\/files\/2019\/05\/RS95148_IMG_7063-scr-1-768x512.jpg 768w, https:\/\/semmelweis.hu\/hirek\/files\/2019\/05\/RS95148_IMG_7063-scr-1-800x533.jpg 800w, https:\/\/semmelweis.hu\/hirek\/files\/2019\/05\/RS95148_IMG_7063-scr-1-600x400.jpg 600w, https:\/\/semmelweis.hu\/hirek\/files\/2019\/05\/RS95148_IMG_7063-scr-1-753x502.jpg 753w, https:\/\/semmelweis.hu\/hirek\/files\/2019\/05\/RS95148_IMG_7063-scr-1-203x135.jpg 203w\" sizes=\"auto, (max-width: 950px) 100vw, 950px\" \/><\/a><\/p>\n<p>A Szent R\u00f3kus K\u00f3rh\u00e1z \u2013 jelenlegi ell\u00e1t\u00e1si feladatait, elk\u00f6telezett szakembereit megtartva \u2013 egyetemi k\u00f3rh\u00e1zk\u00e9nt integr\u00e1l\u00f3dik a Semmelweis Egyetemhez \u2013 jelentette ki dr. G\u00f6b\u00f6l Zsolt. A k\u00f3rh\u00e1z f\u0151igazgat\u00f3ja hozz\u00e1tette azt is: A modern pszichi\u00e1tria ell\u00e1t\u00e1si felt\u00e9teleknek megfelel\u0151en a Semmelweis Egyetem Pszichi\u00e1triai \u00e9s Pszichoter\u00e1pi\u00e1s Klinik\u00e1j\u00e1nak K\u00fatv\u00f6lgyi \u00fati r\u00e9szlege itt v\u00e9gzi tov\u00e1bb kiemelked\u0151 szakmai munk\u00e1j\u00e1t. Az \u00fajonnan l\u00e9trej\u00f6tt Semmelweis Egyetem Szent R\u00f3kus Egyetemi K\u00f3rh\u00e1z \u00e9s Int\u00e9zm\u00e9nyei 2019. szeptember 1-vel, a jubileumi tan\u00e9vvel p\u00e1rhuzamosan kezdi meg m\u0171k\u00f6d\u00e9s\u00e9t.<\/p>\n<p>Dr. Merkely B\u00e9la, a Semmelweis Egyetem rektora kiemelte: Az integr\u00e1ci\u00f3nak t\u00f6rt\u00e9nelmi jelent\u0151s\u00e9ge is van, Semmelweis Ign\u00e1c ugyanis B\u00e9csb\u0151l hazat\u00e9rve a Szent R\u00f3kus K\u00f3rh\u00e1zban folytatta tov\u00e1bb gy\u00f3gy\u00edt\u00f3 munk\u00e1j\u00e1t, \u00e9s sz\u00e1mos k\u00e9s\u0151bbi egyetemi klinika is itt kezdte meg m\u0171k\u00f6d\u00e9s\u00e9t. Mint elmondta, a Pszichi\u00e1triai \u00e9s Pszichoter\u00e1pi\u00e1s Klinika K\u00fatv\u00f6lgyi r\u00e9szlege klinikai egys\u00e9gk\u00e9nt itt m\u0171k\u00f6dik tov\u00e1bb. Tov\u00e1bb\u00e1 az \u00f6sszeolvad\u00e1s a 250 \u00e9ves jubileum\u00e1t \u00fcnnepl\u0151 Semmelweis Egyetem meg\u00fajul\u00f3 orvosk\u00e9pz\u00e9si curriculuma sz\u00e1m\u00e1ra is el\u0151ny\u00f6s, hiszen b\u0151v\u00fclnek az orvos \u00e9s eg\u00e9szs\u00e9gtudom\u00e1nyi k\u00e9pz\u00e9s gyakorlati sz\u00ednterei, valamint a meg\u00fajul\u00f3 alapell\u00e1t\u00e1s, az egyre fontosabb\u00e1 v\u00e1l\u00f3 j\u00e1r\u00f3betegell\u00e1t\u00e1s, n\u00e9peg\u00e9szs\u00e9g\u00fcgyi fejleszt\u00e9sek \u00e9s foglalkoz\u00e1s-eg\u00e9szs\u00e9g\u00fcgy klinikai oktat\u00e1si h\u00e1ttere is tov\u00e1bb er\u0151s\u00f6dik.<\/p>\n<p>A korm\u00e1nyhat\u00e1rozat a fentieken t\u00fal tov\u00e1bbi forr\u00e1sokat biztos\u00edt a jelenleg a K\u00fatv\u00f6lgyi Klinikai T\u00f6mbben m\u0171k\u00f6d\u0151 klinik\u00e1k Bels\u0151 \u00e9s K\u00fcls\u0151 Klinikai T\u00f6mbbe val\u00f3 \u00e1thelyez\u00e9s\u00e9hez: k\u00f6zel 2,8 milli\u00e1rd forintot fel\u00faj\u00edt\u00e1sra, m\u00edg az eszk\u00f6zpark meg\u00faj\u00edt\u00e1s\u00e1ra \u00e9s egy\u00e9b kapcsol\u00f3d\u00f3 feladatokra t\u00f6bb mint 1,2 milli\u00e1rd forintot hat\u00e1roztak meg. A korm\u00e1ny d\u00f6nt\u00f6tt arr\u00f3l is, hogy Semmelweis XXI. Fejleszt\u00e9si Projekt tov\u00e1bbi campustervez\u00e9s\u00e9re az eddigi 4 milli\u00e1rd forint mellett id\u00e9n 370 milli\u00f3, j\u00f6v\u0151re pedig tov\u00e1bbi k\u00f6zel 2,3 milli\u00e1rd forintot biztos\u00edtanak az egyetem sz\u00e1m\u00e1ra.<\/p>\n<p><a href=\"https:\/\/semmelweis.hu\/hirek\/files\/2019\/05\/SE-ingatlanfejlesztes-2019-I-es_gyerekklinika.jpg\"><img loading=\"lazy\" decoding=\"async\" class=\"aligncenter wp-image-85952 size-full\" src=\"https:\/\/semmelweis.hu\/hirek\/files\/2019\/05\/SE-ingatlanfejlesztes-2019-I-es_gyerekklinika.jpg\" alt=\"\" width=\"1200\" height=\"734\" srcset=\"https:\/\/semmelweis.hu\/hirek\/files\/2019\/05\/SE-ingatlanfejlesztes-2019-I-es_gyerekklinika.jpg 1200w, https:\/\/semmelweis.hu\/hirek\/files\/2019\/05\/SE-ingatlanfejlesztes-2019-I-es_gyerekklinika-400x245.jpg 400w, https:\/\/semmelweis.hu\/hirek\/files\/2019\/05\/SE-ingatlanfejlesztes-2019-I-es_gyerekklinika-768x470.jpg 768w, https:\/\/semmelweis.hu\/hirek\/files\/2019\/05\/SE-ingatlanfejlesztes-2019-I-es_gyerekklinika-800x489.jpg 800w, https:\/\/semmelweis.hu\/hirek\/files\/2019\/05\/SE-ingatlanfejlesztes-2019-I-es_gyerekklinika-600x367.jpg 600w, https:\/\/semmelweis.hu\/hirek\/files\/2019\/05\/SE-ingatlanfejlesztes-2019-I-es_gyerekklinika-753x461.jpg 753w, https:\/\/semmelweis.hu\/hirek\/files\/2019\/05\/SE-ingatlanfejlesztes-2019-I-es_gyerekklinika-620x380.jpg 620w\" sizes=\"auto, (max-width: 1200px) 100vw, 1200px\" \/><\/a><\/p>\n<p>Ezen folyamat els\u0151 l\u00e9p\u00e9sek\u00e9nt, egy kor\u00e1bbi, \u00e1prilis 29-i d\u00f6nt\u00e9s alapj\u00e1n (1237\/2019 Korm. hat\u00e1rozat) az I. sz\u00e1m\u00fa Gyermekgy\u00f3gy\u00e1szati (B\u00f3kay) Klinika melletti 1200 nm-es ter\u00fclet \u00e1llami tulajdonba ker\u00fcl\u00e9s\u00e9t \u00e9s Semmelweis Egyetem vagyonkezel\u00e9s\u00e9be val\u00f3 \u00e1tad\u00e1s\u00e1t rendelte el a korm\u00e1ny.<\/p>\n<p>Haszon-Nagy Zs\u00f3fia, Kov\u00e1cs Eszter<br \/>\nFot\u00f3: Kov\u00e1cs Attila &#8211; Semmelweis Egyetem\u00a0<\/p>\n","protected":false},"excerpt":{"rendered":"<p>Ingatlanfejleszt\u00e9si \u00e9s tervez\u00e9si folyamatokra, valamint betegell\u00e1t\u00e1si eszk\u00f6zbeszerz\u00e9sre is biztos\u00edtanak forr\u00e1sokat.<\/p>\n","protected":false},"author":101405,"featured_media":85960,"comment_status":"closed","ping_status":"closed","sticky":false,"template":"","format":"standard","meta":{"_acf_changed":false,"footnotes":""},"categories":[157,168],"tags":[],"class_list":["post-85950","post","type-post","status-publish","format-standard","has-post-thumbnail","hentry","category-semmelweis-vilag","category-kiemelt"],"acf":[],"_links":{"self":[{"href":"https:\/\/semmelweis.hu\/hirek\/wp-json\/wp\/v2\/posts\/85950","targetHints":{"allow":["GET"]}}],"collection":[{"href":"https:\/\/semmelweis.hu\/hirek\/wp-json\/wp\/v2\/posts"}],"about":[{"href":"https:\/\/semmelweis.hu\/hirek\/wp-json\/wp\/v2\/types\/post"}],"author":[{"embeddable":true,"href":"https:\/\/semmelweis.hu\/hirek\/wp-json\/wp\/v2\/users\/101405"}],"replies":[{"embeddable":true,"href":"https:\/\/semmelweis.hu\/hirek\/wp-json\/wp\/v2\/comments?post=85950"}],"version-history":[{"count":10,"href":"https:\/\/semmelweis.hu\/hirek\/wp-json\/wp\/v2\/posts\/85950\/revisions"}],"predecessor-version":[{"id":86584,"href":"https:\/\/semmelweis.hu\/hirek\/wp-json\/wp\/v2\/posts\/85950\/revisions\/86584"}],"wp:featuredmedia":[{"embeddable":true,"href":"https:\/\/semmelweis.hu\/hirek\/wp-json\/wp\/v2\/media\/85960"}],"wp:attachment":[{"href":"https:\/\/semmelweis.hu\/hirek\/wp-json\/wp\/v2\/media?parent=85950"}],"wp:term":[{"taxonomy":"category","embeddable":true,"href":"https:\/\/semmelweis.hu\/hirek\/wp-json\/wp\/v2\/categories?post=85950"},{"taxonomy":"post_tag","embeddable":true,"href":"https:\/\/semmelweis.hu\/hirek\/wp-json\/wp\/v2\/tags?post=85950"}],"curies":[{"name":"wp","href":"https:\/\/api.w.org\/{rel}","templated":true}]}}