{"id":85425,"date":"2019-05-21T10:07:42","date_gmt":"2019-05-21T08:07:42","guid":{"rendered":"http:\/\/semmelweis.hu\/hirek\/?p=85425"},"modified":"2019-05-21T10:07:42","modified_gmt":"2019-05-21T08:07:42","slug":"kiadvany-a-szerves-vegytani-intezet-torteneterol","status":"publish","type":"post","link":"https:\/\/semmelweis.hu\/hirek\/2019\/05\/21\/kiadvany-a-szerves-vegytani-intezet-torteneterol\/","title":{"rendered":"Kiadv\u00e1ny a Szerves Vegytani Int\u00e9zet t\u00f6rt\u00e9net\u00e9r\u0151l"},"content":{"rendered":"<p class=\"lead\">A Szerves Vegytani Int\u00e9zet 40 \u00e9ves \u2013 1957 \u00e9s 1997 k\u00f6z\u00f6tti \u2013 t\u00f6rt\u00e9net\u00e9t \u00f6sszefoglal\u00f3 kiadv\u00e1ny k\u00e9sz\u00fclt dr. Krajsovszky G\u00e1bor, az int\u00e9zet igazgat\u00f3helyettes\u00e9nek szerkeszt\u00e9s\u00e9ben. A 121 oldalas k\u00f6nyv kit\u00e9r a t\u00f6bbi k\u00f6z\u00f6tt az int\u00e9zet kialakul\u00e1s\u00e1ra, az oktat\u00f3i munka fejl\u0151d\u00e9s\u00e9re, bemutatja az int\u00e9zet igazgat\u00f3it, de szem\u00e9lyes visszaeml\u00e9kez\u00e9seket is tartalmaz. A kiadv\u00e1ny a gy\u00f3gyszer\u00e9szi hivat\u00e1s szakmat\u00f6rt\u00e9neti gyarap\u00edt\u00e1s\u00e1hoz is szeretne hozz\u00e1j\u00e1rulni.<\/p>\n<p>A t\u00f6rt\u00e9neti k\u00f6nyv f\u0151 vonalakban bemutatja az int\u00e9zetnek a szerves k\u00e9mia oktat\u00e1s\u00e1ban \u00e9s kutat\u00e1s\u00e1ban bet\u00f6lt\u00f6tt szerep\u00e9t n\u00e9gy \u00e9vtized alatt, tov\u00e1bb\u00e1 egy egyetemi tansz\u00e9ken fokozott m\u00e9rt\u00e9kben jelenlev\u0151, ahhoz elv\u00e1laszthatatlanul hozz\u00e1tartoz\u00f3 szem\u00e9lyes aspektusokat is \u2013 olvashat\u00f3 a kiadv\u00e1ny bevezet\u0151j\u00e9ben. Az int\u00e9zet t\u00f6rt\u00e9net\u00e9nek ismertet\u00e9s\u00e9n t\u00fal a szorosan vett szakmai le\u00edr\u00e1sok mellett a szem\u00e9lyes visszaeml\u00e9kez\u00e9sek is fontos szerepet kaptak benne. Az int\u00e9zet alap\u00edt\u00f3 tagja, egykori igazgat\u00f3ja, dr. Szab\u00f3 L\u00e1szl\u00f3 professor emeritus sz\u00e1mos besz\u00e9d\u00e9t, megeml\u00e9kez\u00e9s\u00e9t is \u00f6sszegy\u0171jt\u00f6tte a kiadv\u00e1ny szerkeszt\u0151je.<\/p>\n<p>Az adatszer\u0171 k\u00f6zl\u00e9seken t\u00falmen\u0151en a gy\u00f3gyszer\u00e9szi hivat\u00e1s szakmat\u00f6rt\u00e9neti gyarap\u00edt\u00e1s\u00e1hoz is hozz\u00e1 szeretne j\u00e1rulni a kiadv\u00e1ny \u2013 \u00edrja k\u00f6sz\u00f6nt\u0151j\u00e9ben dr. Krajsovszky G\u00e1bor. Ehhez nagy seg\u00edts\u00e9get jelentett az int\u00e9zet els\u0151 igazgat\u00f3j\u00e1nak, Clauder Ott\u00f3 professzornak Hamburgban \u00e9l\u0151 l\u00e1nya, Clauder Katalin \u00e9s csal\u00e1dja a szem\u00e9lyes eml\u00e9kek \u00e9s a dokumentumok rendelkez\u00e9sre bocs\u00e1t\u00e1s\u00e1val.<\/p>\n<p>A kiadv\u00e1ny \u2013 amely az int\u00e9zet 60 \u00e9ves fenn\u00e1ll\u00e1s\u00e1hoz kapcsol\u00f3dva jelent meg \u2013 elektronikus v\u00e1ltozata <a href=\"https:\/\/semmelweis.hu\/orgchem\/files\/2019\/05\/A-SZERVES-VEGYTANI-INTEZET-TORTENETE-1957%E2%80%931997.pdf\">erre a linkre<\/a> kattintva el\u00e9rhet\u0151.<\/p>\n<p>B\u00f3di Bernadett<br \/>\nFot\u00f3 (illusztr\u00e1ci\u00f3): Kov\u00e1cs Attila &#8211; Semmelweis Egyetem<\/p>\n","protected":false},"excerpt":{"rendered":"<p>A 121 oldalas k\u00f6nyv kit\u00e9r a t\u00f6bbi k\u00f6z\u00f6tt az int\u00e9zet kialakul\u00e1s\u00e1ra, az oktat\u00f3i munka fejl\u0151d\u00e9s\u00e9re, bemutatja az int\u00e9zet igazgat\u00f3it, de szem\u00e9lyes visszaeml\u00e9kez\u00e9seket is tartalmaz.<\/p>\n","protected":false},"author":101282,"featured_media":85516,"comment_status":"closed","ping_status":"closed","sticky":false,"template":"","format":"standard","meta":{"_acf_changed":false,"footnotes":""},"categories":[157],"tags":[],"class_list":["post-85425","post","type-post","status-publish","format-standard","has-post-thumbnail","hentry","category-semmelweis-vilag"],"acf":[],"_links":{"self":[{"href":"https:\/\/semmelweis.hu\/hirek\/wp-json\/wp\/v2\/posts\/85425","targetHints":{"allow":["GET"]}}],"collection":[{"href":"https:\/\/semmelweis.hu\/hirek\/wp-json\/wp\/v2\/posts"}],"about":[{"href":"https:\/\/semmelweis.hu\/hirek\/wp-json\/wp\/v2\/types\/post"}],"author":[{"embeddable":true,"href":"https:\/\/semmelweis.hu\/hirek\/wp-json\/wp\/v2\/users\/101282"}],"replies":[{"embeddable":true,"href":"https:\/\/semmelweis.hu\/hirek\/wp-json\/wp\/v2\/comments?post=85425"}],"version-history":[{"count":2,"href":"https:\/\/semmelweis.hu\/hirek\/wp-json\/wp\/v2\/posts\/85425\/revisions"}],"predecessor-version":[{"id":85517,"href":"https:\/\/semmelweis.hu\/hirek\/wp-json\/wp\/v2\/posts\/85425\/revisions\/85517"}],"wp:featuredmedia":[{"embeddable":true,"href":"https:\/\/semmelweis.hu\/hirek\/wp-json\/wp\/v2\/media\/85516"}],"wp:attachment":[{"href":"https:\/\/semmelweis.hu\/hirek\/wp-json\/wp\/v2\/media?parent=85425"}],"wp:term":[{"taxonomy":"category","embeddable":true,"href":"https:\/\/semmelweis.hu\/hirek\/wp-json\/wp\/v2\/categories?post=85425"},{"taxonomy":"post_tag","embeddable":true,"href":"https:\/\/semmelweis.hu\/hirek\/wp-json\/wp\/v2\/tags?post=85425"}],"curies":[{"name":"wp","href":"https:\/\/api.w.org\/{rel}","templated":true}]}}