{"id":84577,"date":"2019-04-29T07:00:54","date_gmt":"2019-04-29T05:00:54","guid":{"rendered":"http:\/\/semmelweis.hu\/hirek\/?p=84577"},"modified":"2019-04-25T15:54:37","modified_gmt":"2019-04-25T13:54:37","slug":"dr-csermely-peter-minden-nap-tanulok-a-diakoktol","status":"publish","type":"post","link":"https:\/\/semmelweis.hu\/hirek\/2019\/04\/29\/dr-csermely-peter-minden-nap-tanulok-a-diakoktol\/","title":{"rendered":"Dr. Csermely P\u00e9ter: Minden nap tanulok a di\u00e1kokt\u00f3l"},"content":{"rendered":"<p class=\"lead\">A m\u00e1rcius 15-i nemzeti \u00fcnnep alkalm\u00e1b\u00f3l Sz\u00e9chenyi-d\u00edjat vehetett \u00e1t dr. Csermely P\u00e9ter, az Orvosi Vegytani, Molekul\u00e1ris Biol\u00f3giai \u00e9s Patobiok\u00e9miai Int\u00e9zet egyetemi tan\u00e1ra. Nagy b\u00fcszkes\u00e9gnek tartja, hogy h\u00e1l\u00f3zatkutat\u00e1ssal foglalkoz\u00f3 kutat\u00f3csoportj\u00e1b\u00f3l t\u00f6bb igen sikeres startup c\u00e9g is kin\u0151tt m\u00e1r. A vele k\u00e9sz\u00fclt interj\u00faban arr\u00f3l is besz\u00e9lt, hogy kutat\u00e1si ter\u00fclet\u00e9nek multidiszciplinarit\u00e1sa miatt folyamatosan \u00fajat tud tanulni munkat\u00e1rsait\u00f3l \u00e9s di\u00e1kjait\u00f3l.<\/p>\n<p>\u201eAhogyan az az \u00e9lettudom\u00e1nyokban \u00e1ltal\u00e1nosan igaz, legal\u00e1bb 100 embernek kellett volna kimennie \u00e1tvenni a d\u00edjat, ez\u00e9rt \u00fagy veszem, hogy az elismer\u00e9s mindannyiunk munk\u00e1j\u00e1t dics\u00e9ri\u201d \u2013 mondta dr. Csermely P\u00e9ter. Az egyetemi tan\u00e1r a komplex rendszerek adapt\u00e1ci\u00f3s, tanul\u00e1si \u00e9s d\u00f6nt\u00e9shozatali mechanizmusainak h\u00e1l\u00f3zatos vizsg\u00e1lata ter\u00fclet\u00e9n el\u00e9rt iskolateremt\u0151, a gy\u00f3gyszerkutat\u00e1sban is sikeresen alkalmazott eredm\u00e9nyei, valamint a tudom\u00e1nyos \u00e9let ifj\u00fa tehets\u00e9geinek felkutat\u00e1sa \u00e9s p\u00e1ly\u00e1j\u00e1nak egyenget\u00e9se \u00e9rdek\u00e9ben v\u00e9gzett, nemzetk\u00f6zileg is kiemelked\u0151 tev\u00e9kenys\u00e9ge elismer\u00e9sek\u00e9nt vehette \u00e1t a Sz\u00e9chenyi-d\u00edjat.<\/p>\n<p><a href=\"https:\/\/semmelweis.hu\/hirek\/files\/2019\/04\/RS92264_IMG_8211-scr.jpg\"><img loading=\"lazy\" decoding=\"async\" class=\"aligncenter size-full wp-image-84578\" src=\"https:\/\/semmelweis.hu\/hirek\/files\/2019\/04\/RS92264_IMG_8211-scr.jpg\" alt=\"\" width=\"950\" height=\"633\" srcset=\"https:\/\/semmelweis.hu\/hirek\/files\/2019\/04\/RS92264_IMG_8211-scr.jpg 950w, https:\/\/semmelweis.hu\/hirek\/files\/2019\/04\/RS92264_IMG_8211-scr-400x267.jpg 400w, https:\/\/semmelweis.hu\/hirek\/files\/2019\/04\/RS92264_IMG_8211-scr-768x512.jpg 768w, https:\/\/semmelweis.hu\/hirek\/files\/2019\/04\/RS92264_IMG_8211-scr-800x533.jpg 800w, https:\/\/semmelweis.hu\/hirek\/files\/2019\/04\/RS92264_IMG_8211-scr-600x400.jpg 600w, https:\/\/semmelweis.hu\/hirek\/files\/2019\/04\/RS92264_IMG_8211-scr-753x502.jpg 753w, https:\/\/semmelweis.hu\/hirek\/files\/2019\/04\/RS92264_IMG_8211-scr-203x135.jpg 203w\" sizes=\"auto, (max-width: 950px) 100vw, 950px\" \/><\/a>A tudom\u00e1nyos tev\u00e9kenys\u00e9g\u00e9t az elm\u00falt 15 \u00e9vben a h\u00e1l\u00f3zatkutat\u00e1s fedte le, el\u0151tte biok\u00e9mikusk\u00e9nt v\u00e9gzett k\u00eds\u00e9rleteket. A stresszfeh\u00e9rj\u00e9k vizsg\u00e1lat\u00e1b\u00f3l kider\u00fclt, hogy egy ilyen feh\u00e9rje ezer m\u00e1sikkal \u00e1ll kapcsolatban, ez\u00e9rt kellett egy olyan eszk\u00f6z, amivel ezt a komplexit\u00e1st meg lehet \u00e9rteni \u2013 id\u00e9zte fel dr. Csermely P\u00e9ter. Hozz\u00e1tette: a h\u00e1l\u00f3zatkutat\u00e1s \u00e9ppen akkort\u00e1jt forrott ki annyira, hogy haszn\u00e1lhat\u00f3 legyen ilyen esetekben. Mint mondta, kutat\u00f3csoportj\u00e1val szerencs\u00e9sek voltak, mert akkoriban a biol\u00f3giai ir\u00e1ny nem volt lefedett, ez\u00e9rt egy kev\u00e9sb\u00e9 j\u00e1rt ter\u00fcleten tudtak \u00e9s tudnak m\u00e1ig is dolgozni. Alapvet\u0151en a r\u00e1kos megbeteged\u00e9sekkel kapcsolatban v\u00e9geznek h\u00e1l\u00f3zati kutat\u00e1sokat, amib\u0151l m\u00e1r h\u00e1rom startup c\u00e9g is kin\u0151tt, ezek k\u00f6z\u00fcl eddig a legnagyobb karriert <strong><a href=\"https:\/\/semmelweis.hu\/hirek\/2017\/07\/13\/tumorterapiaban-hasznalhato-szoftver-lett-az-ev-egeszsegugyi-startupja\/\" target=\"_blank\" rel=\"noopener noreferrer\">a Turbine<\/a><\/strong> futotta be, ami ma m\u00e1r egy 40 f\u0151s k\u00f6z\u00e9pv\u00e1llalat lett, \u00e9s a vil\u00e1g t\u00edz legnagyobb gy\u00f3gyszergy\u00e1rt\u00f3 c\u00e9gei k\u00f6z\u00fcl h\u00e1rommal k\u00f6z\u00f6s projektet visz \u2013 emelte ki dr. Csermely P\u00e9ter.<\/p>\n<p>Az egyetemi tan\u00e1r szerint fontos, hogy az itt v\u00e9gzett kutat\u00e1soknak gyakorlati alkalmaz\u00e1sa is van: ezekkel az elj\u00e1r\u00e1sokkal nagy bizonyoss\u00e1ggal meg lehet j\u00f3solni, hogy ha t\u00f6bb, a r\u00e1kos ter\u00e1pi\u00e1ban alkalmazott szert egyszerre adnak egy adott tumorsejthez, akkor milyen lesz az egy\u00fcttes hat\u00e1suk \u2013 mutatott r\u00e1. Ez pedig a gy\u00f3gyszergy\u00e1rak sz\u00e1m\u00e1ra kiv\u00e1l\u00f3 eredm\u00e9ny, mert \u00edgy t\u00f6bb \u00e9vvel le lehet r\u00f6vid\u00edteni azt az id\u0151t, am\u00edg egy adott ter\u00e1pia el\u00e9rhet\u0151 lesz a betegek sz\u00e1m\u00e1ra; \u00e9s min\u00e9l hamarabb lehet szelekt\u00e1lni a gy\u00f3gyszerc\u00e9lpontok k\u00f6z\u00fcl, ann\u00e1l olcs\u00f3bb lesz az adott gy\u00f3gyszer \u2013 ismertette a h\u00e1l\u00f3zatkutat\u00e1s ipari lehet\u0151s\u00e9geit dr. Csermely P\u00e9ter.<\/p>\n<p>\u00c9rdekess\u00e9gk\u00e9nt, \u00e9s a h\u00e1l\u00f3zatkutat\u00e1s egyik sz\u00e9ps\u00e9gek\u00e9nt eml\u00edtette, hogy az \u00e1ltaluk is kutatott h\u00e1l\u00f3zatok hasonl\u00f3an m\u0171k\u00f6dnek sejtek eset\u00e9n \u00e9s t\u00e1rsadalmi szitu\u00e1ci\u00f3kban. Ez\u00e9rt el\u0151fordul, hogy amikor a sejtek szintj\u00e9n nem \u00e9rtenek egy adott probl\u00e9m\u00e1t, akkor eg\u00e9szen m\u00e1s ir\u00e1nyb\u00f3l k\u00f6zel\u00edtve megvizsg\u00e1lj\u00e1k, hogy mi lenne, ha a feh\u00e9rj\u00e9k egy bar\u00e1ti t\u00e1rsas\u00e1g tagjai lenn\u00e9nek \u2013 magyar\u00e1zta a professzor. Az \u00edgy kapott eredm\u00e9nyeket pedig vissza lehet vet\u00edteni a sejtek szintj\u00e9re, \u00e9s meg lehet mondani, hogy a molekul\u00e1ris h\u00e1l\u00f3zatban kik a \u201ev\u00e9lem\u00e9nyform\u00e1l\u00f3k\u201d, kik ir\u00e1ny\u00edtj\u00e1k az inform\u00e1ci\u00f3kat stb. R\u00e1kos betegs\u00e9gek eset\u00e9n p\u00e9ld\u00e1ul egy-egy feh\u00e9rje szerepe is kider\u00fclhet ezzel az elj\u00e1r\u00e1ssal.<\/p>\n<p class=\"keretes\"><strong>N\u00e9vjegy:<\/strong><br \/>\nDr. Csermely P\u00e9ter az ELTE Ap\u00e1czai Csere J\u00e1nos Gyakorl\u00f3 Iskol\u00e1ban \u00e9retts\u00e9gizett. 1977-ben kezdte meg tanulm\u00e1nyait az E\u00f6tv\u00f6s Lor\u00e1nd Tudom\u00e1nyegyetem Term\u00e9szettudom\u00e1nyi Kar\u00e1nak vegy\u00e9sz szak\u00e1n, 1982-ben szerzett diplom\u00e1t. 1988-ban v\u00e9dte meg az orvostudom\u00e1nyok kandid\u00e1tusi, 1994-ben akad\u00e9miai doktori \u00e9rtekez\u00e9s\u00e9t. 2013-ban a Magyar Tudom\u00e1nyos Akad\u00e9mia levelez\u0151 tagj\u00e1v\u00e1 v\u00e1lasztott\u00e1k. Kutat\u00e1si ter\u00fclete a komplex rendszerek \u00e9s h\u00e1l\u00f3zatos le\u00edr\u00e1suk adapt\u00e1ci\u00f3ja \u00e9s tanul\u00e1sa. T\u00f6bb mint 250 tudom\u00e1nyos k\u00f6zlem\u00e9ny szerz\u0151je. H\u00e1rom \u00e9vig kutatott a Harvard Egyetemen, de j\u00e1rt tanulm\u00e1ny\u00faton p\u00e9ld\u00e1ul Toki\u00f3ban \u00e9s Pekingben is. A t\u00f6bbi k\u00f6z\u00f6tt Huzella Tivadar-d\u00edjjal, a Magyar K\u00f6zt\u00e1rsas\u00e1gi \u00c9rdemrend lovagkeresztje kit\u00fcntet\u00e9ssel, Magyar \u00d6r\u00f6ks\u00e9g-d\u00edjjal, Prima-d\u00edjjal \u00e9s az Eur\u00f3pai Uni\u00f3 Descartes-d\u00edj\u00e1val ismert\u00e9k m\u00e1r el p\u00e1ly\u00e1j\u00e1t.<\/p>\n<p>A m\u00e1sik d\u00edjjal elismert tev\u00e9kenys\u00e9g\u00e9r\u0151l, a tehets\u00e9ggondoz\u00e1sr\u00f3l sz\u00f3lva elmondta, hogy 1996-ban kezdte el az els\u0151 orsz\u00e1gos programot szervezni k\u00f6z\u00e9piskol\u00e1soknak, akik tudom\u00e1nyos di\u00e1kk\u00f6ri hallgat\u00f3k\u00e9nt kiv\u00e1l\u00f3 eredm\u00e9nyeket \u00e9rnek el. Ez a program eddig 10-20 ezer k\u00f6z\u00e9piskol\u00e1snak adott kutat\u00e1si lehet\u0151s\u00e9get \u2013 sz\u00e1molt be az eredm\u00e9nyekr\u0151l dr. Csermely P\u00e9ter. A h\u00e1l\u00f3zatot mintegy 10 \u00e9ve m\u00e1r a volt k\u00f6z\u00e9piskol\u00e1sok vezetik \u2013 tette hozz\u00e1. A mostanra orsz\u00e1goss\u00e1 n\u0151tt tehets\u00e9ggondoz\u00e1si h\u00e1l\u00f3zat egyik el\u0151nyek\u00e9nt eml\u00edtette, hogy minden fiatal megtal\u00e1lhatja a maga hely\u00e9t, nem sz\u00e1m\u00edt, hogy milyen ter\u00fcleten \u2013 term\u00e9szettudom\u00e1nyok, m\u0171v\u00e9szet, irodalom stb. \u2013 van tehets\u00e9ge. A nemzetk\u00f6zi \u00e9rdekl\u0151d\u00e9snek k\u00f6sz\u00f6nhet\u0151en egy sok kontinenseken \u00e1t\u00edvel\u0151 h\u00e1l\u00f3zatot is siker\u00fclt ki\u00e9p\u00edteni \u2013 mondta a professzor. Mint mondta, 2020-ban lek\u00f6sz\u00f6n az Eur\u00f3pai Tehets\u00e9gtan\u00e1cs eln\u00f6ki tisztj\u00e9r\u0151l. Ennek az\u00e9rt \u00f6r\u00fcl, mert \u00edgy t\u00f6bb ideje lesz a kutat\u00e1saira \u00e9s saj\u00e1t di\u00e1kjaira is. Hangs\u00falyozta, hogy ebben a tan\u00e9vben rekordsz\u00e1m\u00fa, hat di\u00e1kk\u00f6r\u00f6se indult el TDK konferenci\u00e1n, akik k\u00f6z\u00fcl n\u00e9gyen bejutottak az OTDK-ra.<\/p>\n<p>Dr. Csermely P\u00e9ter elmond\u00e1sa szerint minden nap tanul valamit di\u00e1kjait\u00f3l, aminek az az egyik oka, hogy a h\u00e1l\u00f3zatkutat\u00e1s multidiszciplin\u00e1ris ter\u00fclet. Ez\u00e9rt minden tan\u00edtv\u00e1ny\u00e1t a tan\u00e1r\u00e1nak tekinti, k\u00fcl\u00f6n\u00f6sen azokat, akik er\u0151sek matematik\u00e1b\u00f3l. Vegy\u00e9szk\u00e9nt az orvos di\u00e1kjait\u00f3l is sokat tanult az \u00e9vek sor\u00e1n abb\u00f3l az al\u00e1zatb\u00f3l, amivel egy orvos a beteghez k\u00f6zel\u00edt. Emellett \u2013 t\u00f6bbek k\u00f6z\u00f6tt \u2013 szociol\u00f3gusok, fizikusok is vannak a csoportban \u2013 vil\u00e1g\u00edtott r\u00e1 a soksz\u00edn\u0171s\u00e9gre. \u201eSz\u00e9p l\u00e1tni, hogy az emberek meg\u00e9rtik egym\u00e1st, \u00e9n pedig pr\u00f3b\u00e1lom meg\u00e9rteni \u0151ket. 61 \u00e9vesen az is seg\u00edts\u00e9g, hogy karban tartanak engem ment\u00e1lisan\u201d \u2013 mondta az egyetemi tan\u00e1r.<\/p>\n<p>T\u00f6bb mint 40 \u00e9ve dolgozik a Semmelweis Egyetemen dr. Csermely P\u00e9ter, aki elmond\u00e1sa szerint ez id\u0151 alatt sok izgalmas emberrel, nagyszer\u0171 koll\u00e9g\u00e1kkal tal\u00e1lkozott m\u00e1r. Sz\u00e1m\u00e1ra sokat jelent a k\u00fclf\u00f6ldiek jelenl\u00e9te, a gazdag kultur\u00e1lis k\u00f6rnyezet. \u201eNagy er\u0151ss\u00e9ge az egyetemnek, hogy ilyen sokf\u00e9le embernek ad kibontakoz\u00e1si lehet\u0151s\u00e9get.\u201d<\/p>\n<p>Keresztes Eszter<br \/>\nFot\u00f3: Kov\u00e1cs Attila &#8211; Semmelweis Egyetem<\/p>\n","protected":false},"excerpt":{"rendered":"<p>A m\u00e1rcius 15-i nemzeti \u00fcnnep alkalm\u00e1b\u00f3l Sz\u00e9chenyi-d\u00edjat vehetett \u00e1t.<\/p>\n","protected":false},"author":101132,"featured_media":84578,"comment_status":"closed","ping_status":"closed","sticky":false,"template":"","format":"standard","meta":{"_acf_changed":false,"footnotes":""},"categories":[157,168],"tags":[4070],"class_list":["post-84577","post","type-post","status-publish","format-standard","has-post-thumbnail","hentry","category-semmelweis-vilag","category-kiemelt","tag-allami-kituntetes"],"acf":[],"_links":{"self":[{"href":"https:\/\/semmelweis.hu\/hirek\/wp-json\/wp\/v2\/posts\/84577","targetHints":{"allow":["GET"]}}],"collection":[{"href":"https:\/\/semmelweis.hu\/hirek\/wp-json\/wp\/v2\/posts"}],"about":[{"href":"https:\/\/semmelweis.hu\/hirek\/wp-json\/wp\/v2\/types\/post"}],"author":[{"embeddable":true,"href":"https:\/\/semmelweis.hu\/hirek\/wp-json\/wp\/v2\/users\/101132"}],"replies":[{"embeddable":true,"href":"https:\/\/semmelweis.hu\/hirek\/wp-json\/wp\/v2\/comments?post=84577"}],"version-history":[{"count":5,"href":"https:\/\/semmelweis.hu\/hirek\/wp-json\/wp\/v2\/posts\/84577\/revisions"}],"predecessor-version":[{"id":85232,"href":"https:\/\/semmelweis.hu\/hirek\/wp-json\/wp\/v2\/posts\/84577\/revisions\/85232"}],"wp:featuredmedia":[{"embeddable":true,"href":"https:\/\/semmelweis.hu\/hirek\/wp-json\/wp\/v2\/media\/84578"}],"wp:attachment":[{"href":"https:\/\/semmelweis.hu\/hirek\/wp-json\/wp\/v2\/media?parent=84577"}],"wp:term":[{"taxonomy":"category","embeddable":true,"href":"https:\/\/semmelweis.hu\/hirek\/wp-json\/wp\/v2\/categories?post=84577"},{"taxonomy":"post_tag","embeddable":true,"href":"https:\/\/semmelweis.hu\/hirek\/wp-json\/wp\/v2\/tags?post=84577"}],"curies":[{"name":"wp","href":"https:\/\/api.w.org\/{rel}","templated":true}]}}