{"id":84556,"date":"2019-04-29T08:28:33","date_gmt":"2019-04-29T06:28:33","guid":{"rendered":"http:\/\/semmelweis.hu\/hirek\/?p=84556"},"modified":"2019-04-26T14:02:20","modified_gmt":"2019-04-26T12:02:20","slug":"endokrinologia-es-diabetesz-a-7-kiemelt-aok-kutatocsoportok-foruman","status":"publish","type":"post","link":"https:\/\/semmelweis.hu\/hirek\/2019\/04\/29\/endokrinologia-es-diabetesz-a-7-kiemelt-aok-kutatocsoportok-foruman\/","title":{"rendered":"Endokrinol\u00f3gia \u00e9s diab\u00e9tesz a 7. Kiemelt \u00c1OK Kutat\u00f3csoportok F\u00f3rum\u00e1n"},"content":{"rendered":"<p class=\"lead\">Hetedik alkalommal rendezt\u00e9k meg a Kiemelt \u00c1OK Kutat\u00f3csoportok F\u00f3rum\u00e1t, ahol 17 egyetemi kutat\u00f3 ismertette r\u00f6vid prezent\u00e1ci\u00f3val aktu\u00e1lis tudom\u00e1nyos munk\u00e1j\u00e1t, jelenleg fut\u00f3 projektj\u00e9nek c\u00e9lj\u00e1t. A Kutat\u00f3i Szalon keret\u00e9ben megrendezett esem\u00e9ny ez\u00fattal az endokrinol\u00f3gia \u00e9s diabetol\u00f3gia t\u00e9mak\u00f6r\u00e9t j\u00e1rta k\u00f6rbe.<\/p>\n<p>A programot dr. Ferdinandy P\u00e9ter tudom\u00e1nyos \u00e9s innov\u00e1ci\u00f3s rektorhelyettes nyitotta meg, aki hangs\u00falyozta: az egyetem tudom\u00e1nyos potenci\u00e1lj\u00e1t az elm\u00e9leti \u00e9s a klinikus kutat\u00f3k k\u00f6z\u00f6tti egy\u00fcttm\u0171k\u00f6d\u00e9s fokoz\u00e1s\u00e1val \u00e9s a transzl\u00e1ci\u00f3s kutat\u00e1sok er\u0151s\u00edt\u00e9s\u00e9vel lehet fokozni. Rem\u00e9ny\u00e9t fejezte ki, hogy a rendezv\u00e9ny hat\u00e1s\u00e1ra \u00faj kollabor\u00e1ci\u00f3k sz\u00fcletnek.<\/p>\n<p>Dr. Hunyady L\u00e1szl\u00f3, az \u00c1OK d\u00e9k\u00e1nja felid\u00e9zte a kor\u00e1bban megfogalmazott nyolc kari fejleszt\u00e9si projektet, melynek fontos r\u00e9sze az innov\u00e1ci\u00f3 \u00e9s a klinikai kutat\u00e1s fejleszt\u00e9se is. Kiemelte: a tudom\u00e1nyos teljes\u00edtm\u00e9ny n\u00f6vel\u00e9se mellett az adatszolg\u00e1ltat\u00e1s jav\u00edt\u00e1sa is fontos feladat, illetve a klinikai kutat\u00e1s \u00e9s az elm\u00e9leti int\u00e9zetekben foly\u00f3 alapkutat\u00e1s k\u00f6zti szinergi\u00e1k kihaszn\u00e1l\u00e1sa is kiemelt szerepet kap.<\/p>\n\r\n        [slb_exclude]\r\n        <div class=\"row galeria-wrapper mx-0 h-auto\">\r\n            <div class=\"col-9 pl-0 pr-2\">\r\n            <span class=\"gallery-item frame\">\r\n\t\t\t\t<div class=\"galeria-left-img\"><a href=\"https:\/\/semmelweis.hu\/hirek\/files\/2019\/04\/RS92923_IMG_0049-scr.jpg\"><img src=https:\/\/semmelweis.hu\/hirek\/files\/2019\/04\/RS92923_IMG_0049-scr.jpg  \r\n                            alt=\"\" \r\n                            class=\"attachment-sote-gallery-big size-sote-gallery-big\" \r\n                            srcset=\"https:\/\/semmelweis.hu\/hirek\/files\/2019\/04\/RS92923_IMG_0049-scr-400x267.jpg 400w, https:\/\/semmelweis.hu\/hirek\/files\/2019\/04\/RS92923_IMG_0049-scr-768x512.jpg 768w, https:\/\/semmelweis.hu\/hirek\/files\/2019\/04\/RS92923_IMG_0049-scr-800x533.jpg 800w, https:\/\/semmelweis.hu\/hirek\/files\/2019\/04\/RS92923_IMG_0049-scr-600x400.jpg 600w, https:\/\/semmelweis.hu\/hirek\/files\/2019\/04\/RS92923_IMG_0049-scr-753x502.jpg 753w, https:\/\/semmelweis.hu\/hirek\/files\/2019\/04\/RS92923_IMG_0049-scr-203x135.jpg 203w, https:\/\/semmelweis.hu\/hirek\/files\/2019\/04\/RS92923_IMG_0049-scr.jpg 950w\" ><\/a><\/div>\r\n            <\/span>\r\n\r\n            <\/div>\r\n\r\n\t\t\t<div class=\"col-3 pl-0 pr-0\">\r\n\t\t\t\t<div class=\"galeria-right-img d-flex justify-content-between flex-column h-100 w-100 px-0 mx-0 \">\r\n                <div class=\"galeria-box\">\r\n\t\t\t\t\t<h3 class=\"galeria-title\">Gal\u00e9ria<\/h3>\r\n\t\t\t\t\t<div class=\"galeria-subtitle\">\r\n\r\n\t\t\t\t\t\t<div class=\"galeria-page-counter\"><span>5<\/span>k\u00e9p<\/div>\r\n                    <\/div> <\/div>\r\n                    <span class=\"gallery-item frame d-none d-md-flex\">\r\n\t\t\t\t\t<div class=\"galeria-small-img mt-0\"><a href=\"https:\/\/semmelweis.hu\/hirek\/files\/2019\/04\/RS92915_IMG_0088-scr.jpg\"><img src=https:\/\/semmelweis.hu\/hirek\/files\/2019\/04\/RS92915_IMG_0088-scr.jpg \r\n                                alt=\"\"  \r\n                                class=\"attachment-sote-gallery-small size-sote-gallery-small\" \r\n                                srcset=\"https:\/\/semmelweis.hu\/hirek\/files\/2019\/04\/RS92915_IMG_0088-scr-400x267.jpg 400w, https:\/\/semmelweis.hu\/hirek\/files\/2019\/04\/RS92915_IMG_0088-scr-768x512.jpg 768w, https:\/\/semmelweis.hu\/hirek\/files\/2019\/04\/RS92915_IMG_0088-scr-800x533.jpg 800w, https:\/\/semmelweis.hu\/hirek\/files\/2019\/04\/RS92915_IMG_0088-scr-600x400.jpg 600w, https:\/\/semmelweis.hu\/hirek\/files\/2019\/04\/RS92915_IMG_0088-scr-753x502.jpg 753w, https:\/\/semmelweis.hu\/hirek\/files\/2019\/04\/RS92915_IMG_0088-scr-203x135.jpg 203w, https:\/\/semmelweis.hu\/hirek\/files\/2019\/04\/RS92915_IMG_0088-scr.jpg 950w\" ><\/a><\/div>\r\n                    <\/span>\r\n                    <span class=\"gallery-item frame d-none d-md-flex\">\r\n\t\t\t\t\t<div class=\"galeria-small-img mt-0\"><a href=\"https:\/\/semmelweis.hu\/hirek\/files\/2019\/04\/RS92908_IMG_0141-scr.jpg\"><img src=https:\/\/semmelweis.hu\/hirek\/files\/2019\/04\/RS92908_IMG_0141-scr.jpg \r\n                                alt=\"\" \r\n                                class=\"attachment-sote-gallery-small size-sote-gallery-small\" \r\n                                srcset=\"https:\/\/semmelweis.hu\/hirek\/files\/2019\/04\/RS92908_IMG_0141-scr-400x267.jpg 400w, https:\/\/semmelweis.hu\/hirek\/files\/2019\/04\/RS92908_IMG_0141-scr-768x512.jpg 768w, https:\/\/semmelweis.hu\/hirek\/files\/2019\/04\/RS92908_IMG_0141-scr-800x533.jpg 800w, https:\/\/semmelweis.hu\/hirek\/files\/2019\/04\/RS92908_IMG_0141-scr-600x400.jpg 600w, https:\/\/semmelweis.hu\/hirek\/files\/2019\/04\/RS92908_IMG_0141-scr-753x502.jpg 753w, https:\/\/semmelweis.hu\/hirek\/files\/2019\/04\/RS92908_IMG_0141-scr-203x135.jpg 203w, https:\/\/semmelweis.hu\/hirek\/files\/2019\/04\/RS92908_IMG_0141-scr.jpg 950w\" ><\/a><\/div>\r\n                    <\/span>\r\n\r\n                <\/div>\r\n\r\n            <\/div>\r\n\r\n            <span class=\"gallery-item\"><div class=\"hidden\"><a href=\"https:\/\/semmelweis.hu\/hirek\/files\/2019\/04\/RS92912_IMG_0118-scr.jpg\">\r\n        <img src=https:\/\/semmelweis.hu\/hirek\/files\/2019\/04\/RS92912_IMG_0118-scr.jpg alt=\"\" class=\"attachment-sote-gallery-big size-sote-gallery-big\" srcset=\"https:\/\/semmelweis.hu\/hirek\/files\/2019\/04\/RS92912_IMG_0118-scr-267x400.jpg 267w, https:\/\/semmelweis.hu\/hirek\/files\/2019\/04\/RS92912_IMG_0118-scr-400x600.jpg 400w, https:\/\/semmelweis.hu\/hirek\/files\/2019\/04\/RS92912_IMG_0118-scr.jpg 500w\" >\r\n        <\/a><\/div><\/span><span class=\"gallery-item\"><div class=\"hidden\"><a href=\"https:\/\/semmelweis.hu\/hirek\/files\/2019\/04\/RS92930_IMG_0020-scr.jpg\">\r\n        <img src=https:\/\/semmelweis.hu\/hirek\/files\/2019\/04\/RS92930_IMG_0020-scr.jpg alt=\"\" class=\"attachment-sote-gallery-big size-sote-gallery-big\" srcset=\"https:\/\/semmelweis.hu\/hirek\/files\/2019\/04\/RS92930_IMG_0020-scr-400x267.jpg 400w, https:\/\/semmelweis.hu\/hirek\/files\/2019\/04\/RS92930_IMG_0020-scr-768x512.jpg 768w, https:\/\/semmelweis.hu\/hirek\/files\/2019\/04\/RS92930_IMG_0020-scr-800x533.jpg 800w, https:\/\/semmelweis.hu\/hirek\/files\/2019\/04\/RS92930_IMG_0020-scr-600x400.jpg 600w, https:\/\/semmelweis.hu\/hirek\/files\/2019\/04\/RS92930_IMG_0020-scr-753x502.jpg 753w, https:\/\/semmelweis.hu\/hirek\/files\/2019\/04\/RS92930_IMG_0020-scr-203x135.jpg 203w, https:\/\/semmelweis.hu\/hirek\/files\/2019\/04\/RS92930_IMG_0020-scr.jpg 950w\" >\r\n        <\/a><\/div><\/span>\r\n            <\/div>\r\n\r\n            [\/slb_exclude]\r\n\t\n<p>Dr. Tam\u00e1s L\u00e1szl\u00f3, a F\u00fcl-Orr-G\u00e9g\u00e9szeti \u00e9s Fej-Nyakseb\u00e9szeti Klinika igazgat\u00f3ja, a f\u00f3rum f\u0151szervez\u0151je felid\u00e9zte, az els\u0151 f\u00f3rum az <a href=\"https:\/\/semmelweis.hu\/hirek\/2018\/09\/25\/uj-forum-erositi-az-elmeleti-es-a-klinikus-kutatok-kozti-egyuttmukodest\/\" target=\"_blank\" rel=\"noopener noreferrer\">onkol\u00f3gi\u00e1val<\/a> foglalkozott, azt az <a href=\"https:\/\/semmelweis.hu\/hirek\/2018\/11\/03\/bemutatkoztak-az-idegtudomanyok-teruleten-dolgozo-egyetemi-kutatocsoportok\/\" target=\"_blank\" rel=\"noopener noreferrer\">idegtudom\u00e1nyok<\/a>, majd a <a href=\"https:\/\/semmelweis.hu\/hirek\/2019\/01\/20\/kardiovaszkularis-kutatasok-a-3-kiemelt-aok-kutatocsoportok-foruman\/\" target=\"_blank\" rel=\"noopener noreferrer\">kardiol\u00f3gia<\/a>, azt\u00e1n a <a href=\"https:\/\/semmelweis.hu\/hirek\/2019\/02\/01\/hematologiai-kutatasok-a-4-kiemelt-aok-kutatocsoportok-foruman\/\" target=\"_blank\" rel=\"noopener noreferrer\">hematol\u00f3gia<\/a>, <a href=\"https:\/\/semmelweis.hu\/hirek\/2019\/03\/06\/immunologia-szepszis-es-gyulladasok-az-5-kiemelt-aok-kutatocsoportok-foruman\/\" target=\"_blank\" rel=\"noopener noreferrer\">az immunol\u00f3giai betegs\u00e9gek<\/a>, legutolj\u00e1ra pedig a <a href=\"https:\/\/semmelweis.hu\/hirek\/2019\/04\/05\/gasztroenterologiai-es-hepatologiai-kutatasok-a-6-kiemelt-aok-kutatocsoportok-foruman\/\" target=\"_blank\" rel=\"noopener noreferrer\">gasztroenterol\u00f3giai k\u00f3rk\u00e9pek<\/a> k\u00f6vett\u00e9k. Elmondta, a k\u00f6vetkez\u0151 f\u00f3rum tervezett t\u00e9m\u00e1ja az idegtudom\u00e1nyokhoz visszakanyarodva a magatart\u00e1studom\u00e1ny, pszichol\u00f3gia, pszichi\u00e1tria lesz.<\/p>\n<p>A prezent\u00e1ci\u00f3k el\u0151tt dr. Balogh Andr\u00e1s igazgat\u00f3 bemutatta az Innov\u00e1ci\u00f3s Igazgat\u00f3s\u00e1got, valamint az egyetemi kutat\u00f3knak sz\u00f3l\u00f3 \u00faj, d\u00edjmentes publik\u00e1ci\u00f3s szolg\u00e1ltat\u00e1sok mellett a szabadalmaztathat\u00f3s\u00e1gi el\u0151sz\u0171r\u00e9si lehet\u0151s\u00e9gekr\u0151l is sz\u00f3lt.<\/p>\n<p>Ezt k\u00f6vet\u0151en az egyetem 17, endokrinol\u00f3gia \u00e9s diabetol\u00f3gia t\u00e9m\u00e1ban tev\u00e9kenyked\u0151 kutat\u00f3csoportja mutatta be munk\u00e1j\u00e1t r\u00f6vid prezent\u00e1ci\u00f3val, amelyek el\u00e9rhet\u0151ek az <a href=\"https:\/\/semmelweis.hu\/aok\/tudomany-es-kutatas-a-karon\/kiemelt-transzlacios-kutatocsoportok-foruma\/\">\u00c1OK honlapj\u00e1n,<\/a> az egyetemi bels\u0151 h\u00e1l\u00f3zatb\u00f3l.<\/p>\n<p>B\u00f3di Bernadett<br \/>\nFot\u00f3: Kov\u00e1cs Attila &#8211; Semmelweis Egyetem<\/p>\n","protected":false},"excerpt":{"rendered":"<p>Tizenh\u00e9t, az endokrinol\u00f3gia \u00e9s diabetol\u00f3gia t\u00e9m\u00e1j\u00e1ban tev\u00e9kenyked\u0151 kutat\u00f3csoport mutatta be munk\u00e1j\u00e1t.<\/p>\n","protected":false},"author":101282,"featured_media":84565,"comment_status":"closed","ping_status":"closed","sticky":false,"template":"","format":"standard","meta":{"_acf_changed":false,"footnotes":""},"categories":[161],"tags":[188],"class_list":["post-84556","post","type-post","status-publish","format-standard","has-post-thumbnail","hentry","category-tudomany","tag-tudomanyos-hirek-rendezvenyek"],"acf":[],"_links":{"self":[{"href":"https:\/\/semmelweis.hu\/hirek\/wp-json\/wp\/v2\/posts\/84556","targetHints":{"allow":["GET"]}}],"collection":[{"href":"https:\/\/semmelweis.hu\/hirek\/wp-json\/wp\/v2\/posts"}],"about":[{"href":"https:\/\/semmelweis.hu\/hirek\/wp-json\/wp\/v2\/types\/post"}],"author":[{"embeddable":true,"href":"https:\/\/semmelweis.hu\/hirek\/wp-json\/wp\/v2\/users\/101282"}],"replies":[{"embeddable":true,"href":"https:\/\/semmelweis.hu\/hirek\/wp-json\/wp\/v2\/comments?post=84556"}],"version-history":[{"count":8,"href":"https:\/\/semmelweis.hu\/hirek\/wp-json\/wp\/v2\/posts\/84556\/revisions"}],"predecessor-version":[{"id":84631,"href":"https:\/\/semmelweis.hu\/hirek\/wp-json\/wp\/v2\/posts\/84556\/revisions\/84631"}],"wp:featuredmedia":[{"embeddable":true,"href":"https:\/\/semmelweis.hu\/hirek\/wp-json\/wp\/v2\/media\/84565"}],"wp:attachment":[{"href":"https:\/\/semmelweis.hu\/hirek\/wp-json\/wp\/v2\/media?parent=84556"}],"wp:term":[{"taxonomy":"category","embeddable":true,"href":"https:\/\/semmelweis.hu\/hirek\/wp-json\/wp\/v2\/categories?post=84556"},{"taxonomy":"post_tag","embeddable":true,"href":"https:\/\/semmelweis.hu\/hirek\/wp-json\/wp\/v2\/tags?post=84556"}],"curies":[{"name":"wp","href":"https:\/\/api.w.org\/{rel}","templated":true}]}}