{"id":84543,"date":"2019-05-06T13:54:16","date_gmt":"2019-05-06T11:54:16","guid":{"rendered":"http:\/\/semmelweis.hu\/hirek\/?p=84543"},"modified":"2019-05-07T10:17:22","modified_gmt":"2019-05-07T08:17:22","slug":"az-en-egyetemem-dr-zelko-romana-es-a-gytk-hogyes-tombjenek-tanterme","status":"publish","type":"post","link":"https:\/\/semmelweis.hu\/hirek\/2019\/05\/06\/az-en-egyetemem-dr-zelko-romana-es-a-gytk-hogyes-tombjenek-tanterme\/","title":{"rendered":"Az \u00e9n egyetemem \u2013 dr. Zelk\u00f3 Rom\u00e1na \u00e9s a GYTK H\u0151gyes t\u00f6mbj\u00e9nek tanterme"},"content":{"rendered":"<p>\u201eA legmaradand\u00f3bb \u00e9lm\u00e9nyem ebb\u0151l a teremb\u0151l m\u00e9g egyetemista koromb\u00f3l sz\u00e1rmazik\u201d \u2013 id\u00e9zte fel a 120 \u00e9ves el\u0151ad\u00f3teremben s\u00e9t\u00e1lva dr. Zelk\u00f3 Rom\u00e1na, a Gy\u00f3gyszer\u00e9sztudom\u00e1nyi Kar d\u00e9k\u00e1nja. M\u00e1sod\u00e9ves gy\u00f3gyszer\u00e9szhallgat\u00f3 koromban a szigor\u00e1r\u00f3l elh\u00edres\u00fclt Szab\u00f3 L\u00e1szl\u00f3 professzor szerves k\u00e9mia el\u0151ad\u00e1sain j\u00e1rtam itt el\u0151sz\u00f6r. 30 \u00e9vvel ezel\u0151tt m\u00e9g egyetlen darab kr\u00e9t\u00e1val a kez\u00e9ben vitte v\u00e9gig a 2 x 45 perces dupla \u00f3r\u00e1kat, csak \u00edrta a t\u00e1bl\u00e1ra a v\u00e9gel\u00e1thatatlan reakci\u00f3sorokat, ez sz\u00e1momra fantasztikus \u00e9lm\u00e9ny volt \u2013 mes\u00e9lte a d\u00e9k\u00e1n. Hozz\u00e1tette: azokon az \u00f3r\u00e1kon nem vezettek katal\u00f3gust, a 160 f\u0151s tanterem m\u00e9gis mindig tele volt hallgat\u00f3kkal. Felid\u00e9zte, hogy a harmadik sorban k\u00f6z\u00e9pen szeretett \u00fclni, mert onnan lehetett legjobban l\u00e1tni a t\u00e1bl\u00e1t, \u00e9s ott m\u00e9g nem volt olyan meleg, mint a feljebbi sorokban.<a href=\"https:\/\/semmelweis.hu\/hirek\/files\/2019\/04\/RS93146_IMG_9601-scr.jpg\"><img loading=\"lazy\" decoding=\"async\" class=\"aligncenter wp-image-84546 size-full\" src=\"https:\/\/semmelweis.hu\/hirek\/files\/2019\/04\/RS93146_IMG_9601-scr.jpg\" alt=\"\" width=\"950\" height=\"633\" srcset=\"https:\/\/semmelweis.hu\/hirek\/files\/2019\/04\/RS93146_IMG_9601-scr.jpg 950w, https:\/\/semmelweis.hu\/hirek\/files\/2019\/04\/RS93146_IMG_9601-scr-400x267.jpg 400w, https:\/\/semmelweis.hu\/hirek\/files\/2019\/04\/RS93146_IMG_9601-scr-768x512.jpg 768w, https:\/\/semmelweis.hu\/hirek\/files\/2019\/04\/RS93146_IMG_9601-scr-800x533.jpg 800w, https:\/\/semmelweis.hu\/hirek\/files\/2019\/04\/RS93146_IMG_9601-scr-600x400.jpg 600w, https:\/\/semmelweis.hu\/hirek\/files\/2019\/04\/RS93146_IMG_9601-scr-753x502.jpg 753w, https:\/\/semmelweis.hu\/hirek\/files\/2019\/04\/RS93146_IMG_9601-scr-203x135.jpg 203w\" sizes=\"auto, (max-width: 950px) 100vw, 950px\" \/><\/a>Ma m\u00e1r oktat\u00f3k\u00e9nt \u00e1ll itt, \u00e9s tart negyed-\u00f6t\u00f6d\u00e9ves hallgat\u00f3knak gy\u00f3gyszer\u00fcgyi ismeret el\u0151ad\u00e1sokat. \u201eEnnek a helynek van egy olyan szelleme, ami egyfajta k\u00f6vetelm\u00e9nyt \u00e1ll\u00edt az ember fel\u00e9; minden alkalommal \u00fagy l\u00e9pek be ide, hogy nekem itt adnom kell\u201d \u2013 fogalmazott. Dr. Zelk\u00f3 Rom\u00e1na \u00fagy v\u00e9li, a di\u00e1koknak kell, hogy legyen egyfajta bels\u0151 ind\u00edttat\u00e1sa, hogy bej\u00e1rjanak az \u00f3r\u00e1kra, az viszont m\u00e1r az oktat\u00f3n m\u00falik, hogy sz\u00edvesen tegy\u00e9k azt. \u0150, mint mondta igyekszik motiv\u00e1lni \u00e9s nem pedig k\u00f6telezni a hallgat\u00f3kat a r\u00e9szv\u00e9telre: az el\u0151ad\u00e1s v\u00e9g\u00e9n r\u00f6vid k\u00e9rd\u00e9seket tesz fel, aki erre helyesen v\u00e1laszol, a f\u00e9l\u00e9v sor\u00e1n bizonyos sz\u00e1zal\u00e9k felett vizsgakedvezm\u00e9nyt kap.<\/p>\n<p><a href=\"https:\/\/semmelweis.hu\/hirek\/files\/2019\/04\/RS93139_IMG_9631-scr.jpg\"><img loading=\"lazy\" decoding=\"async\" class=\"size-medium wp-image-84545 alignright\" src=\"https:\/\/semmelweis.hu\/hirek\/files\/2019\/04\/RS93139_IMG_9631-scr-400x267.jpg\" alt=\"\" width=\"400\" height=\"267\" srcset=\"https:\/\/semmelweis.hu\/hirek\/files\/2019\/04\/RS93139_IMG_9631-scr-400x267.jpg 400w, https:\/\/semmelweis.hu\/hirek\/files\/2019\/04\/RS93139_IMG_9631-scr-768x512.jpg 768w, https:\/\/semmelweis.hu\/hirek\/files\/2019\/04\/RS93139_IMG_9631-scr-800x533.jpg 800w, https:\/\/semmelweis.hu\/hirek\/files\/2019\/04\/RS93139_IMG_9631-scr-600x400.jpg 600w, https:\/\/semmelweis.hu\/hirek\/files\/2019\/04\/RS93139_IMG_9631-scr-753x502.jpg 753w, https:\/\/semmelweis.hu\/hirek\/files\/2019\/04\/RS93139_IMG_9631-scr-203x135.jpg 203w, https:\/\/semmelweis.hu\/hirek\/files\/2019\/04\/RS93139_IMG_9631-scr.jpg 950w\" sizes=\"auto, (max-width: 400px) 100vw, 400px\" \/><\/a>\u201eSzeretem a tanterem m\u00falt sz\u00e1zad elej\u00e9t id\u00e9z\u0151 hangulat\u00e1t\u201d \u2013 emelte ki, hozz\u00e1t\u00e9ve, hogy a 2001-es fel\u00faj\u00edt\u00e1s keret\u00e9ben, a kar t\u00f6bb oktat\u00f3j\u00e1nak adom\u00e1nyait is felhaszn\u00e1lva, korszer\u0171s\u00edtett\u00e9k a vil\u00e1g\u00edt\u00e1s- \u00e9s el\u0151ad\u00e1stechnik\u00e1t, a padokat \u00e9s a pulpitust is rendbe hozt\u00e1k, meg\u0151rizve a hely \u00e9rt\u00e9keit.<\/p>\n<p>Dr. Zelk\u00f3 Rom\u00e1na 1991-ben diplom\u00e1zott, ezt k\u00f6vet\u0151en gyakornokk\u00e9nt helyezkedett el a Gy\u00f3gyszer\u00e9szeti Int\u00e9zetben, ahol eg\u00e9szen 2000-ig dolgozott. 19 \u00e9ve pedig az Egyetemi Gy\u00f3gyszert\u00e1r Gy\u00f3gyszer\u00fcgyi Szervez\u00e9si Int\u00e9zetben tev\u00e9kenykedik, jelenleg igazgat\u00f3k\u00e9nt, ahol az oktat\u00e1s \u00e9s kutat\u00e1s mellett az egyetem gy\u00f3gyszerell\u00e1t\u00e1s\u00e1t is biztos\u00edtj\u00e1k. Dr. Zelk\u00f3 Rom\u00e1n\u00e1t 2013. j\u00falius 1-\u00e9n nevezt\u00e9k ki a Gy\u00f3gyszer\u00e9sztudom\u00e1nyi Kar d\u00e9k\u00e1nj\u00e1v\u00e1.<\/p>\n<p>B\u00f3di Bernadett<br \/>\nFot\u00f3: Kov\u00e1cs Attila &#8211; Semmelweis Egyetem<\/p>\n<p><em>Cikksorozatunkban egyetemi polg\u00e1rokat k\u00e9r\u00fcnk arra, hogy mutass\u00e1k meg a kedvenc egyetemi helysz\u00edn\u00fcket. Az alap\u00edt\u00e1s 250. jubileuma alkalm\u00e1b\u00f3l ind\u00edtott sorozat tov\u00e1bbi r\u00e9szei megtekinthet\u0151k a <\/em><a href=\"https:\/\/semmelweis.hu\/250\/\" target=\"_blank\" rel=\"noopener noreferrer\"><em>Semmelweis 250 honlapon<\/em><\/a><em>.<\/em><\/p>\n","protected":false},"excerpt":{"rendered":"<p>Ennek a helynek van egy olyan szelleme, ami egyfajta k\u00f6vetelm\u00e9nyt \u00e1ll\u00edt az ember fel\u00e9 &#8211; mondja a GYTK d\u00e9k\u00e1nja.<\/p>\n","protected":false},"author":101282,"featured_media":84544,"comment_status":"closed","ping_status":"closed","sticky":false,"template":"","format":"standard","meta":{"_acf_changed":false,"footnotes":""},"categories":[157,168],"tags":[4221,4237,4218],"class_list":["post-84543","post","type-post","status-publish","format-standard","has-post-thumbnail","hentry","category-semmelweis-vilag","category-kiemelt","tag-az-en-egyetemem","tag-jubileumi-cikksorozat","tag-semmelweis-250"],"acf":[],"_links":{"self":[{"href":"https:\/\/semmelweis.hu\/hirek\/wp-json\/wp\/v2\/posts\/84543","targetHints":{"allow":["GET"]}}],"collection":[{"href":"https:\/\/semmelweis.hu\/hirek\/wp-json\/wp\/v2\/posts"}],"about":[{"href":"https:\/\/semmelweis.hu\/hirek\/wp-json\/wp\/v2\/types\/post"}],"author":[{"embeddable":true,"href":"https:\/\/semmelweis.hu\/hirek\/wp-json\/wp\/v2\/users\/101282"}],"replies":[{"embeddable":true,"href":"https:\/\/semmelweis.hu\/hirek\/wp-json\/wp\/v2\/comments?post=84543"}],"version-history":[{"count":8,"href":"https:\/\/semmelweis.hu\/hirek\/wp-json\/wp\/v2\/posts\/84543\/revisions"}],"predecessor-version":[{"id":84973,"href":"https:\/\/semmelweis.hu\/hirek\/wp-json\/wp\/v2\/posts\/84543\/revisions\/84973"}],"wp:featuredmedia":[{"embeddable":true,"href":"https:\/\/semmelweis.hu\/hirek\/wp-json\/wp\/v2\/media\/84544"}],"wp:attachment":[{"href":"https:\/\/semmelweis.hu\/hirek\/wp-json\/wp\/v2\/media?parent=84543"}],"wp:term":[{"taxonomy":"category","embeddable":true,"href":"https:\/\/semmelweis.hu\/hirek\/wp-json\/wp\/v2\/categories?post=84543"},{"taxonomy":"post_tag","embeddable":true,"href":"https:\/\/semmelweis.hu\/hirek\/wp-json\/wp\/v2\/tags?post=84543"}],"curies":[{"name":"wp","href":"https:\/\/api.w.org\/{rel}","templated":true}]}}